{"id":968,"date":"2020-09-02T01:57:04","date_gmt":"2020-09-02T01:57:04","guid":{"rendered":"https:\/\/lasfuentesid.com\/?p=968"},"modified":"2020-11-28T00:16:18","modified_gmt":"2020-11-28T00:16:18","slug":"programa-para-instructores","status":"publish","type":"post","link":"https:\/\/lasfuentesid.com\/index.php\/2020\/09\/02\/programa-para-instructores\/","title":{"rendered":"Programa para Instructores"},"content":{"rendered":"\n<p>La Fraternidad Infantil Cristiana ha incorporado a hermanos adultos y j\u00f3venes a la labor tan importante en la iglesia como es la atenci\u00f3n de los ni\u00f1os y ni\u00f1as. Hay diversos hermanos de la iglesia, apoyando en esta labor, ya que la ense\u00f1anza de la sana doctrina a los ni\u00f1os de la iglesia; es un ministerio, el cual debe ser llevado con gran celo, responsabilidad y santidad por quienes lo ejercen.<\/p>\n\n\n\n<p>Los hermanos instructores de la fraternidad, prestan su apoyo a mediano y largo plazo, lo cual ha sido \u00fatil, para elevar la calidad de la ense\u00f1anza y orientarla hacia un car\u00e1cter formativo. Este proyecto, adem\u00e1s de beneficiar a los ni\u00f1os, coadyuvar\u00e1 a propiciar el crecimiento espiritual de los participantes como instructores, pues les permitir\u00e1 conocer mejor y afianzar su fe en la doctrina de la iglesia de Dios. Y en un futuro, sobre todo a los j\u00f3venes, les ser\u00e1 de gran apoyo para presidir alguna fraternidad o incluso iniciar una carrera ministerial. <\/p>\n\n\n\n<p>Propiciar el crecimiento espiritual de aquellos hermanos que tienen un don y lo quieren poner al servicio de Dios, ense\u00f1ando la sana doctrina a los ni\u00f1os de la iglesia. Proporcion\u00e1ndoles a ellos el espacio, para qu\u00e9 mediante la instrucci\u00f3n de ni\u00f1os, conozcan mejor la doctrina de la iglesia de Dios y confirmen su fe. Los requisitos m\u00ednimos para ser instructores de ni\u00f1os, son los siguientes: <\/p>\n\n\n\n<ol class=\"wp-block-list\"><li>Miembros bautizados, en caso de no serlo, que manifiesten expresamente el prop\u00f3sito de bautizarse en fecha pr\u00f3xima. <strong>Hec. 8: 36.<\/strong><\/li><li>Tengan aptitudes para ense\u00f1ar. <strong>2\u00aa. Tim. 2: 2.<\/strong><\/li><li>Temerosos de Dios y de buen testimonio en la iglesia. <strong>Exo. 18: 21.<\/strong><\/li><li>Asistan regularmente y guarden el s\u00e1bado con su familia. <strong>Lev. 26:2.<\/strong><\/li><li>Que practiquen el diezmo, las ofrendas y limosnas. <strong>2\u00aa Cor. 9:7<\/strong>.<\/li><li>Conozcan y tengan cuidado de la doctrina. <strong>1\u00aa. Tim. 3: 16.<\/strong><\/li><\/ol>\n\n\n\n<p><br><\/p>\n\n\n\n<div class=\"wp-block-image\"><figure class=\"aligncenter size-large is-resized\"><img fetchpriority=\"high\" decoding=\"async\" src=\"https:\/\/lasfuentesid.com\/wp-content\/uploads\/2020\/09\/programaInstructores_img1.jpg\" alt=\"\" class=\"wp-image-970\" width=\"586\" height=\"440\" srcset=\"https:\/\/lasfuentesid.com\/wp-content\/uploads\/2020\/09\/programaInstructores_img1.jpg 480w, https:\/\/lasfuentesid.com\/wp-content\/uploads\/2020\/09\/programaInstructores_img1-300x225.jpg 300w, https:\/\/lasfuentesid.com\/wp-content\/uploads\/2020\/09\/programaInstructores_img1-360x270.jpg 360w\" sizes=\"(max-width: 586px) 100vw, 586px\" \/><\/figure><\/div>\n\n\n\n<h2 class=\"has-text-align-center wp-block-heading\">Firma de una Carta compromiso<\/h2>\n\n\n\n<p>Los instructores deber\u00e1n de firmar una carta compromiso con el Pastor y Ministerio Local de la iglesia. Mediante dicha carta, asumir\u00e1n el compromiso por escrito de trabajar en la Fraternidad Infantil Cristiana (FIC) sujet\u00e1ndose a la doctrina, disciplina y los reglamentos de la iglesia, expresando tambi\u00e9n su voluntad de trabajar con gran solicitud y responsabilidad, as\u00ed como apoyar en todos los aspectos el trabajo de los ni\u00f1os.<\/p>\n\n\n\n<ul class=\"wp-block-list\"><li><strong>Instructores de Escuela Sab\u00e1tica.<\/strong> Los hermanos y hermanas se iniciar\u00e1n en el \u201cMinisterio de la Ense\u00f1anza\u201d, como instructores de Escuela Sab\u00e1tica. Este tiempo les servir\u00e1 para completar y confirmar sus conocimientos doctrinales, desarrollar sus dones y aptitudes en la ense\u00f1anza, mejorar la comunicaci\u00f3n con los ni\u00f1os; conocer, identificarse y sentirse comprometidos con los objetivos y metas del Programa.<br><br><\/li><li><strong>Inducci\u00f3n al Trabajo.<\/strong> Se deber\u00e1 involucrar gradualmente a los nuevos instructores, en todos los aspectos de trabajo del FIC, a fin de que conozcan las l\u00edneas generales, los objetivos y metas establecidas en el mediano plazo, as\u00ed como las acciones que conforman el programa anual con los objetivos y metas de cada a\u00f1o.<\/li><\/ul>\n\n\n\n<p><br>Sobre este marco de referencia, deber\u00e1n asignarse funciones y responsabilidades a cada uno de ellos, a fin de que contribuyan:<br><br><\/p>\n\n\n\n<blockquote class=\"wp-block-quote is-layout-flow wp-block-quote-is-layout-flow\"><p>a) La conformaci\u00f3n de los programas trimestrales.<br><br>b) El desarrollo de las gu\u00edas para los temas de instrucci\u00f3n.<br><br>c) Ideando las actividades para reforzar los temas que se imparten.<br><br>d) Creando y estableciendo los controles de asistencia, trabajo y evaluaci\u00f3n de los ni\u00f1os durante cada trimestre, as\u00ed como los de est\u00edmulos y reconocimientos a los ni\u00f1os de mayor aprovechamiento.<\/p><\/blockquote>\n\n\n\n<p><br><\/p>\n\n\n\n<div class=\"wp-block-image\"><figure class=\"aligncenter size-large is-resized\"><img decoding=\"async\" data-src=\"https:\/\/lasfuentesid.com\/wp-content\/uploads\/2020\/09\/programaInstructores_img4.jpg\" alt=\"\" class=\"wp-image-971 lazyload\" width=\"591\" height=\"346\" data-srcset=\"https:\/\/lasfuentesid.com\/wp-content\/uploads\/2020\/09\/programaInstructores_img4.jpg 512w, https:\/\/lasfuentesid.com\/wp-content\/uploads\/2020\/09\/programaInstructores_img4-300x176.jpg 300w, https:\/\/lasfuentesid.com\/wp-content\/uploads\/2020\/09\/programaInstructores_img4-461x270.jpg 461w\" data-sizes=\"(max-width: 591px) 100vw, 591px\" src=\"data:image\/svg+xml;base64,PHN2ZyB3aWR0aD0iMSIgaGVpZ2h0PSIxIiB4bWxucz0iaHR0cDovL3d3dy53My5vcmcvMjAwMC9zdmciPjwvc3ZnPg==\" style=\"--smush-placeholder-width: 591px; --smush-placeholder-aspect-ratio: 591\/346;\" \/><\/figure><\/div>\n\n\n\n<h2 class=\"has-text-align-left wp-block-heading\">Responsables del Proyecto<\/h2>\n\n\n\n<p>El Proyecto comprende una gama de actividades que se desarrollar\u00e1n durante todo el a\u00f1o. Abarca la organizaci\u00f3n de diferentes secciones:<\/p>\n\n\n\n<blockquote class=\"wp-block-quote is-layout-flow wp-block-quote-is-layout-flow\"><p>I. Escuela Sab\u00e1tica.<br><br>II. Mensaje Matutino.<br><br>III. Mensaje Vespertino.<br><br>IV. Actividades en el horario de Fraternidades en general.<br><br>V. Preparaci\u00f3n para asistencia a las Reuniones regionales.<\/p><\/blockquote>\n\n\n\n<p><br>Existe muchos hermanos j\u00f3venes y adultos, que tienen, o est\u00e1n llevando, una preparaci\u00f3n universitaria. Algunos de ellos conocen la doctrina de la iglesia de Dios y tienen un don recibido del alt\u00edsimo, est\u00e1n dispuestos a ponerlo a su servicio como instructores de ni\u00f1os. Otros sin estudios, conocen la doctrina y tienen el deseo de trabajar a favor de los ni\u00f1os de la iglesia, a fin de que la ministraci\u00f3n del don que han recibido sea eficaz. La sagrada escritura nos ense\u00f1a, que estos dones deben ser usados o administrados conforme a la medida de la fe: <\/p>\n\n\n\n<blockquote class=\"wp-block-quote is-layout-flow wp-block-quote-is-layout-flow\"><p>De manera que, teniendo diferentes dones, seg\u00fan la gracia que nos es dada, si el de profec\u00eda, \u00fasese conforme a la medida de la fe, o si de servicio, en servir o el que ense\u00f1a, en la ense\u00f1anza. Romanos 12: 6 y 7 <\/p><\/blockquote>\n\n\n\n<p><br>El uso de estos dones al servicio de Dios, constituye un ministerio: \u201cEl Ministerio de la Ense\u00f1anza\u201d. El ministerio de la ense\u00f1anza dentro de la Iglesia de Dios, debe realizarse reconociendo que la instrucci\u00f3n a los ni\u00f1os es un deber de los padres y de la iglesia: <\/p>\n\n\n\n<blockquote class=\"wp-block-quote is-layout-flow wp-block-quote-is-layout-flow\"><p>Instruye al ni\u00f1o en su carrera y aun cuando fuere viejo no se apartara de ella. Proverbios 22:6<\/p><\/blockquote>\n\n\n\n<p><br>Respetando, entre otros, los siguientes principios que establece la palabra de Dios para este ministerio:<\/p>\n\n\n\n<ul class=\"wp-block-list\"><li>Ense\u00f1ar con verdad el camino de Dios. <strong>Mar. 12: 14<\/strong>.<\/li><li>Lo que conviene a la sana doctrina. <strong>Tito 2:1.<\/strong><\/li><li>Instruir con fundamento en la Palabra de Dios. <strong>2 Tim. 3:16.<\/strong><\/li><li>No con palabras de humana sabidur\u00eda, sino espiritualmente. <strong>1\u00aa. Cor. 2: 13.<\/strong><\/li><li>Reprendiendo y exhortando con toda paciencia y doctrina. <strong>2 Tim. 4: 2.<\/strong><\/li><li>Hablando y ense\u00f1ando rectamente. <strong>Luc. 20: 21.<\/strong><\/li><\/ul>\n\n\n\n<p><br>El \u00e9xito del proyecto depende de la oraci\u00f3n constante a Dios de todos, la colaboraci\u00f3n rec\u00edproca del ministerio local, instructores, y colaboradores. El trabajo no termina al finalizar el trimestre o el a\u00f1o; sino hasta que todos lleguemos a la unidad de la fe y del conocimiento del hijo de Dios.<br><br><\/p>\n\n\n\n<div class=\"wp-block-image\"><figure class=\"aligncenter size-large is-resized\"><img decoding=\"async\" data-src=\"https:\/\/lasfuentesid.com\/wp-content\/uploads\/2020\/09\/programaInstructores_img2-1024x576.jpeg\" alt=\"\" class=\"wp-image-972 lazyload\" width=\"588\" height=\"330\" data-srcset=\"https:\/\/lasfuentesid.com\/wp-content\/uploads\/2020\/09\/programaInstructores_img2-1024x576.jpeg 1024w, https:\/\/lasfuentesid.com\/wp-content\/uploads\/2020\/09\/programaInstructores_img2-300x169.jpeg 300w, https:\/\/lasfuentesid.com\/wp-content\/uploads\/2020\/09\/programaInstructores_img2-768x432.jpeg 768w, https:\/\/lasfuentesid.com\/wp-content\/uploads\/2020\/09\/programaInstructores_img2-480x270.jpeg 480w, https:\/\/lasfuentesid.com\/wp-content\/uploads\/2020\/09\/programaInstructores_img2.jpeg 1200w\" data-sizes=\"(max-width: 588px) 100vw, 588px\" src=\"data:image\/svg+xml;base64,PHN2ZyB3aWR0aD0iMSIgaGVpZ2h0PSIxIiB4bWxucz0iaHR0cDovL3d3dy53My5vcmcvMjAwMC9zdmciPjwvc3ZnPg==\" style=\"--smush-placeholder-width: 588px; --smush-placeholder-aspect-ratio: 588\/330;\" \/><\/figure><\/div>\n\n\n\n<h2 class=\"has-text-align-center wp-block-heading\">Evaluaci\u00f3n del Proyecto<\/h2>\n\n\n\n<p>Cada una de las acciones o actividades del proyecto ser\u00e1n evaluadas anualmente, compar\u00e1ndolas con los objetivos y los resultados esperados, establecidos en el Programa Anual de Trabajo.<\/p>\n\n\n\n<p>La evaluaci\u00f3n har\u00e1 en el informe anual del Proyecto General, dirigido al ministerio local; de ser necesario, se modificar\u00e1n las metas del Proyecto conforme a las recomendaciones hechas por el Pastor de la iglesia, y las indicadas por el resto del ministerio local, que se deriven de la revisi\u00f3n de dicho informe.<br><br><\/p>\n\n\n\n<div class=\"wp-block-image\"><figure class=\"aligncenter size-large is-resized\"><img decoding=\"async\" data-src=\"https:\/\/lasfuentesid.com\/wp-content\/uploads\/2020\/09\/programaInstructores_img5.jpg\" alt=\"\" class=\"wp-image-973 lazyload\" width=\"590\" height=\"328\" data-srcset=\"https:\/\/lasfuentesid.com\/wp-content\/uploads\/2020\/09\/programaInstructores_img5.jpg 825w, https:\/\/lasfuentesid.com\/wp-content\/uploads\/2020\/09\/programaInstructores_img5-300x167.jpg 300w, https:\/\/lasfuentesid.com\/wp-content\/uploads\/2020\/09\/programaInstructores_img5-768x428.jpg 768w, https:\/\/lasfuentesid.com\/wp-content\/uploads\/2020\/09\/programaInstructores_img5-484x270.jpg 484w\" data-sizes=\"(max-width: 590px) 100vw, 590px\" src=\"data:image\/svg+xml;base64,PHN2ZyB3aWR0aD0iMSIgaGVpZ2h0PSIxIiB4bWxucz0iaHR0cDovL3d3dy53My5vcmcvMjAwMC9zdmciPjwvc3ZnPg==\" style=\"--smush-placeholder-width: 590px; --smush-placeholder-aspect-ratio: 590\/328;\" \/><\/figure><\/div>\n\n\n\n<h2 class=\"has-text-align-center wp-block-heading\">La Ense\u00f1anza de Ni\u00f1os, un Ministerio<\/h2>\n\n\n\n<ul class=\"wp-block-list\"><li>El ni\u00f1o en el contexto del prop\u00f3sito de Dios para el hombre.<\/li><li>El ni\u00f1o heredero de las promesas de Dios.<\/li><li>El ni\u00f1o parte de la familia cristiana.<\/li><li>Un miembro importante de la iglesia de Dios.<\/li><li>Los deberes rec\u00edprocos de Padres e hijos seg\u00fan la sagrada escritura.<\/li><li>La educaci\u00f3n cristiana de los ni\u00f1os. Su instrucci\u00f3n en la sana doctrina.<\/li><li>Principios y valores b\u00edblicos en los que se deben formar los ni\u00f1os.<\/li><li>El ministerio de la ense\u00f1anza.<\/li><li>Los mejores valores y principios del instructor para cumplir eficazmente su ministerio.<\/li><\/ul>\n\n\n\n<p><br><\/p>\n","protected":false},"excerpt":{"rendered":"<p>Procurando siempre cumplir con la instrucci\u00f3n que nos da la palabra de nuestro Dios y nuestro se\u00f1or Jesucristo en relaci\u00f3n al cuidado que debemos tener en la educaci\u00f3n espiritual de nuestros ni\u00f1os, el siguiente programa fue elaborado para preparar a los maestros de esta importante labor.<\/p>\n","protected":false},"author":20,"featured_media":969,"comment_status":"closed","ping_status":"closed","sticky":false,"template":"","format":"standard","meta":{"_monsterinsights_skip_tracking":false,"_monsterinsights_sitenote_active":false,"_monsterinsights_sitenote_note":"","_monsterinsights_sitenote_category":0,"footnotes":""},"categories":[99],"tags":[],"class_list":["post-968","post","type-post","status-publish","format-standard","has-post-thumbnail","hentry","category-fraternidad-infantil"],"yoast_head":"<!-- This site is optimized with the Yoast SEO plugin v25.6 - https:\/\/yoast.com\/wordpress\/plugins\/seo\/ -->\n<title>Programa para Instructores - Las Fuentes ID<\/title>\n<meta name=\"description\" content=\"Procurando siempre cumplir con la instrucci\u00f3n que nos da la palabra de nuestro Dios y nuestro se\u00f1or Jesucristo en relaci\u00f3n al cuidado que debemos tener en la educaci\u00f3n espiritual de nuestros ni\u00f1os, el siguiente programa fue elaborado para preparar a los maestros de esta importante labor.\" \/>\n<meta name=\"robots\" content=\"index, follow, max-snippet:-1, max-image-preview:large, max-video-preview:-1\" \/>\n<link rel=\"canonical\" href=\"https:\/\/lasfuentesid.com\/index.php\/2020\/09\/02\/programa-para-instructores\/\" \/>\n<meta property=\"og:locale\" content=\"es_ES\" \/>\n<meta property=\"og:type\" content=\"article\" \/>\n<meta property=\"og:title\" content=\"Programa para Instructores - Las Fuentes ID\" \/>\n<meta property=\"og:description\" content=\"Procurando siempre cumplir con la instrucci\u00f3n que nos da la palabra de nuestro Dios y nuestro se\u00f1or Jesucristo en relaci\u00f3n al cuidado que debemos tener en la educaci\u00f3n espiritual de nuestros ni\u00f1os, el siguiente programa fue elaborado para preparar a los maestros de esta importante labor.\" \/>\n<meta property=\"og:url\" content=\"https:\/\/lasfuentesid.com\/index.php\/2020\/09\/02\/programa-para-instructores\/\" \/>\n<meta property=\"og:site_name\" content=\"Las Fuentes ID\" \/>\n<meta property=\"article:published_time\" content=\"2020-09-02T01:57:04+00:00\" \/>\n<meta property=\"article:modified_time\" content=\"2020-11-28T00:16:18+00:00\" \/>\n<meta property=\"og:image\" content=\"https:\/\/lasfuentesid.com\/wp-content\/uploads\/2020\/09\/miniatura_programaInstructores.jpg\" \/>\n\t<meta property=\"og:image:width\" content=\"1280\" \/>\n\t<meta property=\"og:image:height\" content=\"720\" \/>\n\t<meta property=\"og:image:type\" content=\"image\/jpeg\" \/>\n<meta name=\"author\" content=\"Hna. Gloria P\u00e9rez\" \/>\n<meta name=\"twitter:card\" content=\"summary_large_image\" \/>\n<meta name=\"twitter:label1\" content=\"Escrito por\" \/>\n\t<meta name=\"twitter:data1\" content=\"Hna. Gloria P\u00e9rez\" \/>\n\t<meta name=\"twitter:label2\" content=\"Tiempo de lectura\" \/>\n\t<meta name=\"twitter:data2\" content=\"6 minutos\" \/>\n<script type=\"application\/ld+json\" class=\"yoast-schema-graph\">{\"@context\":\"https:\/\/schema.org\",\"@graph\":[{\"@type\":\"Article\",\"@id\":\"https:\/\/lasfuentesid.com\/index.php\/2020\/09\/02\/programa-para-instructores\/#article\",\"isPartOf\":{\"@id\":\"https:\/\/lasfuentesid.com\/index.php\/2020\/09\/02\/programa-para-instructores\/\"},\"author\":{\"name\":\"Hna. Gloria P\u00e9rez\",\"@id\":\"https:\/\/lasfuentesid.com\/#\/schema\/person\/95e9c97d118fb682e45acc00e8d3be7f\"},\"headline\":\"Programa para Instructores\",\"datePublished\":\"2020-09-02T01:57:04+00:00\",\"dateModified\":\"2020-11-28T00:16:18+00:00\",\"mainEntityOfPage\":{\"@id\":\"https:\/\/lasfuentesid.com\/index.php\/2020\/09\/02\/programa-para-instructores\/\"},\"wordCount\":1186,\"publisher\":{\"@id\":\"https:\/\/lasfuentesid.com\/#organization\"},\"image\":{\"@id\":\"https:\/\/lasfuentesid.com\/index.php\/2020\/09\/02\/programa-para-instructores\/#primaryimage\"},\"thumbnailUrl\":\"https:\/\/lasfuentesid.com\/wp-content\/uploads\/2020\/09\/miniatura_programaInstructores.jpg\",\"articleSection\":[\"Fraternidad Infantil\"],\"inLanguage\":\"es\"},{\"@type\":\"WebPage\",\"@id\":\"https:\/\/lasfuentesid.com\/index.php\/2020\/09\/02\/programa-para-instructores\/\",\"url\":\"https:\/\/lasfuentesid.com\/index.php\/2020\/09\/02\/programa-para-instructores\/\",\"name\":\"Programa para Instructores - Las Fuentes ID\",\"isPartOf\":{\"@id\":\"https:\/\/lasfuentesid.com\/#website\"},\"primaryImageOfPage\":{\"@id\":\"https:\/\/lasfuentesid.com\/index.php\/2020\/09\/02\/programa-para-instructores\/#primaryimage\"},\"image\":{\"@id\":\"https:\/\/lasfuentesid.com\/index.php\/2020\/09\/02\/programa-para-instructores\/#primaryimage\"},\"thumbnailUrl\":\"https:\/\/lasfuentesid.com\/wp-content\/uploads\/2020\/09\/miniatura_programaInstructores.jpg\",\"datePublished\":\"2020-09-02T01:57:04+00:00\",\"dateModified\":\"2020-11-28T00:16:18+00:00\",\"description\":\"Procurando siempre cumplir con la instrucci\u00f3n que nos da la palabra de nuestro Dios y nuestro se\u00f1or Jesucristo en relaci\u00f3n al cuidado que debemos tener en la educaci\u00f3n espiritual de nuestros ni\u00f1os, el siguiente programa fue elaborado para preparar a los maestros de esta importante labor.\",\"breadcrumb\":{\"@id\":\"https:\/\/lasfuentesid.com\/index.php\/2020\/09\/02\/programa-para-instructores\/#breadcrumb\"},\"inLanguage\":\"es\",\"potentialAction\":[{\"@type\":\"ReadAction\",\"target\":[\"https:\/\/lasfuentesid.com\/index.php\/2020\/09\/02\/programa-para-instructores\/\"]}]},{\"@type\":\"ImageObject\",\"inLanguage\":\"es\",\"@id\":\"https:\/\/lasfuentesid.com\/index.php\/2020\/09\/02\/programa-para-instructores\/#primaryimage\",\"url\":\"https:\/\/lasfuentesid.com\/wp-content\/uploads\/2020\/09\/miniatura_programaInstructores.jpg\",\"contentUrl\":\"https:\/\/lasfuentesid.com\/wp-content\/uploads\/2020\/09\/miniatura_programaInstructores.jpg\",\"width\":1280,\"height\":720},{\"@type\":\"BreadcrumbList\",\"@id\":\"https:\/\/lasfuentesid.com\/index.php\/2020\/09\/02\/programa-para-instructores\/#breadcrumb\",\"itemListElement\":[{\"@type\":\"ListItem\",\"position\":1,\"name\":\"Portada\",\"item\":\"https:\/\/lasfuentesid.com\/\"},{\"@type\":\"ListItem\",\"position\":2,\"name\":\"Programa para Instructores\"}]},{\"@type\":\"WebSite\",\"@id\":\"https:\/\/lasfuentesid.com\/#website\",\"url\":\"https:\/\/lasfuentesid.com\/\",\"name\":\"Iglesia de Dios Las Fuentes\",\"description\":\"Iglesia de Dios en Las Fuentes\",\"publisher\":{\"@id\":\"https:\/\/lasfuentesid.com\/#organization\"},\"potentialAction\":[{\"@type\":\"SearchAction\",\"target\":{\"@type\":\"EntryPoint\",\"urlTemplate\":\"https:\/\/lasfuentesid.com\/?s={search_term_string}\"},\"query-input\":{\"@type\":\"PropertyValueSpecification\",\"valueRequired\":true,\"valueName\":\"search_term_string\"}}],\"inLanguage\":\"es\"},{\"@type\":\"Organization\",\"@id\":\"https:\/\/lasfuentesid.com\/#organization\",\"name\":\"Iglesia de Dios en Las Fuentes\",\"url\":\"https:\/\/lasfuentesid.com\/\",\"logo\":{\"@type\":\"ImageObject\",\"inLanguage\":\"es\",\"@id\":\"https:\/\/lasfuentesid.com\/#\/schema\/logo\/image\/\",\"url\":\"\",\"contentUrl\":\"\",\"caption\":\"Iglesia de Dios en Las Fuentes\"},\"image\":{\"@id\":\"https:\/\/lasfuentesid.com\/#\/schema\/logo\/image\/\"},\"sameAs\":[\"https:\/\/www.youtube.com\/channel\/UCVMiqC-dmiK24eBW4B3_fow\"]},{\"@type\":\"Person\",\"@id\":\"https:\/\/lasfuentesid.com\/#\/schema\/person\/95e9c97d118fb682e45acc00e8d3be7f\",\"name\":\"Hna. Gloria P\u00e9rez\",\"url\":\"https:\/\/lasfuentesid.com\/index.php\/author\/gloria\/\"}]}<\/script>\n<!-- \/ Yoast SEO plugin. -->","yoast_head_json":{"title":"Programa para Instructores - Las Fuentes ID","description":"Procurando siempre cumplir con la instrucci\u00f3n que nos da la palabra de nuestro Dios y nuestro se\u00f1or Jesucristo en relaci\u00f3n al cuidado que debemos tener en la educaci\u00f3n espiritual de nuestros ni\u00f1os, el siguiente programa fue elaborado para preparar a los maestros de esta importante labor.","robots":{"index":"index","follow":"follow","max-snippet":"max-snippet:-1","max-image-preview":"max-image-preview:large","max-video-preview":"max-video-preview:-1"},"canonical":"https:\/\/lasfuentesid.com\/index.php\/2020\/09\/02\/programa-para-instructores\/","og_locale":"es_ES","og_type":"article","og_title":"Programa para Instructores - Las Fuentes ID","og_description":"Procurando siempre cumplir con la instrucci\u00f3n que nos da la palabra de nuestro Dios y nuestro se\u00f1or Jesucristo en relaci\u00f3n al cuidado que debemos tener en la educaci\u00f3n espiritual de nuestros ni\u00f1os, el siguiente programa fue elaborado para preparar a los maestros de esta importante labor.","og_url":"https:\/\/lasfuentesid.com\/index.php\/2020\/09\/02\/programa-para-instructores\/","og_site_name":"Las Fuentes ID","article_published_time":"2020-09-02T01:57:04+00:00","article_modified_time":"2020-11-28T00:16:18+00:00","og_image":[{"width":1280,"height":720,"url":"https:\/\/lasfuentesid.com\/wp-content\/uploads\/2020\/09\/miniatura_programaInstructores.jpg","type":"image\/jpeg"}],"author":"Hna. Gloria P\u00e9rez","twitter_card":"summary_large_image","twitter_misc":{"Escrito por":"Hna. Gloria P\u00e9rez","Tiempo de lectura":"6 minutos"},"schema":{"@context":"https:\/\/schema.org","@graph":[{"@type":"Article","@id":"https:\/\/lasfuentesid.com\/index.php\/2020\/09\/02\/programa-para-instructores\/#article","isPartOf":{"@id":"https:\/\/lasfuentesid.com\/index.php\/2020\/09\/02\/programa-para-instructores\/"},"author":{"name":"Hna. Gloria P\u00e9rez","@id":"https:\/\/lasfuentesid.com\/#\/schema\/person\/95e9c97d118fb682e45acc00e8d3be7f"},"headline":"Programa para Instructores","datePublished":"2020-09-02T01:57:04+00:00","dateModified":"2020-11-28T00:16:18+00:00","mainEntityOfPage":{"@id":"https:\/\/lasfuentesid.com\/index.php\/2020\/09\/02\/programa-para-instructores\/"},"wordCount":1186,"publisher":{"@id":"https:\/\/lasfuentesid.com\/#organization"},"image":{"@id":"https:\/\/lasfuentesid.com\/index.php\/2020\/09\/02\/programa-para-instructores\/#primaryimage"},"thumbnailUrl":"https:\/\/lasfuentesid.com\/wp-content\/uploads\/2020\/09\/miniatura_programaInstructores.jpg","articleSection":["Fraternidad Infantil"],"inLanguage":"es"},{"@type":"WebPage","@id":"https:\/\/lasfuentesid.com\/index.php\/2020\/09\/02\/programa-para-instructores\/","url":"https:\/\/lasfuentesid.com\/index.php\/2020\/09\/02\/programa-para-instructores\/","name":"Programa para Instructores - Las Fuentes ID","isPartOf":{"@id":"https:\/\/lasfuentesid.com\/#website"},"primaryImageOfPage":{"@id":"https:\/\/lasfuentesid.com\/index.php\/2020\/09\/02\/programa-para-instructores\/#primaryimage"},"image":{"@id":"https:\/\/lasfuentesid.com\/index.php\/2020\/09\/02\/programa-para-instructores\/#primaryimage"},"thumbnailUrl":"https:\/\/lasfuentesid.com\/wp-content\/uploads\/2020\/09\/miniatura_programaInstructores.jpg","datePublished":"2020-09-02T01:57:04+00:00","dateModified":"2020-11-28T00:16:18+00:00","description":"Procurando siempre cumplir con la instrucci\u00f3n que nos da la palabra de nuestro Dios y nuestro se\u00f1or Jesucristo en relaci\u00f3n al cuidado que debemos tener en la educaci\u00f3n espiritual de nuestros ni\u00f1os, el siguiente programa fue elaborado para preparar a los maestros de esta importante labor.","breadcrumb":{"@id":"https:\/\/lasfuentesid.com\/index.php\/2020\/09\/02\/programa-para-instructores\/#breadcrumb"},"inLanguage":"es","potentialAction":[{"@type":"ReadAction","target":["https:\/\/lasfuentesid.com\/index.php\/2020\/09\/02\/programa-para-instructores\/"]}]},{"@type":"ImageObject","inLanguage":"es","@id":"https:\/\/lasfuentesid.com\/index.php\/2020\/09\/02\/programa-para-instructores\/#primaryimage","url":"https:\/\/lasfuentesid.com\/wp-content\/uploads\/2020\/09\/miniatura_programaInstructores.jpg","contentUrl":"https:\/\/lasfuentesid.com\/wp-content\/uploads\/2020\/09\/miniatura_programaInstructores.jpg","width":1280,"height":720},{"@type":"BreadcrumbList","@id":"https:\/\/lasfuentesid.com\/index.php\/2020\/09\/02\/programa-para-instructores\/#breadcrumb","itemListElement":[{"@type":"ListItem","position":1,"name":"Portada","item":"https:\/\/lasfuentesid.com\/"},{"@type":"ListItem","position":2,"name":"Programa para Instructores"}]},{"@type":"WebSite","@id":"https:\/\/lasfuentesid.com\/#website","url":"https:\/\/lasfuentesid.com\/","name":"Iglesia de Dios Las Fuentes","description":"Iglesia de Dios en Las Fuentes","publisher":{"@id":"https:\/\/lasfuentesid.com\/#organization"},"potentialAction":[{"@type":"SearchAction","target":{"@type":"EntryPoint","urlTemplate":"https:\/\/lasfuentesid.com\/?s={search_term_string}"},"query-input":{"@type":"PropertyValueSpecification","valueRequired":true,"valueName":"search_term_string"}}],"inLanguage":"es"},{"@type":"Organization","@id":"https:\/\/lasfuentesid.com\/#organization","name":"Iglesia de Dios en Las Fuentes","url":"https:\/\/lasfuentesid.com\/","logo":{"@type":"ImageObject","inLanguage":"es","@id":"https:\/\/lasfuentesid.com\/#\/schema\/logo\/image\/","url":"","contentUrl":"","caption":"Iglesia de Dios en Las Fuentes"},"image":{"@id":"https:\/\/lasfuentesid.com\/#\/schema\/logo\/image\/"},"sameAs":["https:\/\/www.youtube.com\/channel\/UCVMiqC-dmiK24eBW4B3_fow"]},{"@type":"Person","@id":"https:\/\/lasfuentesid.com\/#\/schema\/person\/95e9c97d118fb682e45acc00e8d3be7f","name":"Hna. Gloria P\u00e9rez","url":"https:\/\/lasfuentesid.com\/index.php\/author\/gloria\/"}]}},"_links":{"self":[{"href":"https:\/\/lasfuentesid.com\/index.php\/wp-json\/wp\/v2\/posts\/968","targetHints":{"allow":["GET"]}}],"collection":[{"href":"https:\/\/lasfuentesid.com\/index.php\/wp-json\/wp\/v2\/posts"}],"about":[{"href":"https:\/\/lasfuentesid.com\/index.php\/wp-json\/wp\/v2\/types\/post"}],"author":[{"embeddable":true,"href":"https:\/\/lasfuentesid.com\/index.php\/wp-json\/wp\/v2\/users\/20"}],"replies":[{"embeddable":true,"href":"https:\/\/lasfuentesid.com\/index.php\/wp-json\/wp\/v2\/comments?post=968"}],"version-history":[{"count":4,"href":"https:\/\/lasfuentesid.com\/index.php\/wp-json\/wp\/v2\/posts\/968\/revisions"}],"predecessor-version":[{"id":2868,"href":"https:\/\/lasfuentesid.com\/index.php\/wp-json\/wp\/v2\/posts\/968\/revisions\/2868"}],"wp:featuredmedia":[{"embeddable":true,"href":"https:\/\/lasfuentesid.com\/index.php\/wp-json\/wp\/v2\/media\/969"}],"wp:attachment":[{"href":"https:\/\/lasfuentesid.com\/index.php\/wp-json\/wp\/v2\/media?parent=968"}],"wp:term":[{"taxonomy":"category","embeddable":true,"href":"https:\/\/lasfuentesid.com\/index.php\/wp-json\/wp\/v2\/categories?post=968"},{"taxonomy":"post_tag","embeddable":true,"href":"https:\/\/lasfuentesid.com\/index.php\/wp-json\/wp\/v2\/tags?post=968"}],"curies":[{"name":"wp","href":"https:\/\/api.w.org\/{rel}","templated":true}]}}