{"id":6034,"date":"2025-03-03T02:39:00","date_gmt":"2025-03-03T02:39:00","guid":{"rendered":"https:\/\/lasfuentesid.com\/?p=6034"},"modified":"2025-06-10T05:38:34","modified_gmt":"2025-06-10T05:38:34","slug":"resena-segunda-interregional-r2-y-r3","status":"publish","type":"post","link":"https:\/\/lasfuentesid.com\/index.php\/2025\/03\/03\/resena-segunda-interregional-r2-y-r3\/","title":{"rendered":"Rese\u00f1a Segunda Interregional R2 y R3"},"content":{"rendered":"\n<p><br>Una reuni\u00f3n de cualquier fraternidad en nuestra asociaci\u00f3n religiosa ser\u00e1 considerada \u201cinterregional&#8221; cuando \u00e9sta involucre al 50% o de lleno a dos o m\u00e1s regiones operativas colindantes entre s\u00ed, para efectos de la misma debe ser aprobada tanto por los gabinetes coordinativos de las regiones que se reunir\u00e1n como por el comit\u00e9 de la fraternidad a la cual reunir\u00e1 el p\u00fablico de la misma, se validar\u00e1 tambi\u00e9n el aval del Consistorio de Ancianos, ministros representantes de la autoridad de Dios en nuestra organizaci\u00f3n. Dada esta informaci\u00f3n, explicaremos el evento que se llev\u00f3 a cabo y que se relatar\u00e1 m\u00e1s adelante: una interregional juvenil involucrar\u00e1 al aforo suficiente de dos o m\u00e1s regiones operativas que no est\u00e9n distanciadas unas de otras (esta premisa se rompe al considerar a otra regi\u00f3n en calidad de invitados), la interregional ser\u00e1 entonces avalada por los coordinadores de las regiones involucradas, el CONAJUV (quien tambi\u00e9n deber\u00e1 presenciar la reuni\u00f3n) y el Consistorio de Ancianos bajo el entendimiento que involucra a m\u00e1s de dos regiones para llevarla a cabo.<\/p>\n\n\n\n<p><br>Explicado ahora esto, veremos c\u00f3mo se conforma una segunda edici\u00f3n de dicho evento interregional juvenil que, dicho de paso, no fue cualquiera, fue la m\u00e1s anhelada y deseada reuni\u00f3n que juntar\u00eda por de nueva cuenta a las regiones 2 y 3, a M\u00e9xico Oriente y Valle de Toluca en su poblaci\u00f3n juvenil y que, a diferencia de la edici\u00f3n pasada que fue realizada hace dos a\u00f1os en el transcurso entre el final del mes de Abril y el inicio del mes de Mayo, esta segunda edici\u00f3n fue realizada por gracia de Dios a inicios de Febrero en otro lugar distinto al anterior de 2023, con caracter\u00edsticas muy sorprendentes en el desarrollo de las actividades y los cultos realizados a comparaci\u00f3n de la edici\u00f3n pasada, con visitas posteriores de otros lugares dentro de la Rep\u00fablica Mexicana y que comparten la misma fe y doctrina que nosotros como Iglesia de Dios, con una buena recepci\u00f3n de los hermanos anfitriones, con muchas m\u00e1s cosas que descubriremos paso a paso en este relato y lo m\u00e1s importante: la presencia de Dios a cada momento del desarrollo de las actividades programadas para ambos d\u00edas.<br><\/p>\n\n\n\n<figure class=\"wp-block-embed is-type-video is-provider-youtube wp-block-embed-youtube wp-embed-aspect-16-9 wp-has-aspect-ratio\"><div class=\"wp-block-embed__wrapper\">\n<iframe title=\"Himno lema: De coraz\u00f3n perfecto. 2RIJ\" width=\"640\" height=\"360\" data-src=\"https:\/\/www.youtube.com\/embed\/3ShESMTno4A?feature=oembed\" frameborder=\"0\" allow=\"accelerometer; autoplay; clipboard-write; encrypted-media; gyroscope; picture-in-picture; web-share\" referrerpolicy=\"strict-origin-when-cross-origin\" allowfullscreen src=\"data:image\/svg+xml;base64,PHN2ZyB3aWR0aD0iMSIgaGVpZ2h0PSIxIiB4bWxucz0iaHR0cDovL3d3dy53My5vcmcvMjAwMC9zdmciPjwvc3ZnPg==\" class=\"lazyload\" data-load-mode=\"1\"><\/iframe>\n<\/div><\/figure>\n\n\n\n<p><br><strong>Domingo 2 de Febrero de 2025<\/strong>. El lugar de origen de cada joven de la regi\u00f3n 3 es su hogar, ya sea que viva en los municipios de Amecameca, Nezahualc\u00f3yotl o Chimalhuac\u00e1n, en las demarcaciones de entre Chalco e Ixtapaluca o quiz\u00e1 en alguna alcald\u00eda de la Ciudad de M\u00e9xico. Los lugares de encuentro son dos: Sefer Tor\u00e1 en Villada, Nezahualc\u00f3yotl (a donde le corresponde a la Fraternidad juvenil de Las Fuentes acudir) y La Hermosa en Ampliaci\u00f3n Emiliano Zapata, Ixtapaluca. El lugar de destino para adorar a Dios a trav\u00e9s de alabanzas y oraciones es Beth-Birai en Jalpa de los Ba\u00f1os. La hora de salida para los puntos de reuni\u00f3n de la regi\u00f3n 3 est\u00e1 marcada para alrededor de las 5:30 am. \u00bfQu\u00e9 es lo que falta? La disposici\u00f3n de la juventud que se ha registrado previamente para asistir y ello se refleja cada que vemos llegar a m\u00e1s hermanos nuestros con maletas y\/o portatrajes en mano preparados en d\u00edas anteriores, un bolso o mochila donde cargan con la palabra de Dios convertida en un libro sagrado, quiz\u00e1 con sue\u00f1o porque los nervios traicionaron su cuerpo al pensar en encontrarse con Dios y los dem\u00e1s hermanos en un culto provocando un desvelo involuntario, quiz\u00e1 con enfermedad f\u00edsica leve que no le permiti\u00f3 un buen descanso, pero siendo conscientes que Dios dispuso de los medios suficientes para que vayamos a adorar Su Nombre junto a m\u00e1s hermanos.<\/p>\n\n\n\n<p><br>Llega la hora de partida y 3 autobuses fabricados en la d\u00e9cada de 1990 y que llevan distintivos propios de una famosa firma alemana son los que nos transportan al templo que se ha elegido para efectuar tan esperada reuni\u00f3n, algunos otros quiz\u00e1 se transportan en veh\u00edculos particulares, pero con el mismo objetivo de acudir al llamado de alabar a Dios. Llegando al templo, y resueltos los problemas iniciales con la log\u00edstica de viaje hacia Jalpa de los Ba\u00f1os, nos reciben los hermanos de Beth-Birai y, por consiguiente, los hermanos de la amplia regi\u00f3n 2, quienes se alegran en vernos y estrechan sus manos con las nuestras para saludarnos de paz e invitarnos a tomar el desayuno que los hermanos de Beth-Birai han preparado, siendo su men\u00fa el siguiente: quesadillas y pan con caf\u00e9 o t\u00e9 al gusto de cada joven. Ya que todos hemos ingerido los alimentos suficientes para su cuerpo material toca pasar al templo que han destinado nuestros hermanos anfitriones tiempo atr\u00e1s para realizar el culto que se celebrar\u00e1 en unos momentos.<br><\/p>\n\n\n\n<figure class=\"wp-block-gallery has-nested-images columns-default is-cropped wp-block-gallery-1 is-layout-flex wp-block-gallery-is-layout-flex\">\n<figure class=\"wp-block-image size-large\"><img fetchpriority=\"high\" decoding=\"async\" width=\"831\" height=\"860\" data-id=\"6047\" src=\"https:\/\/lasfuentesid.com\/wp-content\/uploads\/2025\/05\/FB_IMG_1748575906793.jpg\" alt=\"\" class=\"wp-image-6047\" srcset=\"https:\/\/lasfuentesid.com\/wp-content\/uploads\/2025\/05\/FB_IMG_1748575906793.jpg 831w, https:\/\/lasfuentesid.com\/wp-content\/uploads\/2025\/05\/FB_IMG_1748575906793-290x300.jpg 290w, https:\/\/lasfuentesid.com\/wp-content\/uploads\/2025\/05\/FB_IMG_1748575906793-768x795.jpg 768w, https:\/\/lasfuentesid.com\/wp-content\/uploads\/2025\/05\/FB_IMG_1748575906793-261x270.jpg 261w\" sizes=\"(max-width: 831px) 100vw, 831px\" \/><\/figure>\n\n\n\n<figure class=\"wp-block-image size-large\"><img decoding=\"async\" width=\"833\" height=\"863\" data-id=\"6035\" data-src=\"https:\/\/lasfuentesid.com\/wp-content\/uploads\/2025\/05\/FB_IMG_1748575388656.jpg\" alt=\"\" class=\"wp-image-6035 lazyload\" data-srcset=\"https:\/\/lasfuentesid.com\/wp-content\/uploads\/2025\/05\/FB_IMG_1748575388656.jpg 833w, https:\/\/lasfuentesid.com\/wp-content\/uploads\/2025\/05\/FB_IMG_1748575388656-290x300.jpg 290w, https:\/\/lasfuentesid.com\/wp-content\/uploads\/2025\/05\/FB_IMG_1748575388656-768x796.jpg 768w, https:\/\/lasfuentesid.com\/wp-content\/uploads\/2025\/05\/FB_IMG_1748575388656-261x270.jpg 261w\" data-sizes=\"(max-width: 833px) 100vw, 833px\" src=\"data:image\/svg+xml;base64,PHN2ZyB3aWR0aD0iMSIgaGVpZ2h0PSIxIiB4bWxucz0iaHR0cDovL3d3dy53My5vcmcvMjAwMC9zdmciPjwvc3ZnPg==\" style=\"--smush-placeholder-width: 833px; --smush-placeholder-aspect-ratio: 833\/863;\" \/><\/figure>\n\n\n\n<figure class=\"wp-block-image size-large\"><img decoding=\"async\" width=\"848\" height=\"859\" data-id=\"6045\" data-src=\"https:\/\/lasfuentesid.com\/wp-content\/uploads\/2025\/05\/FB_IMG_1748575836190.jpg\" alt=\"\" class=\"wp-image-6045 lazyload\" data-srcset=\"https:\/\/lasfuentesid.com\/wp-content\/uploads\/2025\/05\/FB_IMG_1748575836190.jpg 848w, https:\/\/lasfuentesid.com\/wp-content\/uploads\/2025\/05\/FB_IMG_1748575836190-296x300.jpg 296w, https:\/\/lasfuentesid.com\/wp-content\/uploads\/2025\/05\/FB_IMG_1748575836190-768x778.jpg 768w, https:\/\/lasfuentesid.com\/wp-content\/uploads\/2025\/05\/FB_IMG_1748575836190-267x270.jpg 267w\" data-sizes=\"(max-width: 848px) 100vw, 848px\" src=\"data:image\/svg+xml;base64,PHN2ZyB3aWR0aD0iMSIgaGVpZ2h0PSIxIiB4bWxucz0iaHR0cDovL3d3dy53My5vcmcvMjAwMC9zdmciPjwvc3ZnPg==\" style=\"--smush-placeholder-width: 848px; --smush-placeholder-aspect-ratio: 848\/859;\" \/><\/figure>\n\n\n\n<figure class=\"wp-block-image size-large\"><img decoding=\"async\" width=\"837\" height=\"857\" data-id=\"6046\" data-src=\"https:\/\/lasfuentesid.com\/wp-content\/uploads\/2025\/05\/FB_IMG_1748575856489.jpg\" alt=\"\" class=\"wp-image-6046 lazyload\" data-srcset=\"https:\/\/lasfuentesid.com\/wp-content\/uploads\/2025\/05\/FB_IMG_1748575856489.jpg 837w, https:\/\/lasfuentesid.com\/wp-content\/uploads\/2025\/05\/FB_IMG_1748575856489-293x300.jpg 293w, https:\/\/lasfuentesid.com\/wp-content\/uploads\/2025\/05\/FB_IMG_1748575856489-768x786.jpg 768w, https:\/\/lasfuentesid.com\/wp-content\/uploads\/2025\/05\/FB_IMG_1748575856489-264x270.jpg 264w\" data-sizes=\"(max-width: 837px) 100vw, 837px\" src=\"data:image\/svg+xml;base64,PHN2ZyB3aWR0aD0iMSIgaGVpZ2h0PSIxIiB4bWxucz0iaHR0cDovL3d3dy53My5vcmcvMjAwMC9zdmciPjwvc3ZnPg==\" style=\"--smush-placeholder-width: 837px; --smush-placeholder-aspect-ratio: 837\/857;\" \/><\/figure>\n<\/figure>\n\n\n\n<p><br>Los integrantes de las cuadrillas de m\u00fasicos y los directores estamos enterados de una sorprendente caracter\u00edstica con la que se han realizado los programas de los cultos a efectuar en esta reuni\u00f3n para que la grey restante, inmersa en su emoci\u00f3n creciente para elevar alabanzas al Creador, se encamine a lo que se ha preparado para Dios y su hijo Jesucristo, aquella caracter\u00edstica de esta reuni\u00f3n refiere a las tem\u00e1ticas de cada culto o parte del mismo, con c\u00e1nticos y sermones que responden a lo anterior. Es as\u00ed que el hermano Ismael Ram\u00edrez, encargado de llevar la direcci\u00f3n del culto con la tem\u00e1tica <strong>B\u00fasqueda de Dios<\/strong> da la indicaci\u00f3n a los m\u00fasicos del primer turno que presenten el preludio musical del canto llamado <strong>Eres T\u00fa La Raz\u00f3n De La Adoraci\u00f3n<\/strong> y pide a la Coordinaci\u00f3n de la Regi\u00f3n 2 \u201cValle de Toluca\u201d (con la raz\u00f3n de que el templo en el que nos congregamos pertenece a la regi\u00f3n ya mencionada) lleven a cabo la oraci\u00f3n inicial junto con la declaraci\u00f3n de apertura de los trabajos a realizar en los dos d\u00edas destinados a la adoraci\u00f3n al Eterno Padre y la edificaci\u00f3n espiritual, termina la oraci\u00f3n y elevamos el himno <strong>A \u00c9l Cantar\u00e9<\/strong> recordando que a alguien le debemos cantar, es decir, a Dios; las palabras de bienvenida y algunas medidas de seguridad a considerar son dadas por el hermano Min. Rogelio \u00c1ngeles, posterior a ello viene una serie de alabanzas para cantar donde figuran los t\u00edtulos siguientes: <strong>Es Tiempo De Buscar A Dios, El Que Espera En Jehov\u00e1\u2026<\/strong> (tambi\u00e9n llamado <strong>Los Que Conf\u00edan En Jehov\u00e1<\/strong>) y <strong>\u00bfQu\u00e9 Pide Jehov\u00e1 Tu Dios De Ti?<\/strong>, entre la interpretaci\u00f3n de los anteriores figura la presentaci\u00f3n del himno estandarte de la reuni\u00f3n llamado <strong>De Coraz\u00f3n Perfecto<\/strong> en donde se halla el pasaje por el que fuimos convocados: \u201c<em>Y t\u00fa, Salom\u00f3n, hijo m\u00edo, conoce al Dios de tu padre, y s\u00edrvele con coraz\u00f3n perfecto, y con \u00e1nimo voluntario<\/em>\u201d (1 Cr. 28:9a, RVR 1909), dicha presentaci\u00f3n es realizada por la Fraternidad Juvenil Cristiana de Beth-Birai como parte de la congregaci\u00f3n anfitriona y los gabinetes juveniles que representan a las regiones 2 y 3, tras lo anterior el hermano Di\u00e1c. Carlos \u00c1lvarez dirige a la concurrencia a una oraci\u00f3n por las predicaciones del culto y el hermano Min. El\u00edas Flores toma el lugar con el serm\u00f3n llamado <strong>Mi Coraz\u00f3n Te Busca<\/strong>, cual invitaci\u00f3n a la juventud presente a que consideremos en nuestros corazones el buscar a Dios y no s\u00f3lo en este culto y que \u00e9se sea nuestro deseo el tiempo que Dios nos permita vivir. Para terminar con la tem\u00e1tica de la b\u00fasqueda de Dios suena la interpretaci\u00f3n de <strong>Mi Luz Y Mi Salvaci\u00f3n<\/strong>.<\/p>\n\n\n\n<p><br>Inicia la tem\u00e1tica de <strong>Llamado de Dios<\/strong> y el hermano Aar\u00f3n Hern\u00e1ndez toma posesi\u00f3n del lugar de direcci\u00f3n y pr\u00e9dica para dirigir el resto del culto, pidiendo al hermano Di\u00e1c. Gonzalo Tufi\u00f1o ruege a Dios por los n\u00fameros especiales de la reuni\u00f3n y que corresponden al culto matutino, hecho lo anterior se le da paso a la primera ronda de c\u00e1nticos especiales siendo las congregaciones de Las Fuentes, Maravillas y Xitla quienes ocupan el primer turno en representaci\u00f3n de la regi\u00f3n 3, de la regi\u00f3n 2 pasa la zona 1 que corresponde a los alrededores de La Marquesa quienes son las localidades de Sina\u00ed, Zaret Zahar, Casa de la Doctrina, Jerusal\u00e9n y Adonai, posterior a ellos pasa la zona 2 de la regi\u00f3n 2 comprendida en la parte sureste de Toluca y Lerma donde se encuentran las congregaciones de El Buen Pastor, Shalom, Gerizim, Rosa de Sar\u00f3n y Mahanaim. Vuelve a resonar el himno lema <strong>De Coraz\u00f3n Perfecto<\/strong> en las paredes del santuario donde se realiza el culto y enseguida del anterior interpretamos el canto <strong>Ens\u00e9\u00f1ame T\u00fa Lo Que Yo No Veo<\/strong>. El hermano director nos invita a leer y reflexionar en la lectura del pasaje de Isa\u00edas 43:1-10 reconociendo el llamado que Dios pone a la mesa de todos para reunirnos y adorarlo, tambi\u00e9n tomando en cuenta que existe un solo Redentor que se lee en la misma porci\u00f3n b\u00edblica. Elevamos a Dios el canto llamado <strong>Se\u00f1or, \u00bfQu\u00e9 Quieres Que Haga?<\/strong> y el director cede el p\u00falpito al hermano Di\u00e1c. Horacio Reyes para un serm\u00f3n express (tambi\u00e9n llamado microtema) de t\u00edtulo <strong>Me Llamaste Con Amor<\/strong> recordando que nosotros fuimos llamados por nuestro Creador no con tintes de obligaci\u00f3n arbitraria sino con un inmenso amor que es de notarse pues nos promete la Vida Eterna por medio de Jes\u00fas. Siguiendo dicha l\u00ednea del llamado de Dios interpretamos la composici\u00f3n llamada <strong>Gracias Se\u00f1or Por Tu Amor<\/strong> y presenciamos inmediatamente las participaciones de la segunda ronda de n\u00fameros especiales pasando el segundo grupo representante de la regi\u00f3n 3 que son Valle Verde, Emiliano Zapata y Tl\u00e1huac, por parte de la regi\u00f3n 2 se presenta la zona 2 de dicha regi\u00f3n ubicada en los alrededores del municipio de Ixtlahuaca donde se ubican las congregaciones de Beth-Birai, Piedra Angular, Monte de los Olivos, Monte de Si\u00f3n y Sina\u00ed 2.<br><\/p>\n\n\n\n<figure class=\"wp-block-gallery has-nested-images columns-default is-cropped wp-block-gallery-2 is-layout-flex wp-block-gallery-is-layout-flex\">\n<figure class=\"wp-block-image size-large\"><img decoding=\"async\" width=\"835\" height=\"865\" data-id=\"6044\" data-src=\"https:\/\/lasfuentesid.com\/wp-content\/uploads\/2025\/05\/FB_IMG_1748575731036.jpg\" alt=\"\" class=\"wp-image-6044 lazyload\" data-srcset=\"https:\/\/lasfuentesid.com\/wp-content\/uploads\/2025\/05\/FB_IMG_1748575731036.jpg 835w, https:\/\/lasfuentesid.com\/wp-content\/uploads\/2025\/05\/FB_IMG_1748575731036-290x300.jpg 290w, https:\/\/lasfuentesid.com\/wp-content\/uploads\/2025\/05\/FB_IMG_1748575731036-768x796.jpg 768w, https:\/\/lasfuentesid.com\/wp-content\/uploads\/2025\/05\/FB_IMG_1748575731036-261x270.jpg 261w\" data-sizes=\"(max-width: 835px) 100vw, 835px\" src=\"data:image\/svg+xml;base64,PHN2ZyB3aWR0aD0iMSIgaGVpZ2h0PSIxIiB4bWxucz0iaHR0cDovL3d3dy53My5vcmcvMjAwMC9zdmciPjwvc3ZnPg==\" style=\"--smush-placeholder-width: 835px; --smush-placeholder-aspect-ratio: 835\/865;\" \/><\/figure>\n\n\n\n<figure class=\"wp-block-image size-large\"><img decoding=\"async\" width=\"834\" height=\"864\" data-id=\"6043\" data-src=\"https:\/\/lasfuentesid.com\/wp-content\/uploads\/2025\/05\/FB_IMG_1748575686198.jpg\" alt=\"\" class=\"wp-image-6043 lazyload\" data-srcset=\"https:\/\/lasfuentesid.com\/wp-content\/uploads\/2025\/05\/FB_IMG_1748575686198.jpg 834w, https:\/\/lasfuentesid.com\/wp-content\/uploads\/2025\/05\/FB_IMG_1748575686198-290x300.jpg 290w, https:\/\/lasfuentesid.com\/wp-content\/uploads\/2025\/05\/FB_IMG_1748575686198-768x796.jpg 768w, https:\/\/lasfuentesid.com\/wp-content\/uploads\/2025\/05\/FB_IMG_1748575686198-261x270.jpg 261w\" data-sizes=\"(max-width: 834px) 100vw, 834px\" src=\"data:image\/svg+xml;base64,PHN2ZyB3aWR0aD0iMSIgaGVpZ2h0PSIxIiB4bWxucz0iaHR0cDovL3d3dy53My5vcmcvMjAwMC9zdmciPjwvc3ZnPg==\" style=\"--smush-placeholder-width: 834px; --smush-placeholder-aspect-ratio: 834\/864;\" \/><\/figure>\n\n\n\n<figure class=\"wp-block-image size-large\"><img decoding=\"async\" width=\"834\" height=\"857\" data-id=\"6042\" data-src=\"https:\/\/lasfuentesid.com\/wp-content\/uploads\/2025\/05\/FB_IMG_1748575680737.jpg\" alt=\"\" class=\"wp-image-6042 lazyload\" data-srcset=\"https:\/\/lasfuentesid.com\/wp-content\/uploads\/2025\/05\/FB_IMG_1748575680737.jpg 834w, https:\/\/lasfuentesid.com\/wp-content\/uploads\/2025\/05\/FB_IMG_1748575680737-292x300.jpg 292w, https:\/\/lasfuentesid.com\/wp-content\/uploads\/2025\/05\/FB_IMG_1748575680737-768x789.jpg 768w, https:\/\/lasfuentesid.com\/wp-content\/uploads\/2025\/05\/FB_IMG_1748575680737-263x270.jpg 263w\" data-sizes=\"(max-width: 834px) 100vw, 834px\" src=\"data:image\/svg+xml;base64,PHN2ZyB3aWR0aD0iMSIgaGVpZ2h0PSIxIiB4bWxucz0iaHR0cDovL3d3dy53My5vcmcvMjAwMC9zdmciPjwvc3ZnPg==\" style=\"--smush-placeholder-width: 834px; --smush-placeholder-aspect-ratio: 834\/857;\" \/><\/figure>\n\n\n\n<figure class=\"wp-block-image size-large\"><img decoding=\"async\" width=\"847\" height=\"855\" data-id=\"6048\" data-src=\"https:\/\/lasfuentesid.com\/wp-content\/uploads\/2025\/05\/FB_IMG_1748576045354.jpg\" alt=\"\" class=\"wp-image-6048 lazyload\" data-srcset=\"https:\/\/lasfuentesid.com\/wp-content\/uploads\/2025\/05\/FB_IMG_1748576045354.jpg 847w, https:\/\/lasfuentesid.com\/wp-content\/uploads\/2025\/05\/FB_IMG_1748576045354-297x300.jpg 297w, https:\/\/lasfuentesid.com\/wp-content\/uploads\/2025\/05\/FB_IMG_1748576045354-150x150.jpg 150w, https:\/\/lasfuentesid.com\/wp-content\/uploads\/2025\/05\/FB_IMG_1748576045354-768x775.jpg 768w, https:\/\/lasfuentesid.com\/wp-content\/uploads\/2025\/05\/FB_IMG_1748576045354-267x270.jpg 267w, https:\/\/lasfuentesid.com\/wp-content\/uploads\/2025\/05\/FB_IMG_1748576045354-120x120.jpg 120w\" data-sizes=\"(max-width: 847px) 100vw, 847px\" src=\"data:image\/svg+xml;base64,PHN2ZyB3aWR0aD0iMSIgaGVpZ2h0PSIxIiB4bWxucz0iaHR0cDovL3d3dy53My5vcmcvMjAwMC9zdmciPjwvc3ZnPg==\" style=\"--smush-placeholder-width: 847px; --smush-placeholder-aspect-ratio: 847\/855;\" \/><\/figure>\n<\/figure>\n\n\n\n<p><br>Se acerca el final del culto matutino y el hermano Di\u00e1c. Ismael Cedillo realiza la oraci\u00f3n de cierre de dicho culto y aprovecha para pedir a Dios por el tiempo de la comida y los alimentos preparados. Hecha la s\u00faplica al Eterno nos disponemos a escuchar alg\u00fan aviso antes de proceder con el tiempo de la comida: de parte de la sede de la reuni\u00f3n se nos dan algunas indicaciones sobre el horario de alimentaci\u00f3n para los congregantes y se nos da la bienvenida al templo y dese\u00e1ndonos una bendecida estancia en el pueblo de Jalpa de los Ba\u00f1os, de parte del Comit\u00e9 Nacional Juvenil se hace la presentaci\u00f3n del gabinete que est\u00e1 presente en la reuni\u00f3n y se nos comparten algunas noticias sobre la edici\u00f3n 38 de la Convocaci\u00f3n Nacional Juvenil y de la edici\u00f3n 18 de la Reuni\u00f3n Nacional para Comit\u00e9s Regionales de la FJC, de parte de la regiones que estamos reunidas recibimos indicaciones sobre la repartici\u00f3n de los alimentos, la atenci\u00f3n en las mesas, la distribuci\u00f3n de hermanos responsables de las actividades destinadas al pr\u00f3ximo tiempo de recreaci\u00f3n adem\u00e1s de la venta de art\u00edculos, souvenirs de la reuni\u00f3n y alguna golosina, botana y\/o bebida para degustar. Llega la hora de comer alimento material despu\u00e9s de ser alimentados con el pan espiritual que Dios brind\u00f3 por medio de nuestros hermanos del Ministerio, por lo que el men\u00fa de esta tarde consta de piezas aleatorias de pollo rostizado con guarniciones de sopa fr\u00eda, ensalada y frijoles con totopos, acompa\u00f1ados de jarras de agua de distinto sabor que son distribuidas en todas las mesas donde nos alimentamos.<\/p>\n\n\n\n<p><br>1 minuto despu\u00e9s de las 4 pm el hermano Hiram Flores en calidad de director de culto da inicio al mismo, ahora con la tem\u00e1tica de <strong>Amor Fraternal<\/strong> y los m\u00fasicos asignados al turno correspondiente interpretan el himno <strong>C\u00e1ntico De Ana<\/strong> como preludio musical, se hace presente una oraci\u00f3n por el reinicio de la adoraci\u00f3n a Dios a trav\u00e9s del culto, luego elevamos los siguientes cantos: <strong>Permanezca El Amor Fraternal<\/strong> y <strong>Amar La Fraternidad<\/strong> (el cual fue un himno compuesto para una reuni\u00f3n juvenil de la regi\u00f3n 2 que estuvo dedicada a dicha tem\u00e1tica), luego interpretamos el himno lema <strong>De Coraz\u00f3n Perfecto<\/strong> y, tras unas indicaciones breves, llega el momento de recreaci\u00f3n y esparcimiento para convivir con los hermanos y participar de las actividades preparadas para dichos fines. 13 minutos antes de las 6 pm entra como sucesor de director de culto el hermano Carlos Rojas quien dirigir\u00e1 el resto del culto con la tem\u00e1tica de <strong>Santidad<\/strong>, solicita a la congregaci\u00f3n presente a cantar con fervor <strong>De Coraz\u00f3n Perfecto<\/strong> una vez m\u00e1s y el hermano Min. Ignacio Hern\u00e1ndez eleva un ruego al Padre Celestial por las predicaciones que hayan de ser impartidas en el culto, terminada la oraci\u00f3n nos brindan indicaciones para ser instruidos por la Palabra de Dios y alimentar nuestro esp\u00edritu, es as\u00ed que somos distribuidos de la siguiente manera:<\/p>\n\n\n\n<ul class=\"wp-block-list\">\n<li>13 a 17 a\u00f1os: en el comedor con el hermano Min. Rogelio \u00c1ngeles<\/li>\n\n\n\n<li>18 a 24 a\u00f1os: en el templo de la reuni\u00f3n con el hermano Di\u00e1c. Ra\u00fal Rojas<\/li>\n\n\n\n<li>25 a 30 a\u00f1os: en el templo de apoyo con el hermano Di\u00e1c. Evodio Almeida<\/li>\n<\/ul>\n\n\n\n<p><br>Mientras que los presentes en el templo cantamos la estrofa primera y su coro correspondiente del himno lema <strong>De Coraz\u00f3n Perfecto<\/strong> luego de escuchar palabra de Dios, los dem\u00e1s van tomando su lugar en el santuario y as\u00ed reanudar con las actividades generales, luego elevamos el himno Perfeccionando La Santidad y pasamos con el segundo serm\u00f3n express proporcionado por el hermano Min. David Maza teniendo como t\u00edtulo <strong>Santidad A Jehov\u00e1<\/strong> recalcando la importancia de haber sido apartados por Dios \u00fanicamente para su servicio y no para alguna cosa que afecte el estado de santidad que debe existir en el hijo de Dios. Posterior al alimento espiritual volvemos a interpretar el himno estandarte <strong>De Coraz\u00f3n Perfecto<\/strong> y para concluir tanto con las actividades del culto como del d\u00eda se realiza la oraci\u00f3n de clausura incluyendo la alimentaci\u00f3n material y se imparte la bendici\u00f3n apost\u00f3lica para todos los presentes. En el segmento de avisos se menciona del extrav\u00edo de algunos objetos personales, la distribuci\u00f3n de hermanos tanto para la cena como para el hospedaje con los hermanos locales y la entrega de retribuciones para los hermanos predicadores del d\u00eda. Hamburguesas, papas a la francesa y refrescos son el men\u00fa de la noche por lo que todos aprovechamos la degustaci\u00f3n de dichos alimentos y esperamos ser repartidos en las casas de los hermanos que han dispuesto demostrar su amor fraternal con el pueblo de Dios a manera de hospedaje con todo lo que tienen a su alcance para descansar y estar prestos para el d\u00eda siguiente.<br><\/p>\n\n\n\n<figure class=\"wp-block-gallery has-nested-images columns-default is-cropped wp-block-gallery-3 is-layout-flex wp-block-gallery-is-layout-flex\">\n<figure class=\"wp-block-image size-large\"><img decoding=\"async\" width=\"837\" height=\"864\" data-id=\"6041\" data-src=\"https:\/\/lasfuentesid.com\/wp-content\/uploads\/2025\/05\/FB_IMG_1748575608192.jpg\" alt=\"\" class=\"wp-image-6041 lazyload\" data-srcset=\"https:\/\/lasfuentesid.com\/wp-content\/uploads\/2025\/05\/FB_IMG_1748575608192.jpg 837w, https:\/\/lasfuentesid.com\/wp-content\/uploads\/2025\/05\/FB_IMG_1748575608192-291x300.jpg 291w, https:\/\/lasfuentesid.com\/wp-content\/uploads\/2025\/05\/FB_IMG_1748575608192-768x793.jpg 768w, https:\/\/lasfuentesid.com\/wp-content\/uploads\/2025\/05\/FB_IMG_1748575608192-262x270.jpg 262w\" data-sizes=\"(max-width: 837px) 100vw, 837px\" src=\"data:image\/svg+xml;base64,PHN2ZyB3aWR0aD0iMSIgaGVpZ2h0PSIxIiB4bWxucz0iaHR0cDovL3d3dy53My5vcmcvMjAwMC9zdmciPjwvc3ZnPg==\" style=\"--smush-placeholder-width: 837px; --smush-placeholder-aspect-ratio: 837\/864;\" \/><\/figure>\n\n\n\n<figure class=\"wp-block-image size-large\"><img decoding=\"async\" width=\"841\" height=\"869\" data-id=\"6039\" data-src=\"https:\/\/lasfuentesid.com\/wp-content\/uploads\/2025\/05\/FB_IMG_1748575568422.jpg\" alt=\"\" class=\"wp-image-6039 lazyload\" data-srcset=\"https:\/\/lasfuentesid.com\/wp-content\/uploads\/2025\/05\/FB_IMG_1748575568422.jpg 841w, https:\/\/lasfuentesid.com\/wp-content\/uploads\/2025\/05\/FB_IMG_1748575568422-290x300.jpg 290w, https:\/\/lasfuentesid.com\/wp-content\/uploads\/2025\/05\/FB_IMG_1748575568422-768x794.jpg 768w, https:\/\/lasfuentesid.com\/wp-content\/uploads\/2025\/05\/FB_IMG_1748575568422-261x270.jpg 261w\" data-sizes=\"(max-width: 841px) 100vw, 841px\" src=\"data:image\/svg+xml;base64,PHN2ZyB3aWR0aD0iMSIgaGVpZ2h0PSIxIiB4bWxucz0iaHR0cDovL3d3dy53My5vcmcvMjAwMC9zdmciPjwvc3ZnPg==\" style=\"--smush-placeholder-width: 841px; --smush-placeholder-aspect-ratio: 841\/869;\" \/><\/figure>\n\n\n\n<figure class=\"wp-block-image size-large\"><img decoding=\"async\" width=\"832\" height=\"861\" data-id=\"6038\" data-src=\"https:\/\/lasfuentesid.com\/wp-content\/uploads\/2025\/05\/FB_IMG_1748575551899.jpg\" alt=\"\" class=\"wp-image-6038 lazyload\" data-srcset=\"https:\/\/lasfuentesid.com\/wp-content\/uploads\/2025\/05\/FB_IMG_1748575551899.jpg 832w, https:\/\/lasfuentesid.com\/wp-content\/uploads\/2025\/05\/FB_IMG_1748575551899-290x300.jpg 290w, https:\/\/lasfuentesid.com\/wp-content\/uploads\/2025\/05\/FB_IMG_1748575551899-768x795.jpg 768w, https:\/\/lasfuentesid.com\/wp-content\/uploads\/2025\/05\/FB_IMG_1748575551899-261x270.jpg 261w\" data-sizes=\"(max-width: 832px) 100vw, 832px\" src=\"data:image\/svg+xml;base64,PHN2ZyB3aWR0aD0iMSIgaGVpZ2h0PSIxIiB4bWxucz0iaHR0cDovL3d3dy53My5vcmcvMjAwMC9zdmciPjwvc3ZnPg==\" style=\"--smush-placeholder-width: 832px; --smush-placeholder-aspect-ratio: 832\/861;\" \/><\/figure>\n\n\n\n<figure class=\"wp-block-image size-large\"><img decoding=\"async\" width=\"840\" height=\"863\" data-id=\"6040\" data-src=\"https:\/\/lasfuentesid.com\/wp-content\/uploads\/2025\/05\/FB_IMG_1748575604109.jpg\" alt=\"\" class=\"wp-image-6040 lazyload\" data-srcset=\"https:\/\/lasfuentesid.com\/wp-content\/uploads\/2025\/05\/FB_IMG_1748575604109.jpg 840w, https:\/\/lasfuentesid.com\/wp-content\/uploads\/2025\/05\/FB_IMG_1748575604109-292x300.jpg 292w, https:\/\/lasfuentesid.com\/wp-content\/uploads\/2025\/05\/FB_IMG_1748575604109-768x789.jpg 768w, https:\/\/lasfuentesid.com\/wp-content\/uploads\/2025\/05\/FB_IMG_1748575604109-263x270.jpg 263w\" data-sizes=\"(max-width: 840px) 100vw, 840px\" src=\"data:image\/svg+xml;base64,PHN2ZyB3aWR0aD0iMSIgaGVpZ2h0PSIxIiB4bWxucz0iaHR0cDovL3d3dy53My5vcmcvMjAwMC9zdmciPjwvc3ZnPg==\" style=\"--smush-placeholder-width: 840px; --smush-placeholder-aspect-ratio: 840\/863;\" \/><\/figure>\n<\/figure>\n\n\n\n<p><br><strong>Lunes 3 de Febrero de 2025<\/strong>. Algunos hermanos asistentes a la reuni\u00f3n y congregantes de la localidad anfitriona coincidimos en ir en el alba de la ma\u00f1ana a una alberca t\u00e9rmica en donde muchas personas locales acostumbran a ducharse, incluidos los mismos hermanos, es una alberca de buen tama\u00f1o construida a nivel de piso donde se vierte agua tanto caliente como fr\u00eda tanto para la ducha como para sumergirse en ella, el lugar donde est\u00e1 la alberca y los vestidores se encuentra techada y ambientada con vapor del agua que se va calentando de manera que no exista un desvar\u00edo de la temperatura ambiente del lugar; los que asistimos ah\u00ed vamos con el pudor deseado para realizar la limpieza e higiene personal adem\u00e1s de un merecido hidromasaje que ayud\u00f3 a relajar el cuerpo f\u00edsico de manera que no exista pesadez al haber dormido.<\/p>\n\n\n\n<p><br>El segundo d\u00eda de actividades de la edici\u00f3n 2 de la Interregional Juvenil llega y todos los j\u00f3venes asistentes de ayer se dan cita una vez m\u00e1s hoy para llegar al objetivo principal de esta reuni\u00f3n: <strong>servir a Dios con \u00e1nimo y entrega<\/strong>, tambi\u00e9n llegan al encuentro del mismo objetivo m\u00e1s hermanos de otras regiones a quienes recibimos con gusto, los hermanos locales preparan para la concurrencia un desayuno que consta de chilaquiles verdes, pan dulce surtido y caf\u00e9 o ponche al gusto. Abundan en el comedor saludos de paz, risas sobre alg\u00fan acontecimiento chusco del d\u00eda anterior, pl\u00e1ticas sobre doctrina o m\u00fasica en la Iglesia de Dios, hermanos atendiendo a hermanos en la alimentaci\u00f3n, etc\u00e9tera, pero todos nos alimentamos hasta que llegue el momento en que celebremos culto al Padre Eterno y estudiemos Su Palabra. Llega ese preciso momento al filo de las 10 am tomando posesi\u00f3n del p\u00falpito el hermano Mois\u00e9s Bartolini quien solicita a los hermanos presentes en el templo guardar postura y orden para dar inicio al culto de este d\u00eda con la tem\u00e1tica de <strong>Caminar Con Dios<\/strong>, los hermanos m\u00fasicos del turno tercero interpretan de manera instrumental el canto <strong>Levant\u00e9monos Y Edifiquemos<\/strong> y el hermano Min. Sa\u00fal Flores apertura el culto con la oraci\u00f3n a Dios por el inicio del mismo. <strong>Ens\u00e9\u00f1ame Jehov\u00e1 Tu Camino<\/strong> es el canto que la congregaci\u00f3n presente interpreta y hace sonar en el recinto, leemos al un\u00edsono el pasaje de \u00c9xodo 33:12-17 donde notamos que la presencia de Dios siempre se manifiesta en su pueblo a\u00fan as\u00ed sea desde tiempos remotos como lo sugiere el texto b\u00edblico le\u00eddo ya que es una pl\u00e1tica entre Mois\u00e9s y Jehov\u00e1. El c\u00e1ntico llamado <strong>Con Amor Eterno Te He Amado<\/strong> se eleva entre todos los congregantes y posterior a ello se le da atenci\u00f3n al hermano Min. El\u00edas Flores quien rogar\u00e1 a Dios por las predicaciones que se han de impartir en este d\u00eda, as\u00ed es como recibimos alimento espiritual por medio del hermano Min. Min. Adel\u00ed Arzate con el tercer microtema o serm\u00f3n express llamado <strong>En Tu Camino Junto A Ti<\/strong> donde enfatiza que <strong>ninguna compa\u00f1\u00eda vale m\u00e1s que la que Dios brinda<\/strong> pero que no por ello ignoremos la compa\u00f1\u00eda de quienes conforman nuestro c\u00edrculo social personal, desde padre, madre, los amigos y hasta la pareja de matrimonio que Dios mismo les otorga a sus hijos, siempre y cuando lo busquemos con fervor. Terminada la pr\u00e9dica cantamos juntos el himno lema <strong>De Coraz\u00f3n Perfecto<\/strong> y el hermano director en turno pide al hermano Min. Armando Contreras que realice la oraci\u00f3n correspondiente a los n\u00fameros especiales del d\u00eda de hoy a lo cual accede y lleva a cabo dicha plegaria.<br><\/p>\n\n\n<div class=\"wp-block-image\">\n<figure class=\"aligncenter size-large\"><img decoding=\"async\" width=\"1024\" height=\"831\" data-src=\"https:\/\/lasfuentesid.com\/wp-content\/uploads\/2025\/05\/IMG-20250204-WA0028-1024x831.jpg\" alt=\"\" class=\"wp-image-6052 lazyload\" data-srcset=\"https:\/\/lasfuentesid.com\/wp-content\/uploads\/2025\/05\/IMG-20250204-WA0028-1024x831.jpg 1024w, https:\/\/lasfuentesid.com\/wp-content\/uploads\/2025\/05\/IMG-20250204-WA0028-300x244.jpg 300w, https:\/\/lasfuentesid.com\/wp-content\/uploads\/2025\/05\/IMG-20250204-WA0028-768x623.jpg 768w, https:\/\/lasfuentesid.com\/wp-content\/uploads\/2025\/05\/IMG-20250204-WA0028-333x270.jpg 333w, https:\/\/lasfuentesid.com\/wp-content\/uploads\/2025\/05\/IMG-20250204-WA0028.jpg 1280w\" data-sizes=\"(max-width: 1024px) 100vw, 1024px\" src=\"data:image\/svg+xml;base64,PHN2ZyB3aWR0aD0iMSIgaGVpZ2h0PSIxIiB4bWxucz0iaHR0cDovL3d3dy53My5vcmcvMjAwMC9zdmciPjwvc3ZnPg==\" style=\"--smush-placeholder-width: 1024px; --smush-placeholder-aspect-ratio: 1024\/831;\" \/><\/figure>\n<\/div>\n\n\n<p><br>Entra el hermano Alejandro Vald\u00e9s como director del resto del culto ahora con la tem\u00e1tica de <strong>Servir A Dios En Santidad<\/strong> y menciona la primera lista de los que ofrendar\u00e1n \u201cbecerros de labios\u201d al Supremo Creador, figurando en ellas los siguientes participantes: los representantes de las regiones 4, Hidalgo, 21, Yucat\u00e1n, 7, Puebla-Tlaxcala-Oaxaca y 15, Monterrey, as\u00ed como los hermanos de la zona 1 de la regi\u00f3n 2 (Sina\u00ed, Zaret Zahar, Casa de la Doctrina, Jerusal\u00e9n y Adonai) y las congregaciones de Huexoculco, Cuautlalpan y Amecameca como representantes de la regi\u00f3n 3. Despu\u00e9s de presenciar los c\u00e1nticos de nuestros hermanos como ofrendas para Dios cantamos el himno <strong>Serviremos A Cristo<\/strong> y volvemos a ser distribuidos por edad para las predicaciones simult\u00e1neas de la siguiente forma:<\/p>\n\n\n\n<ul class=\"wp-block-list\">\n<li>13 a 17 a\u00f1os: en el templo de apoyo con el hermano Di\u00e1c. Ismael Cedillo<\/li>\n\n\n\n<li>18 a 24 a\u00f1os: en el templo de la reuni\u00f3n con el hermano Di\u00e1c. Carlos \u00c1lvarez<\/li>\n\n\n\n<li>25 a 30 a\u00f1os: en el comedor con el hermano Min. Fredy Medina<\/li>\n<\/ul>\n\n\n\n<p><br>De nuevo nutridos de la Palabra de Dios y reunidos en el templo volvemos a elevar alabanzas a nuestro Dios, primero con el c\u00e1ntico lema de la reuni\u00f3n <strong>De Coraz\u00f3n Perfecto<\/strong> y despu\u00e9s con el c\u00e1ntico llamado <strong>Servir\u00e9 Con Amor<\/strong>, luego de lo anterior se hace presente el cuarto y \u00faltimo turno de ofrendas musicales especiales donde el orden de las presentaciones es la siguiente: la zona 2 de la regi\u00f3n 2 (Beth-Birai, Piedra Angular, Monte de los Olivos, Monte de Si\u00f3n y Sina\u00ed 2), la comitiva presente del CONAJUV, los representantes de las regiones 5, Morelos y 1, M\u00e9xico Norte, las congregaciones de Atenco, Tezoyuca, Colonia El Salado y Villada como \u00faltimos representantes de la regi\u00f3n 3 y tambi\u00e9n los gabinetes juveniles de las regiones 2 y 3. Sigue el momento de la alabanza y elevamos a Dios el canto estandarte de la edici\u00f3n primera de la Interregional Juvenil llamado <strong>Amar\u00e1s Al Se\u00f1or Tu Dios<\/strong> y nos volvemos a nutrir espiritualmente por medio de la predicaci\u00f3n preparada por el hermano Min. Rub\u00e9n Bartolini llamada <strong>Honra Y Santidad Al Eterno Rey<\/strong> glorificando en la misma a Jesucristo como Rey al que hace referencia e instando a los asistentes a dedicarse al servicio de Dios en entera santidad.<br><\/p>\n\n\n\n<figure class=\"wp-block-gallery has-nested-images columns-default is-cropped wp-block-gallery-4 is-layout-flex wp-block-gallery-is-layout-flex\">\n<figure class=\"wp-block-image size-large\"><img decoding=\"async\" width=\"833\" height=\"870\" data-id=\"6036\" data-src=\"https:\/\/lasfuentesid.com\/wp-content\/uploads\/2025\/05\/FB_IMG_1748575456001.jpg\" alt=\"\" class=\"wp-image-6036 lazyload\" data-srcset=\"https:\/\/lasfuentesid.com\/wp-content\/uploads\/2025\/05\/FB_IMG_1748575456001.jpg 833w, https:\/\/lasfuentesid.com\/wp-content\/uploads\/2025\/05\/FB_IMG_1748575456001-287x300.jpg 287w, https:\/\/lasfuentesid.com\/wp-content\/uploads\/2025\/05\/FB_IMG_1748575456001-768x802.jpg 768w, https:\/\/lasfuentesid.com\/wp-content\/uploads\/2025\/05\/FB_IMG_1748575456001-259x270.jpg 259w\" data-sizes=\"(max-width: 833px) 100vw, 833px\" src=\"data:image\/svg+xml;base64,PHN2ZyB3aWR0aD0iMSIgaGVpZ2h0PSIxIiB4bWxucz0iaHR0cDovL3d3dy53My5vcmcvMjAwMC9zdmciPjwvc3ZnPg==\" style=\"--smush-placeholder-width: 833px; --smush-placeholder-aspect-ratio: 833\/870;\" \/><\/figure>\n\n\n\n<figure class=\"wp-block-image size-large\"><img decoding=\"async\" width=\"841\" height=\"864\" data-id=\"6037\" data-src=\"https:\/\/lasfuentesid.com\/wp-content\/uploads\/2025\/05\/FB_IMG_1748575460180.jpg\" alt=\"\" class=\"wp-image-6037 lazyload\" data-srcset=\"https:\/\/lasfuentesid.com\/wp-content\/uploads\/2025\/05\/FB_IMG_1748575460180.jpg 841w, https:\/\/lasfuentesid.com\/wp-content\/uploads\/2025\/05\/FB_IMG_1748575460180-292x300.jpg 292w, https:\/\/lasfuentesid.com\/wp-content\/uploads\/2025\/05\/FB_IMG_1748575460180-768x789.jpg 768w, https:\/\/lasfuentesid.com\/wp-content\/uploads\/2025\/05\/FB_IMG_1748575460180-263x270.jpg 263w\" data-sizes=\"(max-width: 841px) 100vw, 841px\" src=\"data:image\/svg+xml;base64,PHN2ZyB3aWR0aD0iMSIgaGVpZ2h0PSIxIiB4bWxucz0iaHR0cDovL3d3dy53My5vcmcvMjAwMC9zdmciPjwvc3ZnPg==\" style=\"--smush-placeholder-width: 841px; --smush-placeholder-aspect-ratio: 841\/864;\" \/><\/figure>\n\n\n\n<figure class=\"wp-block-image size-large\"><img decoding=\"async\" width=\"1024\" height=\"532\" data-id=\"6050\" data-src=\"https:\/\/lasfuentesid.com\/wp-content\/uploads\/2025\/05\/IMG-20250204-WA0008-1024x532.jpg\" alt=\"\" class=\"wp-image-6050 lazyload\" data-srcset=\"https:\/\/lasfuentesid.com\/wp-content\/uploads\/2025\/05\/IMG-20250204-WA0008-1024x532.jpg 1024w, https:\/\/lasfuentesid.com\/wp-content\/uploads\/2025\/05\/IMG-20250204-WA0008-300x156.jpg 300w, https:\/\/lasfuentesid.com\/wp-content\/uploads\/2025\/05\/IMG-20250204-WA0008-768x399.jpg 768w, https:\/\/lasfuentesid.com\/wp-content\/uploads\/2025\/05\/IMG-20250204-WA0008-519x270.jpg 519w, https:\/\/lasfuentesid.com\/wp-content\/uploads\/2025\/05\/IMG-20250204-WA0008.jpg 1156w\" data-sizes=\"(max-width: 1024px) 100vw, 1024px\" src=\"data:image\/svg+xml;base64,PHN2ZyB3aWR0aD0iMSIgaGVpZ2h0PSIxIiB4bWxucz0iaHR0cDovL3d3dy53My5vcmcvMjAwMC9zdmciPjwvc3ZnPg==\" style=\"--smush-placeholder-width: 1024px; --smush-placeholder-aspect-ratio: 1024\/532;\" \/><\/figure>\n<\/figure>\n\n\n\n<p><br>Se acercan los \u00faltimos momentos tanto del culto como de la reuni\u00f3n, por ende, los momentos m\u00e1s emotivos ya que se hace presente la incertidumbre de saber si Dios volver\u00e1 a permitir realizar esta reuni\u00f3n para acudir al encuentro de Su Presencia y convivir todos los hermanos fraternalmente, a\u00fan a pesar de ello seguimos celebrando culto y rindiendo adoraci\u00f3n a Dios como si no existiera final alguno, por lo cual cantamos en completa devoci\u00f3n y j\u00fabilo los cantos <strong>Mi Raz\u00f3n De Ser<\/strong> de la autor\u00eda del hermano Di\u00e1c. Joel Ben\u00edtez y <strong>De Coraz\u00f3n Perfecto<\/strong> como canto lema de la reuni\u00f3n, presenciamos la entrega de retribuciones para los hermanos predicadores del d\u00eda de hoy y tambi\u00e9n los m\u00faltiples agradecimientos a los hermanos congregantes de Beth-Birai por la hospitalidad y el amor fraternal demostrados en el servicio de esta reuni\u00f3n desde la construcci\u00f3n y\/o remodelaci\u00f3n de los espacios a usar hasta la comida de ambos d\u00edas, vuelve a sonar en el templo por medio de voces de j\u00f3venes entusiastas y Ministerio presente el himno estandarte <strong>De Coraz\u00f3n Perfecto<\/strong> y posteriormente el canto por excelencia de la Fraternidad Juvenil Cristiana, <strong>Mi FJC<\/strong>. Tras lo anterior los hermanos que conforman la Coordinaci\u00f3n de la Regi\u00f3n 2 Valle de Toluca son los que toman el lugar de pr\u00e9dica y direcci\u00f3n para realizar la \u00faltima oraci\u00f3n de la reuni\u00f3n incluyendo la alimentaci\u00f3n material y el buen retorno a casa de todos los presentes, tambi\u00e9n se realiza la clausura de actividades y se da fin a la reuni\u00f3n.<\/p>\n\n\n\n<p><br>Previamente avisados, todos los hermanos hombres acomodamos las sillas de la reuni\u00f3n con delicadeza siendo que estamos dentro de un templo dedicado a la adoraci\u00f3n y alabanza a Dios y salimos todos a degustar del men\u00fa que han preparado nuestros hermanos: tacos de carne molida de res acompa\u00f1ados de un buen refresco y bien conocido de etiqueta roja, de postre figuran vasos de pl\u00e1tanos con crema, vuelven a abundar las pl\u00e1ticas y risas entre hermanos e infinitos saludos de paz entre hermanos a manera de despedida, unos m\u00e1s compran a los hermanos locales para sustento del templo o tambi\u00e9n a los comit\u00e9s de las regiones organizadoras para sustento de sus actividades, otros hermanos se reconocen y se encuentran despu\u00e9s de haber coincidido en otra reuni\u00f3n especial, otros m\u00e1s buscan al hermano o la hermana que no han podido saludar de hace tiempo quiz\u00e1, otros m\u00e1s buscan a otro hermano o hermana para la fotograf\u00eda del recuerdo y unos m\u00e1s est\u00e1n listos para partir a su hogar\u2026 todo eso pasa a sabiendas de no saber si Dios otorgar\u00e1 la dicha de vivir el gozo que vivimos al celebrar este evento realizado entre dos regiones aunque bien confiamos en que Nuestro Creador as\u00ed har\u00e1.<br><\/p>\n\n\n\n<figure class=\"wp-block-gallery has-nested-images columns-default is-cropped wp-block-gallery-5 is-layout-flex wp-block-gallery-is-layout-flex\">\n<figure class=\"wp-block-image size-large\"><img decoding=\"async\" width=\"576\" height=\"1024\" data-id=\"6049\" data-src=\"https:\/\/lasfuentesid.com\/wp-content\/uploads\/2025\/05\/IMG-20250204-WA0002-576x1024.jpg\" alt=\"\" class=\"wp-image-6049 lazyload\" data-srcset=\"https:\/\/lasfuentesid.com\/wp-content\/uploads\/2025\/05\/IMG-20250204-WA0002-576x1024.jpg 576w, https:\/\/lasfuentesid.com\/wp-content\/uploads\/2025\/05\/IMG-20250204-WA0002-169x300.jpg 169w, https:\/\/lasfuentesid.com\/wp-content\/uploads\/2025\/05\/IMG-20250204-WA0002-768x1365.jpg 768w, https:\/\/lasfuentesid.com\/wp-content\/uploads\/2025\/05\/IMG-20250204-WA0002-864x1536.jpg 864w, https:\/\/lasfuentesid.com\/wp-content\/uploads\/2025\/05\/IMG-20250204-WA0002-152x270.jpg 152w, https:\/\/lasfuentesid.com\/wp-content\/uploads\/2025\/05\/IMG-20250204-WA0002.jpg 900w\" data-sizes=\"(max-width: 576px) 100vw, 576px\" src=\"data:image\/svg+xml;base64,PHN2ZyB3aWR0aD0iMSIgaGVpZ2h0PSIxIiB4bWxucz0iaHR0cDovL3d3dy53My5vcmcvMjAwMC9zdmciPjwvc3ZnPg==\" style=\"--smush-placeholder-width: 576px; --smush-placeholder-aspect-ratio: 576\/1024;\" \/><\/figure>\n\n\n\n<figure class=\"wp-block-image size-large\"><img decoding=\"async\" width=\"769\" height=\"1024\" data-id=\"6053\" data-src=\"https:\/\/lasfuentesid.com\/wp-content\/uploads\/2025\/05\/IMG-20250204-WA0031-769x1024.jpg\" alt=\"\" class=\"wp-image-6053 lazyload\" data-srcset=\"https:\/\/lasfuentesid.com\/wp-content\/uploads\/2025\/05\/IMG-20250204-WA0031-769x1024.jpg 769w, https:\/\/lasfuentesid.com\/wp-content\/uploads\/2025\/05\/IMG-20250204-WA0031-225x300.jpg 225w, https:\/\/lasfuentesid.com\/wp-content\/uploads\/2025\/05\/IMG-20250204-WA0031-768x1023.jpg 768w, https:\/\/lasfuentesid.com\/wp-content\/uploads\/2025\/05\/IMG-20250204-WA0031-203x270.jpg 203w, https:\/\/lasfuentesid.com\/wp-content\/uploads\/2025\/05\/IMG-20250204-WA0031.jpg 868w\" data-sizes=\"(max-width: 769px) 100vw, 769px\" src=\"data:image\/svg+xml;base64,PHN2ZyB3aWR0aD0iMSIgaGVpZ2h0PSIxIiB4bWxucz0iaHR0cDovL3d3dy53My5vcmcvMjAwMC9zdmciPjwvc3ZnPg==\" style=\"--smush-placeholder-width: 769px; --smush-placeholder-aspect-ratio: 769\/1024;\" \/><\/figure>\n<\/figure>\n\n\n\n<p><br>Alrededor de las 6 pm es que partimos dejando las tierras de Jalpa de los Ba\u00f1os, los mismos autobuses que nos llevaron hasta este lugar son los que nos hacen retornar, notamos la compa\u00f1\u00eda y presencia de Dios al percatarnos de que hubo un accidente en la autopista en que transitamos, tal vez acontecido mucho antes de haber salido provocando tr\u00e1nsito pesado, y tambi\u00e9n al hacer escalas distintas en puntos seguros de descenso para los hermanos que as\u00ed lo requieren hasta llegar a los puntos de encuentro de los asistentes a esta reuni\u00f3n arrojando resultados favorables. Es la hora de descanso de todos los asistentes en sus hogares puesto que hay actividades que hacer en cada uno de nosotros, ll\u00e1mese estudio o trabajo, por lo que dejamos descansar nuestro cuerpo conscientes de dedicar nuestra vida al Padre Eterno en santidad y con un coraz\u00f3n digno de ser perfecto para alcanzar el est\u00e1ndar impuesto por Jesucristo cuando vino a este mundo; agradecidos en mente a Dios por la bendici\u00f3n tan grande de haberse hecho realidad ese deseo nuestro de efectuar una reuni\u00f3n juvenil de categor\u00eda \u00fanica, emotiva y especial de inicio a fin, nutritiva en el aspecto espiritual y material\u2026 <strong>la Segunda Reuni\u00f3n Interregional Juvenil<\/strong>.<br><\/p>\n\n\n\n<p><br><\/p>\n","protected":false},"excerpt":{"rendered":"<p>conscientes de dedicar nuestra vida al Padre Eterno en santidad y con un coraz\u00f3n digno de ser perfecto para alcanzar el est\u00e1ndar impuesto por Jesucristo cuando vino a este mundo; agradecidos en mente a Dios por la bendici\u00f3n tan grande de haberse hecho realidad ese deseo nuestro de efectuar una reuni\u00f3n juvenil de categor\u00eda \u00fanica, emotiva y especial de inicio a fin, nutritiva en el aspecto espiritual y material\u2026 la Segunda Reuni\u00f3n Interregional Juvenil.<\/p>\n","protected":false},"author":10,"featured_media":6051,"comment_status":"closed","ping_status":"closed","sticky":false,"template":"","format":"standard","meta":{"_monsterinsights_skip_tracking":false,"_monsterinsights_sitenote_active":false,"_monsterinsights_sitenote_note":"","_monsterinsights_sitenote_category":0,"footnotes":""},"categories":[1],"tags":[],"class_list":["post-6034","post","type-post","status-publish","format-standard","has-post-thumbnail","hentry","category-sin-categoria"],"yoast_head":"<!-- This site is optimized with the Yoast SEO plugin v25.6 - https:\/\/yoast.com\/wordpress\/plugins\/seo\/ -->\n<title>Rese\u00f1a Segunda Interregional R2 y R3 - Las Fuentes ID<\/title>\n<meta name=\"description\" content=\"Conscientes de dedicar nuestra vida al Padre Eterno en santidad y con un coraz\u00f3n digno de ser perfecto para alcanzar el est\u00e1ndar impuesto por Jesucristo cuando vino a este mundo; agradecidos en mente a Dios por la bendici\u00f3n tan grande de haberse hecho realidad ese deseo nuestro de efectuar una reuni\u00f3n juvenil de categor\u00eda \u00fanica, emotiva y especial de inicio a fin, nutritiva en el aspecto espiritual y material\u2026 la Segunda Reuni\u00f3n Interregional Juvenil.\" \/>\n<meta name=\"robots\" content=\"index, follow, max-snippet:-1, max-image-preview:large, max-video-preview:-1\" \/>\n<link rel=\"canonical\" href=\"https:\/\/lasfuentesid.com\/index.php\/2025\/03\/03\/resena-segunda-interregional-r2-y-r3\/\" \/>\n<meta property=\"og:locale\" content=\"es_ES\" \/>\n<meta property=\"og:type\" content=\"article\" \/>\n<meta property=\"og:title\" content=\"Rese\u00f1a Segunda Interregional R2 y R3 - Las Fuentes ID\" \/>\n<meta property=\"og:description\" content=\"Conscientes de dedicar nuestra vida al Padre Eterno en santidad y con un coraz\u00f3n digno de ser perfecto para alcanzar el est\u00e1ndar impuesto por Jesucristo cuando vino a este mundo; agradecidos en mente a Dios por la bendici\u00f3n tan grande de haberse hecho realidad ese deseo nuestro de efectuar una reuni\u00f3n juvenil de categor\u00eda \u00fanica, emotiva y especial de inicio a fin, nutritiva en el aspecto espiritual y material\u2026 la Segunda Reuni\u00f3n Interregional Juvenil.\" \/>\n<meta property=\"og:url\" content=\"https:\/\/lasfuentesid.com\/index.php\/2025\/03\/03\/resena-segunda-interregional-r2-y-r3\/\" \/>\n<meta property=\"og:site_name\" content=\"Las Fuentes ID\" \/>\n<meta property=\"article:published_time\" content=\"2025-03-03T02:39:00+00:00\" \/>\n<meta property=\"article:modified_time\" content=\"2025-06-10T05:38:34+00:00\" \/>\n<meta property=\"og:image\" content=\"https:\/\/lasfuentesid.com\/wp-content\/uploads\/2025\/05\/IMG-20250204-WA0009.jpg\" \/>\n\t<meta property=\"og:image:width\" content=\"1600\" \/>\n\t<meta property=\"og:image:height\" content=\"884\" \/>\n\t<meta property=\"og:image:type\" content=\"image\/jpeg\" \/>\n<meta name=\"author\" content=\"Hno. Johan Flores\" \/>\n<meta name=\"twitter:card\" content=\"summary_large_image\" \/>\n<meta name=\"twitter:label1\" content=\"Escrito por\" \/>\n\t<meta name=\"twitter:data1\" content=\"Hno. Johan Flores\" \/>\n\t<meta name=\"twitter:label2\" content=\"Tiempo de lectura\" \/>\n\t<meta name=\"twitter:data2\" content=\"23 minutos\" \/>\n<script type=\"application\/ld+json\" class=\"yoast-schema-graph\">{\"@context\":\"https:\/\/schema.org\",\"@graph\":[{\"@type\":\"Article\",\"@id\":\"https:\/\/lasfuentesid.com\/index.php\/2025\/03\/03\/resena-segunda-interregional-r2-y-r3\/#article\",\"isPartOf\":{\"@id\":\"https:\/\/lasfuentesid.com\/index.php\/2025\/03\/03\/resena-segunda-interregional-r2-y-r3\/\"},\"author\":{\"name\":\"Hno. Johan Flores\",\"@id\":\"https:\/\/lasfuentesid.com\/#\/schema\/person\/05f3d6e6943eb2f265eb3c3c19372886\"},\"headline\":\"Rese\u00f1a Segunda Interregional R2 y R3\",\"datePublished\":\"2025-03-03T02:39:00+00:00\",\"dateModified\":\"2025-06-10T05:38:34+00:00\",\"mainEntityOfPage\":{\"@id\":\"https:\/\/lasfuentesid.com\/index.php\/2025\/03\/03\/resena-segunda-interregional-r2-y-r3\/\"},\"wordCount\":4323,\"publisher\":{\"@id\":\"https:\/\/lasfuentesid.com\/#organization\"},\"image\":{\"@id\":\"https:\/\/lasfuentesid.com\/index.php\/2025\/03\/03\/resena-segunda-interregional-r2-y-r3\/#primaryimage\"},\"thumbnailUrl\":\"https:\/\/lasfuentesid.com\/wp-content\/uploads\/2025\/05\/IMG-20250204-WA0009.jpg\",\"inLanguage\":\"es\"},{\"@type\":\"WebPage\",\"@id\":\"https:\/\/lasfuentesid.com\/index.php\/2025\/03\/03\/resena-segunda-interregional-r2-y-r3\/\",\"url\":\"https:\/\/lasfuentesid.com\/index.php\/2025\/03\/03\/resena-segunda-interregional-r2-y-r3\/\",\"name\":\"Rese\u00f1a Segunda Interregional R2 y R3 - Las Fuentes ID\",\"isPartOf\":{\"@id\":\"https:\/\/lasfuentesid.com\/#website\"},\"primaryImageOfPage\":{\"@id\":\"https:\/\/lasfuentesid.com\/index.php\/2025\/03\/03\/resena-segunda-interregional-r2-y-r3\/#primaryimage\"},\"image\":{\"@id\":\"https:\/\/lasfuentesid.com\/index.php\/2025\/03\/03\/resena-segunda-interregional-r2-y-r3\/#primaryimage\"},\"thumbnailUrl\":\"https:\/\/lasfuentesid.com\/wp-content\/uploads\/2025\/05\/IMG-20250204-WA0009.jpg\",\"datePublished\":\"2025-03-03T02:39:00+00:00\",\"dateModified\":\"2025-06-10T05:38:34+00:00\",\"description\":\"Conscientes de dedicar nuestra vida al Padre Eterno en santidad y con un coraz\u00f3n digno de ser perfecto para alcanzar el est\u00e1ndar impuesto por Jesucristo cuando vino a este mundo; agradecidos en mente a Dios por la bendici\u00f3n tan grande de haberse hecho realidad ese deseo nuestro de efectuar una reuni\u00f3n juvenil de categor\u00eda \u00fanica, emotiva y especial de inicio a fin, nutritiva en el aspecto espiritual y material\u2026 la Segunda Reuni\u00f3n Interregional Juvenil.\",\"breadcrumb\":{\"@id\":\"https:\/\/lasfuentesid.com\/index.php\/2025\/03\/03\/resena-segunda-interregional-r2-y-r3\/#breadcrumb\"},\"inLanguage\":\"es\",\"potentialAction\":[{\"@type\":\"ReadAction\",\"target\":[\"https:\/\/lasfuentesid.com\/index.php\/2025\/03\/03\/resena-segunda-interregional-r2-y-r3\/\"]}]},{\"@type\":\"ImageObject\",\"inLanguage\":\"es\",\"@id\":\"https:\/\/lasfuentesid.com\/index.php\/2025\/03\/03\/resena-segunda-interregional-r2-y-r3\/#primaryimage\",\"url\":\"https:\/\/lasfuentesid.com\/wp-content\/uploads\/2025\/05\/IMG-20250204-WA0009.jpg\",\"contentUrl\":\"https:\/\/lasfuentesid.com\/wp-content\/uploads\/2025\/05\/IMG-20250204-WA0009.jpg\",\"width\":1600,\"height\":884},{\"@type\":\"BreadcrumbList\",\"@id\":\"https:\/\/lasfuentesid.com\/index.php\/2025\/03\/03\/resena-segunda-interregional-r2-y-r3\/#breadcrumb\",\"itemListElement\":[{\"@type\":\"ListItem\",\"position\":1,\"name\":\"Portada\",\"item\":\"https:\/\/lasfuentesid.com\/\"},{\"@type\":\"ListItem\",\"position\":2,\"name\":\"Rese\u00f1a Segunda Interregional R2 y R3\"}]},{\"@type\":\"WebSite\",\"@id\":\"https:\/\/lasfuentesid.com\/#website\",\"url\":\"https:\/\/lasfuentesid.com\/\",\"name\":\"Iglesia de Dios Las Fuentes\",\"description\":\"Iglesia de Dios en Las Fuentes\",\"publisher\":{\"@id\":\"https:\/\/lasfuentesid.com\/#organization\"},\"potentialAction\":[{\"@type\":\"SearchAction\",\"target\":{\"@type\":\"EntryPoint\",\"urlTemplate\":\"https:\/\/lasfuentesid.com\/?s={search_term_string}\"},\"query-input\":{\"@type\":\"PropertyValueSpecification\",\"valueRequired\":true,\"valueName\":\"search_term_string\"}}],\"inLanguage\":\"es\"},{\"@type\":\"Organization\",\"@id\":\"https:\/\/lasfuentesid.com\/#organization\",\"name\":\"Iglesia de Dios en Las Fuentes\",\"url\":\"https:\/\/lasfuentesid.com\/\",\"logo\":{\"@type\":\"ImageObject\",\"inLanguage\":\"es\",\"@id\":\"https:\/\/lasfuentesid.com\/#\/schema\/logo\/image\/\",\"url\":\"\",\"contentUrl\":\"\",\"caption\":\"Iglesia de Dios en Las Fuentes\"},\"image\":{\"@id\":\"https:\/\/lasfuentesid.com\/#\/schema\/logo\/image\/\"},\"sameAs\":[\"https:\/\/www.youtube.com\/channel\/UCVMiqC-dmiK24eBW4B3_fow\"]},{\"@type\":\"Person\",\"@id\":\"https:\/\/lasfuentesid.com\/#\/schema\/person\/05f3d6e6943eb2f265eb3c3c19372886\",\"name\":\"Hno. Johan Flores\",\"url\":\"https:\/\/lasfuentesid.com\/index.php\/author\/johan\/\"}]}<\/script>\n<!-- \/ Yoast SEO plugin. -->","yoast_head_json":{"title":"Rese\u00f1a Segunda Interregional R2 y R3 - Las Fuentes ID","description":"Conscientes de dedicar nuestra vida al Padre Eterno en santidad y con un coraz\u00f3n digno de ser perfecto para alcanzar el est\u00e1ndar impuesto por Jesucristo cuando vino a este mundo; agradecidos en mente a Dios por la bendici\u00f3n tan grande de haberse hecho realidad ese deseo nuestro de efectuar una reuni\u00f3n juvenil de categor\u00eda \u00fanica, emotiva y especial de inicio a fin, nutritiva en el aspecto espiritual y material\u2026 la Segunda Reuni\u00f3n Interregional Juvenil.","robots":{"index":"index","follow":"follow","max-snippet":"max-snippet:-1","max-image-preview":"max-image-preview:large","max-video-preview":"max-video-preview:-1"},"canonical":"https:\/\/lasfuentesid.com\/index.php\/2025\/03\/03\/resena-segunda-interregional-r2-y-r3\/","og_locale":"es_ES","og_type":"article","og_title":"Rese\u00f1a Segunda Interregional R2 y R3 - Las Fuentes ID","og_description":"Conscientes de dedicar nuestra vida al Padre Eterno en santidad y con un coraz\u00f3n digno de ser perfecto para alcanzar el est\u00e1ndar impuesto por Jesucristo cuando vino a este mundo; agradecidos en mente a Dios por la bendici\u00f3n tan grande de haberse hecho realidad ese deseo nuestro de efectuar una reuni\u00f3n juvenil de categor\u00eda \u00fanica, emotiva y especial de inicio a fin, nutritiva en el aspecto espiritual y material\u2026 la Segunda Reuni\u00f3n Interregional Juvenil.","og_url":"https:\/\/lasfuentesid.com\/index.php\/2025\/03\/03\/resena-segunda-interregional-r2-y-r3\/","og_site_name":"Las Fuentes ID","article_published_time":"2025-03-03T02:39:00+00:00","article_modified_time":"2025-06-10T05:38:34+00:00","og_image":[{"width":1600,"height":884,"url":"https:\/\/lasfuentesid.com\/wp-content\/uploads\/2025\/05\/IMG-20250204-WA0009.jpg","type":"image\/jpeg"}],"author":"Hno. Johan Flores","twitter_card":"summary_large_image","twitter_misc":{"Escrito por":"Hno. Johan Flores","Tiempo de lectura":"23 minutos"},"schema":{"@context":"https:\/\/schema.org","@graph":[{"@type":"Article","@id":"https:\/\/lasfuentesid.com\/index.php\/2025\/03\/03\/resena-segunda-interregional-r2-y-r3\/#article","isPartOf":{"@id":"https:\/\/lasfuentesid.com\/index.php\/2025\/03\/03\/resena-segunda-interregional-r2-y-r3\/"},"author":{"name":"Hno. Johan Flores","@id":"https:\/\/lasfuentesid.com\/#\/schema\/person\/05f3d6e6943eb2f265eb3c3c19372886"},"headline":"Rese\u00f1a Segunda Interregional R2 y R3","datePublished":"2025-03-03T02:39:00+00:00","dateModified":"2025-06-10T05:38:34+00:00","mainEntityOfPage":{"@id":"https:\/\/lasfuentesid.com\/index.php\/2025\/03\/03\/resena-segunda-interregional-r2-y-r3\/"},"wordCount":4323,"publisher":{"@id":"https:\/\/lasfuentesid.com\/#organization"},"image":{"@id":"https:\/\/lasfuentesid.com\/index.php\/2025\/03\/03\/resena-segunda-interregional-r2-y-r3\/#primaryimage"},"thumbnailUrl":"https:\/\/lasfuentesid.com\/wp-content\/uploads\/2025\/05\/IMG-20250204-WA0009.jpg","inLanguage":"es"},{"@type":"WebPage","@id":"https:\/\/lasfuentesid.com\/index.php\/2025\/03\/03\/resena-segunda-interregional-r2-y-r3\/","url":"https:\/\/lasfuentesid.com\/index.php\/2025\/03\/03\/resena-segunda-interregional-r2-y-r3\/","name":"Rese\u00f1a Segunda Interregional R2 y R3 - Las Fuentes ID","isPartOf":{"@id":"https:\/\/lasfuentesid.com\/#website"},"primaryImageOfPage":{"@id":"https:\/\/lasfuentesid.com\/index.php\/2025\/03\/03\/resena-segunda-interregional-r2-y-r3\/#primaryimage"},"image":{"@id":"https:\/\/lasfuentesid.com\/index.php\/2025\/03\/03\/resena-segunda-interregional-r2-y-r3\/#primaryimage"},"thumbnailUrl":"https:\/\/lasfuentesid.com\/wp-content\/uploads\/2025\/05\/IMG-20250204-WA0009.jpg","datePublished":"2025-03-03T02:39:00+00:00","dateModified":"2025-06-10T05:38:34+00:00","description":"Conscientes de dedicar nuestra vida al Padre Eterno en santidad y con un coraz\u00f3n digno de ser perfecto para alcanzar el est\u00e1ndar impuesto por Jesucristo cuando vino a este mundo; agradecidos en mente a Dios por la bendici\u00f3n tan grande de haberse hecho realidad ese deseo nuestro de efectuar una reuni\u00f3n juvenil de categor\u00eda \u00fanica, emotiva y especial de inicio a fin, nutritiva en el aspecto espiritual y material\u2026 la Segunda Reuni\u00f3n Interregional Juvenil.","breadcrumb":{"@id":"https:\/\/lasfuentesid.com\/index.php\/2025\/03\/03\/resena-segunda-interregional-r2-y-r3\/#breadcrumb"},"inLanguage":"es","potentialAction":[{"@type":"ReadAction","target":["https:\/\/lasfuentesid.com\/index.php\/2025\/03\/03\/resena-segunda-interregional-r2-y-r3\/"]}]},{"@type":"ImageObject","inLanguage":"es","@id":"https:\/\/lasfuentesid.com\/index.php\/2025\/03\/03\/resena-segunda-interregional-r2-y-r3\/#primaryimage","url":"https:\/\/lasfuentesid.com\/wp-content\/uploads\/2025\/05\/IMG-20250204-WA0009.jpg","contentUrl":"https:\/\/lasfuentesid.com\/wp-content\/uploads\/2025\/05\/IMG-20250204-WA0009.jpg","width":1600,"height":884},{"@type":"BreadcrumbList","@id":"https:\/\/lasfuentesid.com\/index.php\/2025\/03\/03\/resena-segunda-interregional-r2-y-r3\/#breadcrumb","itemListElement":[{"@type":"ListItem","position":1,"name":"Portada","item":"https:\/\/lasfuentesid.com\/"},{"@type":"ListItem","position":2,"name":"Rese\u00f1a Segunda Interregional R2 y R3"}]},{"@type":"WebSite","@id":"https:\/\/lasfuentesid.com\/#website","url":"https:\/\/lasfuentesid.com\/","name":"Iglesia de Dios Las Fuentes","description":"Iglesia de Dios en Las Fuentes","publisher":{"@id":"https:\/\/lasfuentesid.com\/#organization"},"potentialAction":[{"@type":"SearchAction","target":{"@type":"EntryPoint","urlTemplate":"https:\/\/lasfuentesid.com\/?s={search_term_string}"},"query-input":{"@type":"PropertyValueSpecification","valueRequired":true,"valueName":"search_term_string"}}],"inLanguage":"es"},{"@type":"Organization","@id":"https:\/\/lasfuentesid.com\/#organization","name":"Iglesia de Dios en Las Fuentes","url":"https:\/\/lasfuentesid.com\/","logo":{"@type":"ImageObject","inLanguage":"es","@id":"https:\/\/lasfuentesid.com\/#\/schema\/logo\/image\/","url":"","contentUrl":"","caption":"Iglesia de Dios en Las Fuentes"},"image":{"@id":"https:\/\/lasfuentesid.com\/#\/schema\/logo\/image\/"},"sameAs":["https:\/\/www.youtube.com\/channel\/UCVMiqC-dmiK24eBW4B3_fow"]},{"@type":"Person","@id":"https:\/\/lasfuentesid.com\/#\/schema\/person\/05f3d6e6943eb2f265eb3c3c19372886","name":"Hno. Johan Flores","url":"https:\/\/lasfuentesid.com\/index.php\/author\/johan\/"}]}},"_links":{"self":[{"href":"https:\/\/lasfuentesid.com\/index.php\/wp-json\/wp\/v2\/posts\/6034","targetHints":{"allow":["GET"]}}],"collection":[{"href":"https:\/\/lasfuentesid.com\/index.php\/wp-json\/wp\/v2\/posts"}],"about":[{"href":"https:\/\/lasfuentesid.com\/index.php\/wp-json\/wp\/v2\/types\/post"}],"author":[{"embeddable":true,"href":"https:\/\/lasfuentesid.com\/index.php\/wp-json\/wp\/v2\/users\/10"}],"replies":[{"embeddable":true,"href":"https:\/\/lasfuentesid.com\/index.php\/wp-json\/wp\/v2\/comments?post=6034"}],"version-history":[{"count":3,"href":"https:\/\/lasfuentesid.com\/index.php\/wp-json\/wp\/v2\/posts\/6034\/revisions"}],"predecessor-version":[{"id":6056,"href":"https:\/\/lasfuentesid.com\/index.php\/wp-json\/wp\/v2\/posts\/6034\/revisions\/6056"}],"wp:featuredmedia":[{"embeddable":true,"href":"https:\/\/lasfuentesid.com\/index.php\/wp-json\/wp\/v2\/media\/6051"}],"wp:attachment":[{"href":"https:\/\/lasfuentesid.com\/index.php\/wp-json\/wp\/v2\/media?parent=6034"}],"wp:term":[{"taxonomy":"category","embeddable":true,"href":"https:\/\/lasfuentesid.com\/index.php\/wp-json\/wp\/v2\/categories?post=6034"},{"taxonomy":"post_tag","embeddable":true,"href":"https:\/\/lasfuentesid.com\/index.php\/wp-json\/wp\/v2\/tags?post=6034"}],"curies":[{"name":"wp","href":"https:\/\/api.w.org\/{rel}","templated":true}]}}