{"id":5959,"date":"2024-03-24T07:21:13","date_gmt":"2024-03-24T07:21:13","guid":{"rendered":"https:\/\/lasfuentesid.com\/?p=5959"},"modified":"2024-05-21T08:04:13","modified_gmt":"2024-05-21T08:04:13","slug":"culto-de-apertura-region-3","status":"publish","type":"post","link":"https:\/\/lasfuentesid.com\/index.php\/2024\/03\/24\/culto-de-apertura-region-3\/","title":{"rendered":"Culto de Apertura Regi\u00f3n 3"},"content":{"rendered":"\n<p><br>Marzo 24 de 2024. La fecha destinada por Dios (en su voluntad y misericordia) para celebrar una reuni\u00f3n que tendr\u00e1 por objetivo iniciar formalmente con las actividades concernientes con la juventud perteneciente a la Regi\u00f3n 3 y dar a conocer el gabinete que trabajar\u00e1 el tiempo que el Supremo Creador determine para edificarnos m\u00e1s en el aspecto espiritual y para el fortalecimiento de los lazos fraternales entre el pueblo de Dios, todos como hermanos en la fe que somos, apoy\u00e1ndonos entre nosotros para progresar y obtener la Vida Eterna. El culto que relataremos fue realizado por el Corejuv R3 bajo el siguiente texto estandarte por el que asistimos: <\/p>\n\n\n\n<blockquote class=\"wp-block-quote is-layout-flow wp-block-quote-is-layout-flow\">\n<p>\u201cAl\u00e9grese el coraz\u00f3n de los que buscan \u00e1 Jehov\u00e1\u201d (1 Cr\u00f3nicas 16.10) <\/p>\n<\/blockquote>\n\n\n<div class=\"wp-block-image\">\n<figure class=\"aligncenter size-large\"><img fetchpriority=\"high\" decoding=\"async\" width=\"768\" height=\"1024\" src=\"https:\/\/lasfuentesid.com\/wp-content\/uploads\/2024\/05\/20240324_191457-768x1024.jpg\" alt=\"\" class=\"wp-image-5961\" srcset=\"https:\/\/lasfuentesid.com\/wp-content\/uploads\/2024\/05\/20240324_191457-768x1024.jpg 768w, https:\/\/lasfuentesid.com\/wp-content\/uploads\/2024\/05\/20240324_191457-225x300.jpg 225w, https:\/\/lasfuentesid.com\/wp-content\/uploads\/2024\/05\/20240324_191457-1152x1536.jpg 1152w, https:\/\/lasfuentesid.com\/wp-content\/uploads\/2024\/05\/20240324_191457-1536x2048.jpg 1536w, https:\/\/lasfuentesid.com\/wp-content\/uploads\/2024\/05\/20240324_191457-203x270.jpg 203w, https:\/\/lasfuentesid.com\/wp-content\/uploads\/2024\/05\/20240324_191457-scaled.jpg 1920w\" sizes=\"(max-width: 768px) 100vw, 768px\" \/><\/figure>\n<\/div>\n\n\n<p><br>Y fue titulado como culto de Apertura Regi\u00f3n 3 para recibir a los que se alegran buscando al Todopoderoso de coraz\u00f3n, entre todos ellos, la Fraternidad Juvenil Cristiana de Las Fuentes tambi\u00e9n est\u00e1 incluida.  Para efectuarse este culto se eligi\u00f3 a la sede ubicada en San Mart\u00edn Cuautlalpan, municipio de Chalco, Estado de M\u00e9xico, que es el templo llamado <strong><em>\u201cJabneel Amishadai\u201d<\/em><\/strong>, edificaci\u00f3n que ha albergado tres reuniones juveniles de la regi\u00f3n desde su remodelaci\u00f3n m\u00e1s reciente, a loas que hemos asistido. Los hermanos congregantes de este templo trabajaron arduamente de ma\u00f1ana (tal vez tambi\u00e9n trabajaron al finalizar el d\u00eda s\u00e1bado, anterior a la reuni\u00f3n) para recibir a los hermanos j\u00f3venes y miembros ministeriales con un desayuno que les otorgara energ\u00edas f\u00edsicas suficientes para alabar y adorar al Creador de todo, teniendo clara la meta de esperar a un n\u00famero aproximado de 260 asistentes, entre j\u00f3venes y Ministerio para ser alimentados con las bendiciones de Dios.<\/p>\n\n\n\n<p><br>Pasados 18 minutos despu\u00e9s de las 10 de la ma\u00f1ana, es como inicia formalmente la reuni\u00f3n en la que figur\u00f3 como director de la primera parte el hno. Gabriel Tufi\u00f1o, buscando dirigir los pasos de la juventud de la Iglesia de Dios hacia la adoraci\u00f3n de la presencia de quien nos cre\u00f3 y nos dio vida, teniendo a su diestra a su Hijo amado Jesucristo, a quien tambi\u00e9n se le rinde tributo por perdonar nuestros pecados. Como toda actividad que realizamos, nos encomendamos en una oraci\u00f3n al Padre Eterno, para lo cual el hno. Min. Fredy Medina fue quien la llev\u00f3 a cabo y dio paso a la bienvenida del hno. Di\u00e1c. Fernando P\u00e9rez a nombre de los congregantes de <strong><em>\u201cJabneel Amishadai\u201d<\/em><\/strong>. Despu\u00e9s de estos n\u00fameros, el orden del d\u00eda suger\u00eda presentar antes que nada el objetivo al que fuimos motivados a dejar de lado nuestras otras actividades y asistir al llamado que nuestro Dios nos present\u00f3, es por ello que la FJC de Vicente Villada y el Comit\u00e9 juvenil presentaron la composici\u00f3n musical correspondiente al culto llamada <strong><em>\u201cEn La B\u00fasqueda De Dios\u201d<\/em><\/strong>, basado en el pasaje mencionado al inicio, con la lectura del mismo previamente a la presentaci\u00f3n.<\/p>\n\n\n\n<figure class=\"wp-block-gallery has-nested-images columns-default is-cropped wp-block-gallery-1 is-layout-flex wp-block-gallery-is-layout-flex\">\n<figure class=\"wp-block-image size-large\"><img decoding=\"async\" width=\"1024\" height=\"768\" data-id=\"5963\" data-src=\"https:\/\/lasfuentesid.com\/wp-content\/uploads\/2024\/05\/20240324_173512-1024x768.jpg\" alt=\"\" class=\"wp-image-5963 lazyload\" data-srcset=\"https:\/\/lasfuentesid.com\/wp-content\/uploads\/2024\/05\/20240324_173512-1024x768.jpg 1024w, https:\/\/lasfuentesid.com\/wp-content\/uploads\/2024\/05\/20240324_173512-300x225.jpg 300w, https:\/\/lasfuentesid.com\/wp-content\/uploads\/2024\/05\/20240324_173512-768x576.jpg 768w, https:\/\/lasfuentesid.com\/wp-content\/uploads\/2024\/05\/20240324_173512-1536x1152.jpg 1536w, https:\/\/lasfuentesid.com\/wp-content\/uploads\/2024\/05\/20240324_173512-2048x1536.jpg 2048w, https:\/\/lasfuentesid.com\/wp-content\/uploads\/2024\/05\/20240324_173512-360x270.jpg 360w\" data-sizes=\"(max-width: 1024px) 100vw, 1024px\" src=\"data:image\/svg+xml;base64,PHN2ZyB3aWR0aD0iMSIgaGVpZ2h0PSIxIiB4bWxucz0iaHR0cDovL3d3dy53My5vcmcvMjAwMC9zdmciPjwvc3ZnPg==\" style=\"--smush-placeholder-width: 1024px; --smush-placeholder-aspect-ratio: 1024\/768;\" \/><\/figure>\n\n\n\n<figure class=\"wp-block-image size-large\"><img decoding=\"async\" width=\"1024\" height=\"768\" data-id=\"5964\" data-src=\"https:\/\/lasfuentesid.com\/wp-content\/uploads\/2024\/05\/20240324_173527-1024x768.jpg\" alt=\"\" class=\"wp-image-5964 lazyload\" data-srcset=\"https:\/\/lasfuentesid.com\/wp-content\/uploads\/2024\/05\/20240324_173527-1024x768.jpg 1024w, https:\/\/lasfuentesid.com\/wp-content\/uploads\/2024\/05\/20240324_173527-300x225.jpg 300w, https:\/\/lasfuentesid.com\/wp-content\/uploads\/2024\/05\/20240324_173527-768x576.jpg 768w, https:\/\/lasfuentesid.com\/wp-content\/uploads\/2024\/05\/20240324_173527-1536x1152.jpg 1536w, https:\/\/lasfuentesid.com\/wp-content\/uploads\/2024\/05\/20240324_173527-2048x1536.jpg 2048w, https:\/\/lasfuentesid.com\/wp-content\/uploads\/2024\/05\/20240324_173527-360x270.jpg 360w\" data-sizes=\"(max-width: 1024px) 100vw, 1024px\" src=\"data:image\/svg+xml;base64,PHN2ZyB3aWR0aD0iMSIgaGVpZ2h0PSIxIiB4bWxucz0iaHR0cDovL3d3dy53My5vcmcvMjAwMC9zdmciPjwvc3ZnPg==\" style=\"--smush-placeholder-width: 1024px; --smush-placeholder-aspect-ratio: 1024\/768;\" \/><\/figure>\n\n\n\n<figure class=\"wp-block-image size-large\"><img decoding=\"async\" width=\"1024\" height=\"768\" data-id=\"5962\" data-src=\"https:\/\/lasfuentesid.com\/wp-content\/uploads\/2024\/05\/20240324_183324-1024x768.jpg\" alt=\"\" class=\"wp-image-5962 lazyload\" data-srcset=\"https:\/\/lasfuentesid.com\/wp-content\/uploads\/2024\/05\/20240324_183324-1024x768.jpg 1024w, https:\/\/lasfuentesid.com\/wp-content\/uploads\/2024\/05\/20240324_183324-300x225.jpg 300w, https:\/\/lasfuentesid.com\/wp-content\/uploads\/2024\/05\/20240324_183324-768x576.jpg 768w, https:\/\/lasfuentesid.com\/wp-content\/uploads\/2024\/05\/20240324_183324-1536x1152.jpg 1536w, https:\/\/lasfuentesid.com\/wp-content\/uploads\/2024\/05\/20240324_183324-2048x1536.jpg 2048w, https:\/\/lasfuentesid.com\/wp-content\/uploads\/2024\/05\/20240324_183324-360x270.jpg 360w\" data-sizes=\"(max-width: 1024px) 100vw, 1024px\" src=\"data:image\/svg+xml;base64,PHN2ZyB3aWR0aD0iMSIgaGVpZ2h0PSIxIiB4bWxucz0iaHR0cDovL3d3dy53My5vcmcvMjAwMC9zdmciPjwvc3ZnPg==\" style=\"--smush-placeholder-width: 1024px; --smush-placeholder-aspect-ratio: 1024\/768;\" \/><\/figure>\n<\/figure>\n\n\n\n<p><br>Luego de unos momentos de exaltaci\u00f3n al Eterno, se pone en manos de Dios la actividad que sigue, por lo que el hno. Di\u00e1c. Gonzalo Tufi\u00f1o se encarga de la plegaria y, terminada la misma, se da paso al foro de dudas sobre temas referentes al evangelismo, estando al frente los hnos. Ministros Rub\u00e9n Bartolini, Adel\u00ed Arzate y Mart\u00edn Ochoa para responder las preguntas que, de manera an\u00f3nima, presentaron los j\u00f3venes de la Regi\u00f3n 3 mediante formularios. Cada intervenci\u00f3n de los hnos. Ministros fue guiada con el Esp\u00edritu de Dios, hablando lo que su Palabra ver\u00eddica determina y haciendo caso omiso a ideolog\u00edas o teor\u00edas de gentiles.<\/p>\n\n\n\n<p><br>Al t\u00e9rmino del foro, e interpretado el himno lema de la reuni\u00f3n, se da paso a un descanso de aproximadamente 37 minutos, los cuales fueron suficientes para que disfrut\u00e1ramos de paletas de hielo a base de agua de varios sabores basados en frutas y chamoy. Las actividades se reanudan 17 minutos despu\u00e9s de la 1 de la tarde, tomando la batuta de la direcci\u00f3n de culto el hno. Isaac Olvera, quien nos conduce para recibir el alimento espiritual, pues sabemos que <\/p>\n\n\n\n<blockquote class=\"wp-block-quote is-layout-flow wp-block-quote-is-layout-flow\">\n<p>\u201cNo con solo el pan vivir\u00e1 el hombre, mas con toda palabra que sale de la boca de Dios\u201d (Mateo 4.4). <\/p>\n<\/blockquote>\n\n\n\n<p><br>Antes de presenciar el serm\u00f3n del d\u00eda, el hno. Min. Miguel Ramales dedica en una oraci\u00f3n dicho espacio de alimentaci\u00f3n espiritual al Padre Celestial y, concluida \u00e9sta, el hno. Rub\u00e9n Bartolini inicia con su predicaci\u00f3n titulada <strong><em>\u201cMi B\u00fasqueda Para Hallar A Dios\u201d<\/em><\/strong>, un tema que, en ese momento, nos hizo reflexionar sobre los llamados que hemos atendido de nuestro Dios y la importancia de seguir busc\u00e1ndolo de coraz\u00f3n.<\/p>\n\n\n\n<figure class=\"wp-block-gallery has-nested-images columns-default is-cropped wp-block-gallery-2 is-layout-flex wp-block-gallery-is-layout-flex\">\n<figure class=\"wp-block-image size-large\"><img decoding=\"async\" width=\"1024\" height=\"768\" data-id=\"5965\" data-src=\"https:\/\/lasfuentesid.com\/wp-content\/uploads\/2024\/05\/20240324_171727-1024x768.jpg\" alt=\"\" class=\"wp-image-5965 lazyload\" data-srcset=\"https:\/\/lasfuentesid.com\/wp-content\/uploads\/2024\/05\/20240324_171727-1024x768.jpg 1024w, https:\/\/lasfuentesid.com\/wp-content\/uploads\/2024\/05\/20240324_171727-300x225.jpg 300w, https:\/\/lasfuentesid.com\/wp-content\/uploads\/2024\/05\/20240324_171727-768x576.jpg 768w, https:\/\/lasfuentesid.com\/wp-content\/uploads\/2024\/05\/20240324_171727-1536x1152.jpg 1536w, https:\/\/lasfuentesid.com\/wp-content\/uploads\/2024\/05\/20240324_171727-2048x1536.jpg 2048w, https:\/\/lasfuentesid.com\/wp-content\/uploads\/2024\/05\/20240324_171727-360x270.jpg 360w\" data-sizes=\"(max-width: 1024px) 100vw, 1024px\" src=\"data:image\/svg+xml;base64,PHN2ZyB3aWR0aD0iMSIgaGVpZ2h0PSIxIiB4bWxucz0iaHR0cDovL3d3dy53My5vcmcvMjAwMC9zdmciPjwvc3ZnPg==\" style=\"--smush-placeholder-width: 1024px; --smush-placeholder-aspect-ratio: 1024\/768;\" \/><\/figure>\n\n\n\n<figure class=\"wp-block-image size-large\"><img decoding=\"async\" width=\"1024\" height=\"768\" data-id=\"5966\" data-src=\"https:\/\/lasfuentesid.com\/wp-content\/uploads\/2024\/05\/20240324_170638-1024x768.jpg\" alt=\"\" class=\"wp-image-5966 lazyload\" data-srcset=\"https:\/\/lasfuentesid.com\/wp-content\/uploads\/2024\/05\/20240324_170638-1024x768.jpg 1024w, https:\/\/lasfuentesid.com\/wp-content\/uploads\/2024\/05\/20240324_170638-300x225.jpg 300w, https:\/\/lasfuentesid.com\/wp-content\/uploads\/2024\/05\/20240324_170638-768x576.jpg 768w, https:\/\/lasfuentesid.com\/wp-content\/uploads\/2024\/05\/20240324_170638-1536x1152.jpg 1536w, https:\/\/lasfuentesid.com\/wp-content\/uploads\/2024\/05\/20240324_170638-2048x1536.jpg 2048w, https:\/\/lasfuentesid.com\/wp-content\/uploads\/2024\/05\/20240324_170638-360x270.jpg 360w\" data-sizes=\"(max-width: 1024px) 100vw, 1024px\" src=\"data:image\/svg+xml;base64,PHN2ZyB3aWR0aD0iMSIgaGVpZ2h0PSIxIiB4bWxucz0iaHR0cDovL3d3dy53My5vcmcvMjAwMC9zdmciPjwvc3ZnPg==\" style=\"--smush-placeholder-width: 1024px; --smush-placeholder-aspect-ratio: 1024\/768;\" \/><\/figure>\n\n\n\n<figure class=\"wp-block-image size-large\"><img decoding=\"async\" width=\"1024\" height=\"683\" data-id=\"5967\" data-src=\"https:\/\/lasfuentesid.com\/wp-content\/uploads\/2024\/05\/DSC00333-1024x683.jpg\" alt=\"\" class=\"wp-image-5967 lazyload\" data-srcset=\"https:\/\/lasfuentesid.com\/wp-content\/uploads\/2024\/05\/DSC00333-1024x683.jpg 1024w, https:\/\/lasfuentesid.com\/wp-content\/uploads\/2024\/05\/DSC00333-300x200.jpg 300w, https:\/\/lasfuentesid.com\/wp-content\/uploads\/2024\/05\/DSC00333-768x512.jpg 768w, https:\/\/lasfuentesid.com\/wp-content\/uploads\/2024\/05\/DSC00333-1536x1024.jpg 1536w, https:\/\/lasfuentesid.com\/wp-content\/uploads\/2024\/05\/DSC00333-2048x1365.jpg 2048w, https:\/\/lasfuentesid.com\/wp-content\/uploads\/2024\/05\/DSC00333-405x270.jpg 405w\" data-sizes=\"(max-width: 1024px) 100vw, 1024px\" src=\"data:image\/svg+xml;base64,PHN2ZyB3aWR0aD0iMSIgaGVpZ2h0PSIxIiB4bWxucz0iaHR0cDovL3d3dy53My5vcmcvMjAwMC9zdmciPjwvc3ZnPg==\" style=\"--smush-placeholder-width: 1024px; --smush-placeholder-aspect-ratio: 1024\/683;\" \/><\/figure>\n<\/figure>\n\n\n\n<p><br>Despu\u00e9s de aquellos momentos de reflexi\u00f3n, y cerca de la hora de la comida material que tambi\u00e9n Dios dispondr\u00eda de nosotros a trav\u00e9s de nuestros hermanos anfitriones, el hno. Efra\u00edn Lira, segundo vicepresidente regional juvenil, menciona alg\u00fan aviso referente a la fotograf\u00eda oficial del evento, el espacio destinado a la alimentaci\u00f3n y la tercera parte del culto que seguir\u00e1 una vez concluido el tiempo destinado a la comida. Para cerrar con esta segunda parte, el hno. Min. Mart\u00edn Ochoa inst\u00f3 a la concurrencia a agradecer a Dios por lo realizado en las dos partes de la reuni\u00f3n realizada, por medio de una oraci\u00f3n, para despu\u00e9s consumir y degustar de las bendiciones materiales que Dios nos ha dejado para la ocasi\u00f3n.<\/p>\n\n\n\n<p><br>1 hora y media despu\u00e9s, alrededor de las 4:30 de la tarde, el hno. Gamaliel Hern\u00e1ndez da inicio al espacio de alabanzas especiales en donde figuran las siguientes congregaciones con sus participaciones: Las Fuentes, El Castillo, Maravillas, San Salvador Atenco, El Salado junto con Amecameca, Tl\u00e1huac, Valle Verde, Santa \u00darsula Xitla, Emiliano Zapata y San Mart\u00edn Cuautlalpan; todas estas fraternidades juveniles determinaron ofrecer un holocausto a Dios, materializado en forma de cantos espirituales para adorarlo constantemente. Al finalizar este espacio destinado a la alabanza y adoraci\u00f3n al Omnipotente, de nuevo se hacen presentes avisos relacionados con los medios oficiales del Corejuv Regi\u00f3n 3, el orden y la disciplina que debe guardarse al tener el deseo de asistir a alguna reuni\u00f3n que est\u00e9 realizando otras regiones y el esquema de pagos para la asistencia a la Convocaci\u00f3n Nacional Juvenil edici\u00f3n 37, adem\u00e1s de invitaciones a trabajar en proyectos regionales concernientes a la juventud.<\/p>\n\n\n\n<figure class=\"wp-block-gallery has-nested-images columns-default is-cropped wp-block-gallery-3 is-layout-flex wp-block-gallery-is-layout-flex\">\n<figure class=\"wp-block-image size-large\"><img decoding=\"async\" width=\"1024\" height=\"682\" data-id=\"5970\" data-src=\"https:\/\/lasfuentesid.com\/wp-content\/uploads\/2024\/05\/DSC_0419_edited-1024x682.jpg\" alt=\"\" class=\"wp-image-5970 lazyload\" data-srcset=\"https:\/\/lasfuentesid.com\/wp-content\/uploads\/2024\/05\/DSC_0419_edited-1024x682.jpg 1024w, https:\/\/lasfuentesid.com\/wp-content\/uploads\/2024\/05\/DSC_0419_edited-300x200.jpg 300w, https:\/\/lasfuentesid.com\/wp-content\/uploads\/2024\/05\/DSC_0419_edited-768x511.jpg 768w, https:\/\/lasfuentesid.com\/wp-content\/uploads\/2024\/05\/DSC_0419_edited-1536x1023.jpg 1536w, https:\/\/lasfuentesid.com\/wp-content\/uploads\/2024\/05\/DSC_0419_edited-2048x1363.jpg 2048w, https:\/\/lasfuentesid.com\/wp-content\/uploads\/2024\/05\/DSC_0419_edited-406x270.jpg 406w\" data-sizes=\"(max-width: 1024px) 100vw, 1024px\" src=\"data:image\/svg+xml;base64,PHN2ZyB3aWR0aD0iMSIgaGVpZ2h0PSIxIiB4bWxucz0iaHR0cDovL3d3dy53My5vcmcvMjAwMC9zdmciPjwvc3ZnPg==\" style=\"--smush-placeholder-width: 1024px; --smush-placeholder-aspect-ratio: 1024\/682;\" \/><\/figure>\n\n\n\n<figure class=\"wp-block-image size-large\"><img decoding=\"async\" width=\"1024\" height=\"682\" data-id=\"5969\" data-src=\"https:\/\/lasfuentesid.com\/wp-content\/uploads\/2024\/05\/DSC_0405_edited-1024x682.jpg\" alt=\"\" class=\"wp-image-5969 lazyload\" data-srcset=\"https:\/\/lasfuentesid.com\/wp-content\/uploads\/2024\/05\/DSC_0405_edited-1024x682.jpg 1024w, https:\/\/lasfuentesid.com\/wp-content\/uploads\/2024\/05\/DSC_0405_edited-300x200.jpg 300w, https:\/\/lasfuentesid.com\/wp-content\/uploads\/2024\/05\/DSC_0405_edited-768x511.jpg 768w, https:\/\/lasfuentesid.com\/wp-content\/uploads\/2024\/05\/DSC_0405_edited-1536x1023.jpg 1536w, https:\/\/lasfuentesid.com\/wp-content\/uploads\/2024\/05\/DSC_0405_edited-2048x1363.jpg 2048w, https:\/\/lasfuentesid.com\/wp-content\/uploads\/2024\/05\/DSC_0405_edited-406x270.jpg 406w\" data-sizes=\"(max-width: 1024px) 100vw, 1024px\" src=\"data:image\/svg+xml;base64,PHN2ZyB3aWR0aD0iMSIgaGVpZ2h0PSIxIiB4bWxucz0iaHR0cDovL3d3dy53My5vcmcvMjAwMC9zdmciPjwvc3ZnPg==\" style=\"--smush-placeholder-width: 1024px; --smush-placeholder-aspect-ratio: 1024\/682;\" \/><\/figure>\n\n\n\n<figure class=\"wp-block-image size-large\"><img decoding=\"async\" width=\"1024\" height=\"683\" data-id=\"5968\" data-src=\"https:\/\/lasfuentesid.com\/wp-content\/uploads\/2024\/05\/DSC00324-1024x683.jpg\" alt=\"\" class=\"wp-image-5968 lazyload\" data-srcset=\"https:\/\/lasfuentesid.com\/wp-content\/uploads\/2024\/05\/DSC00324-1024x683.jpg 1024w, https:\/\/lasfuentesid.com\/wp-content\/uploads\/2024\/05\/DSC00324-300x200.jpg 300w, https:\/\/lasfuentesid.com\/wp-content\/uploads\/2024\/05\/DSC00324-768x512.jpg 768w, https:\/\/lasfuentesid.com\/wp-content\/uploads\/2024\/05\/DSC00324-1536x1024.jpg 1536w, https:\/\/lasfuentesid.com\/wp-content\/uploads\/2024\/05\/DSC00324-2048x1365.jpg 2048w, https:\/\/lasfuentesid.com\/wp-content\/uploads\/2024\/05\/DSC00324-405x270.jpg 405w\" data-sizes=\"(max-width: 1024px) 100vw, 1024px\" src=\"data:image\/svg+xml;base64,PHN2ZyB3aWR0aD0iMSIgaGVpZ2h0PSIxIiB4bWxucz0iaHR0cDovL3d3dy53My5vcmcvMjAwMC9zdmciPjwvc3ZnPg==\" style=\"--smush-placeholder-width: 1024px; --smush-placeholder-aspect-ratio: 1024\/683;\" \/><\/figure>\n<\/figure>\n\n\n\n<p><br>Antes de finalizar, tanto con el culto como con la redacci\u00f3n del mismo, el hno. Ob. Josu\u00e9 Ibarra agradece, en nombre de los congregantes de <strong><em>\u201cJabneel Amishadai\u201d<\/em><\/strong>, por considerar a la sede anfitriona para celebrar una reuni\u00f3n juvenil m\u00e1s, el hno. Min. Rub\u00e9n Bartolini concluye con este culto elevando una oraci\u00f3n al Padre y la bendici\u00f3n apost\u00f3lica correspondiente; por \u00faltimo nos despedimos entre todos los asistentes para seguir fortaleciendo los lazos fraternales que nos unen, contando con una enorme gratitud a Dios por haber llevado a cabo esta reuni\u00f3n y deseando de coraz\u00f3n volver a reunirnos en la manera en que disponga nuestro Dios para crecimiento espiritual. As\u00ed es como termina una reuni\u00f3n regional m\u00e1s, con horario de las 6 de la tarde, encamin\u00e1ndonos a nuestros hogares y pidiendo tambi\u00e9n a Dios que gu\u00ede nuestro andar, tal como lo ha hecho desde siempre.<br><br><\/p>\n\n\n\n<figure class=\"wp-block-embed is-type-video is-provider-youtube wp-block-embed-youtube wp-embed-aspect-16-9 wp-has-aspect-ratio\"><div class=\"wp-block-embed__wrapper\">\n<iframe title=\"Participaci\u00f3n especial de la FJC Las Fuentes en el Culto de Apertura 2024\" width=\"640\" height=\"360\" data-src=\"https:\/\/www.youtube.com\/embed\/RhnvDGc9B4c?feature=oembed\" frameborder=\"0\" allow=\"accelerometer; autoplay; clipboard-write; encrypted-media; gyroscope; picture-in-picture; web-share\" referrerpolicy=\"strict-origin-when-cross-origin\" allowfullscreen src=\"data:image\/svg+xml;base64,PHN2ZyB3aWR0aD0iMSIgaGVpZ2h0PSIxIiB4bWxucz0iaHR0cDovL3d3dy53My5vcmcvMjAwMC9zdmciPjwvc3ZnPg==\" class=\"lazyload\" data-load-mode=\"1\"><\/iframe>\n<\/div><\/figure>\n\n\n\n<p><br><\/p>\n","protected":false},"excerpt":{"rendered":"<p>Marzo 24 de 2024. La fecha destinada por Dios (en su voluntad y misericordia) para celebrar una reuni\u00f3n que tendr\u00e1 por objetivo iniciar formalmente con las actividades concernientes con la juventud perteneciente a la Regi\u00f3n 3 y dar a conocer el gabinete que trabajar\u00e1 el tiempo que el Supremo Creador determine para edificarnos m\u00e1s en el aspecto espiritual y para el fortalecimiento de los lazos fraternales entre el pueblo de Dios, todos como hermanos en la fe que somos, apoy\u00e1ndonos entre nosotros para progresar y obtener la Vida Eterna. El culto que relataremos fue realizado por el Corejuv R3 bajo el siguiente texto estandarte por el que asistimos: \u201cAl\u00e9grese el coraz\u00f3n de los que buscan \u00e1 Jehov\u00e1\u201d (1 Cr\u00f3nicas 16.10).<\/p>\n","protected":false},"author":10,"featured_media":5960,"comment_status":"closed","ping_status":"closed","sticky":false,"template":"","format":"standard","meta":{"_monsterinsights_skip_tracking":false,"_monsterinsights_sitenote_active":false,"_monsterinsights_sitenote_note":"","_monsterinsights_sitenote_category":0,"footnotes":""},"categories":[98],"tags":[],"class_list":["post-5959","post","type-post","status-publish","format-standard","has-post-thumbnail","hentry","category-fraternidad-juvenil"],"yoast_head":"<!-- This site is optimized with the Yoast SEO plugin v25.6 - https:\/\/yoast.com\/wordpress\/plugins\/seo\/ -->\n<title>Culto de Apertura Regi\u00f3n 3 - Las Fuentes ID<\/title>\n<meta name=\"description\" content=\"Marzo 24 de 2024. La fecha destinada por Dios (en su voluntad y misericordia) para celebrar una reuni\u00f3n que tendr\u00e1 por objetivo iniciar formalmente con las actividades concernientes con la juventud perteneciente a la Regi\u00f3n 3 y dar a conocer el gabinete que trabajar\u00e1 el tiempo que el Supremo Creador determine para edificarnos m\u00e1s en el aspecto espiritual y para el fortalecimiento de los lazos fraternales entre el pueblo de Dios, todos como hermanos en la fe que somos, apoy\u00e1ndonos entre nosotros para progresar y obtener la Vida Eterna. El culto que relataremos fue realizado por el Corejuv R3 bajo el siguiente texto estandarte por el que asistimos: \u201cAl\u00e9grese el coraz\u00f3n de los que buscan \u00e1 Jehov\u00e1\u201d (1 Cr\u00f3nicas 16.10).\" \/>\n<meta name=\"robots\" content=\"index, follow, max-snippet:-1, max-image-preview:large, max-video-preview:-1\" \/>\n<link rel=\"canonical\" href=\"https:\/\/lasfuentesid.com\/index.php\/2024\/03\/24\/culto-de-apertura-region-3\/\" \/>\n<meta property=\"og:locale\" content=\"es_ES\" \/>\n<meta property=\"og:type\" content=\"article\" \/>\n<meta property=\"og:title\" content=\"Culto de Apertura Regi\u00f3n 3 - Las Fuentes ID\" \/>\n<meta property=\"og:description\" content=\"Marzo 24 de 2024. La fecha destinada por Dios (en su voluntad y misericordia) para celebrar una reuni\u00f3n que tendr\u00e1 por objetivo iniciar formalmente con las actividades concernientes con la juventud perteneciente a la Regi\u00f3n 3 y dar a conocer el gabinete que trabajar\u00e1 el tiempo que el Supremo Creador determine para edificarnos m\u00e1s en el aspecto espiritual y para el fortalecimiento de los lazos fraternales entre el pueblo de Dios, todos como hermanos en la fe que somos, apoy\u00e1ndonos entre nosotros para progresar y obtener la Vida Eterna. El culto que relataremos fue realizado por el Corejuv R3 bajo el siguiente texto estandarte por el que asistimos: \u201cAl\u00e9grese el coraz\u00f3n de los que buscan \u00e1 Jehov\u00e1\u201d (1 Cr\u00f3nicas 16.10).\" \/>\n<meta property=\"og:url\" content=\"https:\/\/lasfuentesid.com\/index.php\/2024\/03\/24\/culto-de-apertura-region-3\/\" \/>\n<meta property=\"og:site_name\" content=\"Las Fuentes ID\" \/>\n<meta property=\"article:published_time\" content=\"2024-03-24T07:21:13+00:00\" \/>\n<meta property=\"article:modified_time\" content=\"2024-05-21T08:04:13+00:00\" \/>\n<meta property=\"og:image\" content=\"https:\/\/lasfuentesid.com\/wp-content\/uploads\/2024\/05\/Portada-1-scaled.jpg\" \/>\n\t<meta property=\"og:image:width\" content=\"2560\" \/>\n\t<meta property=\"og:image:height\" content=\"1707\" \/>\n\t<meta property=\"og:image:type\" content=\"image\/jpeg\" \/>\n<meta name=\"author\" content=\"Hno. Johan Flores\" \/>\n<meta name=\"twitter:card\" content=\"summary_large_image\" \/>\n<meta name=\"twitter:label1\" content=\"Escrito por\" \/>\n\t<meta name=\"twitter:data1\" content=\"Hno. Johan Flores\" \/>\n\t<meta name=\"twitter:label2\" content=\"Tiempo de lectura\" \/>\n\t<meta name=\"twitter:data2\" content=\"8 minutos\" \/>\n<script type=\"application\/ld+json\" class=\"yoast-schema-graph\">{\"@context\":\"https:\/\/schema.org\",\"@graph\":[{\"@type\":\"Article\",\"@id\":\"https:\/\/lasfuentesid.com\/index.php\/2024\/03\/24\/culto-de-apertura-region-3\/#article\",\"isPartOf\":{\"@id\":\"https:\/\/lasfuentesid.com\/index.php\/2024\/03\/24\/culto-de-apertura-region-3\/\"},\"author\":{\"name\":\"Hno. Johan Flores\",\"@id\":\"https:\/\/lasfuentesid.com\/#\/schema\/person\/05f3d6e6943eb2f265eb3c3c19372886\"},\"headline\":\"Culto de Apertura Regi\u00f3n 3\",\"datePublished\":\"2024-03-24T07:21:13+00:00\",\"dateModified\":\"2024-05-21T08:04:13+00:00\",\"mainEntityOfPage\":{\"@id\":\"https:\/\/lasfuentesid.com\/index.php\/2024\/03\/24\/culto-de-apertura-region-3\/\"},\"wordCount\":1266,\"publisher\":{\"@id\":\"https:\/\/lasfuentesid.com\/#organization\"},\"image\":{\"@id\":\"https:\/\/lasfuentesid.com\/index.php\/2024\/03\/24\/culto-de-apertura-region-3\/#primaryimage\"},\"thumbnailUrl\":\"https:\/\/lasfuentesid.com\/wp-content\/uploads\/2024\/05\/Portada-1-scaled.jpg\",\"articleSection\":[\"Fraternidad Juvenil\"],\"inLanguage\":\"es\"},{\"@type\":\"WebPage\",\"@id\":\"https:\/\/lasfuentesid.com\/index.php\/2024\/03\/24\/culto-de-apertura-region-3\/\",\"url\":\"https:\/\/lasfuentesid.com\/index.php\/2024\/03\/24\/culto-de-apertura-region-3\/\",\"name\":\"Culto de Apertura Regi\u00f3n 3 - Las Fuentes ID\",\"isPartOf\":{\"@id\":\"https:\/\/lasfuentesid.com\/#website\"},\"primaryImageOfPage\":{\"@id\":\"https:\/\/lasfuentesid.com\/index.php\/2024\/03\/24\/culto-de-apertura-region-3\/#primaryimage\"},\"image\":{\"@id\":\"https:\/\/lasfuentesid.com\/index.php\/2024\/03\/24\/culto-de-apertura-region-3\/#primaryimage\"},\"thumbnailUrl\":\"https:\/\/lasfuentesid.com\/wp-content\/uploads\/2024\/05\/Portada-1-scaled.jpg\",\"datePublished\":\"2024-03-24T07:21:13+00:00\",\"dateModified\":\"2024-05-21T08:04:13+00:00\",\"description\":\"Marzo 24 de 2024. La fecha destinada por Dios (en su voluntad y misericordia) para celebrar una reuni\u00f3n que tendr\u00e1 por objetivo iniciar formalmente con las actividades concernientes con la juventud perteneciente a la Regi\u00f3n 3 y dar a conocer el gabinete que trabajar\u00e1 el tiempo que el Supremo Creador determine para edificarnos m\u00e1s en el aspecto espiritual y para el fortalecimiento de los lazos fraternales entre el pueblo de Dios, todos como hermanos en la fe que somos, apoy\u00e1ndonos entre nosotros para progresar y obtener la Vida Eterna. El culto que relataremos fue realizado por el Corejuv R3 bajo el siguiente texto estandarte por el que asistimos: \u201cAl\u00e9grese el coraz\u00f3n de los que buscan \u00e1 Jehov\u00e1\u201d (1 Cr\u00f3nicas 16.10).\",\"breadcrumb\":{\"@id\":\"https:\/\/lasfuentesid.com\/index.php\/2024\/03\/24\/culto-de-apertura-region-3\/#breadcrumb\"},\"inLanguage\":\"es\",\"potentialAction\":[{\"@type\":\"ReadAction\",\"target\":[\"https:\/\/lasfuentesid.com\/index.php\/2024\/03\/24\/culto-de-apertura-region-3\/\"]}]},{\"@type\":\"ImageObject\",\"inLanguage\":\"es\",\"@id\":\"https:\/\/lasfuentesid.com\/index.php\/2024\/03\/24\/culto-de-apertura-region-3\/#primaryimage\",\"url\":\"https:\/\/lasfuentesid.com\/wp-content\/uploads\/2024\/05\/Portada-1-scaled.jpg\",\"contentUrl\":\"https:\/\/lasfuentesid.com\/wp-content\/uploads\/2024\/05\/Portada-1-scaled.jpg\",\"width\":2560,\"height\":1707},{\"@type\":\"BreadcrumbList\",\"@id\":\"https:\/\/lasfuentesid.com\/index.php\/2024\/03\/24\/culto-de-apertura-region-3\/#breadcrumb\",\"itemListElement\":[{\"@type\":\"ListItem\",\"position\":1,\"name\":\"Portada\",\"item\":\"https:\/\/lasfuentesid.com\/\"},{\"@type\":\"ListItem\",\"position\":2,\"name\":\"Culto de Apertura Regi\u00f3n 3\"}]},{\"@type\":\"WebSite\",\"@id\":\"https:\/\/lasfuentesid.com\/#website\",\"url\":\"https:\/\/lasfuentesid.com\/\",\"name\":\"Iglesia de Dios Las Fuentes\",\"description\":\"Iglesia de Dios en Las Fuentes\",\"publisher\":{\"@id\":\"https:\/\/lasfuentesid.com\/#organization\"},\"potentialAction\":[{\"@type\":\"SearchAction\",\"target\":{\"@type\":\"EntryPoint\",\"urlTemplate\":\"https:\/\/lasfuentesid.com\/?s={search_term_string}\"},\"query-input\":{\"@type\":\"PropertyValueSpecification\",\"valueRequired\":true,\"valueName\":\"search_term_string\"}}],\"inLanguage\":\"es\"},{\"@type\":\"Organization\",\"@id\":\"https:\/\/lasfuentesid.com\/#organization\",\"name\":\"Iglesia de Dios en Las Fuentes\",\"url\":\"https:\/\/lasfuentesid.com\/\",\"logo\":{\"@type\":\"ImageObject\",\"inLanguage\":\"es\",\"@id\":\"https:\/\/lasfuentesid.com\/#\/schema\/logo\/image\/\",\"url\":\"\",\"contentUrl\":\"\",\"caption\":\"Iglesia de Dios en Las Fuentes\"},\"image\":{\"@id\":\"https:\/\/lasfuentesid.com\/#\/schema\/logo\/image\/\"},\"sameAs\":[\"https:\/\/www.youtube.com\/channel\/UCVMiqC-dmiK24eBW4B3_fow\"]},{\"@type\":\"Person\",\"@id\":\"https:\/\/lasfuentesid.com\/#\/schema\/person\/05f3d6e6943eb2f265eb3c3c19372886\",\"name\":\"Hno. Johan Flores\",\"url\":\"https:\/\/lasfuentesid.com\/index.php\/author\/johan\/\"}]}<\/script>\n<!-- \/ Yoast SEO plugin. -->","yoast_head_json":{"title":"Culto de Apertura Regi\u00f3n 3 - Las Fuentes ID","description":"Marzo 24 de 2024. La fecha destinada por Dios (en su voluntad y misericordia) para celebrar una reuni\u00f3n que tendr\u00e1 por objetivo iniciar formalmente con las actividades concernientes con la juventud perteneciente a la Regi\u00f3n 3 y dar a conocer el gabinete que trabajar\u00e1 el tiempo que el Supremo Creador determine para edificarnos m\u00e1s en el aspecto espiritual y para el fortalecimiento de los lazos fraternales entre el pueblo de Dios, todos como hermanos en la fe que somos, apoy\u00e1ndonos entre nosotros para progresar y obtener la Vida Eterna. El culto que relataremos fue realizado por el Corejuv R3 bajo el siguiente texto estandarte por el que asistimos: \u201cAl\u00e9grese el coraz\u00f3n de los que buscan \u00e1 Jehov\u00e1\u201d (1 Cr\u00f3nicas 16.10).","robots":{"index":"index","follow":"follow","max-snippet":"max-snippet:-1","max-image-preview":"max-image-preview:large","max-video-preview":"max-video-preview:-1"},"canonical":"https:\/\/lasfuentesid.com\/index.php\/2024\/03\/24\/culto-de-apertura-region-3\/","og_locale":"es_ES","og_type":"article","og_title":"Culto de Apertura Regi\u00f3n 3 - Las Fuentes ID","og_description":"Marzo 24 de 2024. La fecha destinada por Dios (en su voluntad y misericordia) para celebrar una reuni\u00f3n que tendr\u00e1 por objetivo iniciar formalmente con las actividades concernientes con la juventud perteneciente a la Regi\u00f3n 3 y dar a conocer el gabinete que trabajar\u00e1 el tiempo que el Supremo Creador determine para edificarnos m\u00e1s en el aspecto espiritual y para el fortalecimiento de los lazos fraternales entre el pueblo de Dios, todos como hermanos en la fe que somos, apoy\u00e1ndonos entre nosotros para progresar y obtener la Vida Eterna. El culto que relataremos fue realizado por el Corejuv R3 bajo el siguiente texto estandarte por el que asistimos: \u201cAl\u00e9grese el coraz\u00f3n de los que buscan \u00e1 Jehov\u00e1\u201d (1 Cr\u00f3nicas 16.10).","og_url":"https:\/\/lasfuentesid.com\/index.php\/2024\/03\/24\/culto-de-apertura-region-3\/","og_site_name":"Las Fuentes ID","article_published_time":"2024-03-24T07:21:13+00:00","article_modified_time":"2024-05-21T08:04:13+00:00","og_image":[{"width":2560,"height":1707,"url":"https:\/\/lasfuentesid.com\/wp-content\/uploads\/2024\/05\/Portada-1-scaled.jpg","type":"image\/jpeg"}],"author":"Hno. Johan Flores","twitter_card":"summary_large_image","twitter_misc":{"Escrito por":"Hno. Johan Flores","Tiempo de lectura":"8 minutos"},"schema":{"@context":"https:\/\/schema.org","@graph":[{"@type":"Article","@id":"https:\/\/lasfuentesid.com\/index.php\/2024\/03\/24\/culto-de-apertura-region-3\/#article","isPartOf":{"@id":"https:\/\/lasfuentesid.com\/index.php\/2024\/03\/24\/culto-de-apertura-region-3\/"},"author":{"name":"Hno. Johan Flores","@id":"https:\/\/lasfuentesid.com\/#\/schema\/person\/05f3d6e6943eb2f265eb3c3c19372886"},"headline":"Culto de Apertura Regi\u00f3n 3","datePublished":"2024-03-24T07:21:13+00:00","dateModified":"2024-05-21T08:04:13+00:00","mainEntityOfPage":{"@id":"https:\/\/lasfuentesid.com\/index.php\/2024\/03\/24\/culto-de-apertura-region-3\/"},"wordCount":1266,"publisher":{"@id":"https:\/\/lasfuentesid.com\/#organization"},"image":{"@id":"https:\/\/lasfuentesid.com\/index.php\/2024\/03\/24\/culto-de-apertura-region-3\/#primaryimage"},"thumbnailUrl":"https:\/\/lasfuentesid.com\/wp-content\/uploads\/2024\/05\/Portada-1-scaled.jpg","articleSection":["Fraternidad Juvenil"],"inLanguage":"es"},{"@type":"WebPage","@id":"https:\/\/lasfuentesid.com\/index.php\/2024\/03\/24\/culto-de-apertura-region-3\/","url":"https:\/\/lasfuentesid.com\/index.php\/2024\/03\/24\/culto-de-apertura-region-3\/","name":"Culto de Apertura Regi\u00f3n 3 - Las Fuentes ID","isPartOf":{"@id":"https:\/\/lasfuentesid.com\/#website"},"primaryImageOfPage":{"@id":"https:\/\/lasfuentesid.com\/index.php\/2024\/03\/24\/culto-de-apertura-region-3\/#primaryimage"},"image":{"@id":"https:\/\/lasfuentesid.com\/index.php\/2024\/03\/24\/culto-de-apertura-region-3\/#primaryimage"},"thumbnailUrl":"https:\/\/lasfuentesid.com\/wp-content\/uploads\/2024\/05\/Portada-1-scaled.jpg","datePublished":"2024-03-24T07:21:13+00:00","dateModified":"2024-05-21T08:04:13+00:00","description":"Marzo 24 de 2024. La fecha destinada por Dios (en su voluntad y misericordia) para celebrar una reuni\u00f3n que tendr\u00e1 por objetivo iniciar formalmente con las actividades concernientes con la juventud perteneciente a la Regi\u00f3n 3 y dar a conocer el gabinete que trabajar\u00e1 el tiempo que el Supremo Creador determine para edificarnos m\u00e1s en el aspecto espiritual y para el fortalecimiento de los lazos fraternales entre el pueblo de Dios, todos como hermanos en la fe que somos, apoy\u00e1ndonos entre nosotros para progresar y obtener la Vida Eterna. El culto que relataremos fue realizado por el Corejuv R3 bajo el siguiente texto estandarte por el que asistimos: \u201cAl\u00e9grese el coraz\u00f3n de los que buscan \u00e1 Jehov\u00e1\u201d (1 Cr\u00f3nicas 16.10).","breadcrumb":{"@id":"https:\/\/lasfuentesid.com\/index.php\/2024\/03\/24\/culto-de-apertura-region-3\/#breadcrumb"},"inLanguage":"es","potentialAction":[{"@type":"ReadAction","target":["https:\/\/lasfuentesid.com\/index.php\/2024\/03\/24\/culto-de-apertura-region-3\/"]}]},{"@type":"ImageObject","inLanguage":"es","@id":"https:\/\/lasfuentesid.com\/index.php\/2024\/03\/24\/culto-de-apertura-region-3\/#primaryimage","url":"https:\/\/lasfuentesid.com\/wp-content\/uploads\/2024\/05\/Portada-1-scaled.jpg","contentUrl":"https:\/\/lasfuentesid.com\/wp-content\/uploads\/2024\/05\/Portada-1-scaled.jpg","width":2560,"height":1707},{"@type":"BreadcrumbList","@id":"https:\/\/lasfuentesid.com\/index.php\/2024\/03\/24\/culto-de-apertura-region-3\/#breadcrumb","itemListElement":[{"@type":"ListItem","position":1,"name":"Portada","item":"https:\/\/lasfuentesid.com\/"},{"@type":"ListItem","position":2,"name":"Culto de Apertura Regi\u00f3n 3"}]},{"@type":"WebSite","@id":"https:\/\/lasfuentesid.com\/#website","url":"https:\/\/lasfuentesid.com\/","name":"Iglesia de Dios Las Fuentes","description":"Iglesia de Dios en Las Fuentes","publisher":{"@id":"https:\/\/lasfuentesid.com\/#organization"},"potentialAction":[{"@type":"SearchAction","target":{"@type":"EntryPoint","urlTemplate":"https:\/\/lasfuentesid.com\/?s={search_term_string}"},"query-input":{"@type":"PropertyValueSpecification","valueRequired":true,"valueName":"search_term_string"}}],"inLanguage":"es"},{"@type":"Organization","@id":"https:\/\/lasfuentesid.com\/#organization","name":"Iglesia de Dios en Las Fuentes","url":"https:\/\/lasfuentesid.com\/","logo":{"@type":"ImageObject","inLanguage":"es","@id":"https:\/\/lasfuentesid.com\/#\/schema\/logo\/image\/","url":"","contentUrl":"","caption":"Iglesia de Dios en Las Fuentes"},"image":{"@id":"https:\/\/lasfuentesid.com\/#\/schema\/logo\/image\/"},"sameAs":["https:\/\/www.youtube.com\/channel\/UCVMiqC-dmiK24eBW4B3_fow"]},{"@type":"Person","@id":"https:\/\/lasfuentesid.com\/#\/schema\/person\/05f3d6e6943eb2f265eb3c3c19372886","name":"Hno. Johan Flores","url":"https:\/\/lasfuentesid.com\/index.php\/author\/johan\/"}]}},"_links":{"self":[{"href":"https:\/\/lasfuentesid.com\/index.php\/wp-json\/wp\/v2\/posts\/5959","targetHints":{"allow":["GET"]}}],"collection":[{"href":"https:\/\/lasfuentesid.com\/index.php\/wp-json\/wp\/v2\/posts"}],"about":[{"href":"https:\/\/lasfuentesid.com\/index.php\/wp-json\/wp\/v2\/types\/post"}],"author":[{"embeddable":true,"href":"https:\/\/lasfuentesid.com\/index.php\/wp-json\/wp\/v2\/users\/10"}],"replies":[{"embeddable":true,"href":"https:\/\/lasfuentesid.com\/index.php\/wp-json\/wp\/v2\/comments?post=5959"}],"version-history":[{"count":1,"href":"https:\/\/lasfuentesid.com\/index.php\/wp-json\/wp\/v2\/posts\/5959\/revisions"}],"predecessor-version":[{"id":5971,"href":"https:\/\/lasfuentesid.com\/index.php\/wp-json\/wp\/v2\/posts\/5959\/revisions\/5971"}],"wp:featuredmedia":[{"embeddable":true,"href":"https:\/\/lasfuentesid.com\/index.php\/wp-json\/wp\/v2\/media\/5960"}],"wp:attachment":[{"href":"https:\/\/lasfuentesid.com\/index.php\/wp-json\/wp\/v2\/media?parent=5959"}],"wp:term":[{"taxonomy":"category","embeddable":true,"href":"https:\/\/lasfuentesid.com\/index.php\/wp-json\/wp\/v2\/categories?post=5959"},{"taxonomy":"post_tag","embeddable":true,"href":"https:\/\/lasfuentesid.com\/index.php\/wp-json\/wp\/v2\/tags?post=5959"}],"curies":[{"name":"wp","href":"https:\/\/api.w.org\/{rel}","templated":true}]}}