{"id":5956,"date":"2024-02-11T07:04:00","date_gmt":"2024-02-11T07:04:00","guid":{"rendered":"https:\/\/lasfuentesid.com\/?p=5956"},"modified":"2024-05-21T08:12:37","modified_gmt":"2024-05-21T08:12:37","slug":"reunion-regional-de-directivas-juveniles","status":"publish","type":"post","link":"https:\/\/lasfuentesid.com\/index.php\/2024\/02\/11\/reunion-regional-de-directivas-juveniles\/","title":{"rendered":"Reuni\u00f3n Regional de Directivas Juveniles"},"content":{"rendered":"\n<p><br>Siempre tenemos por entendido en la Iglesia de Dios dos premisas que se engloban en una sola que se fortalece y toma m\u00e1s peso: <strong><em>&#8220;el trabajo en Dios no es en vano&#8221;<\/em><\/strong> (1 Corintios 15.58 RVR 1960), pero que tambi\u00e9n <strong><em>&#8220;es demasiado y no hay suficientes trabajadores&#8221;<\/em><\/strong> (Lucas 10.2 DHH); es por ello que en esta ocasi\u00f3n hemos de narrar una actividad que es la antesala a todo lo que a la juventud en la Regi\u00f3n 3 de la Iglesia de Dios le espera y que, por gracia de Dios, la sede que alberg\u00f3 dicha actividad en la que todos los asistentes salimos nutridos tanto del pan espiritual de nuestro Creador como de sus bendiciones materializadas en alimentos para nuestro provecho f\u00edsico. Es as\u00ed como comenzamos a relatar este evento llamado <strong><em>Reuni\u00f3n Regional de Directivas Regi\u00f3n 3<\/em><\/strong>, al cual fuimos convocados con el siguiente texto lema:<\/p>\n\n\n\n<blockquote class=\"wp-block-quote is-layout-flow wp-block-quote-is-layout-flow\">\n<p>&#8220;Y me buscar\u00e9is y hallar\u00e9is, porque me buscar\u00e9is de todo vuestro coraz\u00f3n&#8221; (Jerem\u00edas 29.13 RVR 1909).<\/p>\n<\/blockquote>\n\n\n\n<p><br>Llevada a cabo en nuestra congregaci\u00f3n, el Templo Bethel VI, este evento fue limitado en asistencia, ya que asistimos alrededor de 80 hermanos, pero tambi\u00e9n fue de suma importancia para preparar las actividades regionales en funci\u00f3n de los j\u00f3venes que desean la Vida Eterna y de nutrirse de lo que El Todopoderoso nos brinda; dio inicio en sus preparativos formales el d\u00eda 11 de Febrero de este a\u00f1o 2024 alrededor de las 8 de la ma\u00f1ana para empezar a recibir a los participantes del culto hacia las 9 de la ma\u00f1ana y poder iniciar oficialmente con el orden del d\u00eda al filo de las 10 de la ma\u00f1ana.<\/p>\n\n\n\n<p>Alrededor de los 21 integrantes de la fraternidad de esta localidad, apoyados del hermano pastor, Min. Efra\u00edn Lira Soto y los familiares del mismo, tuvieron la enorme disposici\u00f3n de recibir con sus caracter\u00edsticos lazos de amor fraternal a las diferentes directivas y los m\u00fasicos de las 15 sedes restantes y brindarles alimentos suficientes para una media jornada, los cuales fueron baguettes y caf\u00e9 o t\u00e9 al gusto para acompa\u00f1ar, a la vez que quienes llegaban tanto en transporte p\u00fablico como en taxis comunes o proporcionados por aplicaciones, o incluso en autom\u00f3viles particulares, apartar\u00edan su lugar para participar de lo destinado al d\u00eda (que m\u00e1s adelante prometer\u00eda muestras de las abundantes bendiciones de Dios).<\/p>\n\n\n\n<figure class=\"wp-block-gallery has-nested-images columns-default is-cropped wp-block-gallery-1 is-layout-flex wp-block-gallery-is-layout-flex\">\n<figure class=\"wp-block-image size-large\"><img fetchpriority=\"high\" decoding=\"async\" width=\"1024\" height=\"768\" data-id=\"5974\" src=\"https:\/\/lasfuentesid.com\/wp-content\/uploads\/2024\/05\/20240211_134318-1024x768.jpg\" alt=\"\" class=\"wp-image-5974\" srcset=\"https:\/\/lasfuentesid.com\/wp-content\/uploads\/2024\/05\/20240211_134318-1024x768.jpg 1024w, https:\/\/lasfuentesid.com\/wp-content\/uploads\/2024\/05\/20240211_134318-300x225.jpg 300w, https:\/\/lasfuentesid.com\/wp-content\/uploads\/2024\/05\/20240211_134318-768x576.jpg 768w, https:\/\/lasfuentesid.com\/wp-content\/uploads\/2024\/05\/20240211_134318-1536x1152.jpg 1536w, https:\/\/lasfuentesid.com\/wp-content\/uploads\/2024\/05\/20240211_134318-2048x1536.jpg 2048w, https:\/\/lasfuentesid.com\/wp-content\/uploads\/2024\/05\/20240211_134318-360x270.jpg 360w\" sizes=\"(max-width: 1024px) 100vw, 1024px\" \/><\/figure>\n\n\n\n<figure class=\"wp-block-image size-large\"><img decoding=\"async\" width=\"1024\" height=\"768\" data-id=\"5976\" data-src=\"https:\/\/lasfuentesid.com\/wp-content\/uploads\/2024\/05\/20240211_110757-1024x768.jpg\" alt=\"\" class=\"wp-image-5976 lazyload\" data-srcset=\"https:\/\/lasfuentesid.com\/wp-content\/uploads\/2024\/05\/20240211_110757-1024x768.jpg 1024w, https:\/\/lasfuentesid.com\/wp-content\/uploads\/2024\/05\/20240211_110757-300x225.jpg 300w, https:\/\/lasfuentesid.com\/wp-content\/uploads\/2024\/05\/20240211_110757-768x576.jpg 768w, https:\/\/lasfuentesid.com\/wp-content\/uploads\/2024\/05\/20240211_110757-1536x1152.jpg 1536w, https:\/\/lasfuentesid.com\/wp-content\/uploads\/2024\/05\/20240211_110757-2048x1536.jpg 2048w, https:\/\/lasfuentesid.com\/wp-content\/uploads\/2024\/05\/20240211_110757-360x270.jpg 360w\" data-sizes=\"(max-width: 1024px) 100vw, 1024px\" src=\"data:image\/svg+xml;base64,PHN2ZyB3aWR0aD0iMSIgaGVpZ2h0PSIxIiB4bWxucz0iaHR0cDovL3d3dy53My5vcmcvMjAwMC9zdmciPjwvc3ZnPg==\" style=\"--smush-placeholder-width: 1024px; --smush-placeholder-aspect-ratio: 1024\/768;\" \/><\/figure>\n\n\n\n<figure class=\"wp-block-image size-large\"><img decoding=\"async\" width=\"1024\" height=\"682\" data-id=\"5975\" data-src=\"https:\/\/lasfuentesid.com\/wp-content\/uploads\/2024\/05\/20240211_140618-1024x682.jpg\" alt=\"\" class=\"wp-image-5975 lazyload\" data-srcset=\"https:\/\/lasfuentesid.com\/wp-content\/uploads\/2024\/05\/20240211_140618-1024x682.jpg 1024w, https:\/\/lasfuentesid.com\/wp-content\/uploads\/2024\/05\/20240211_140618-300x200.jpg 300w, https:\/\/lasfuentesid.com\/wp-content\/uploads\/2024\/05\/20240211_140618-768x512.jpg 768w, https:\/\/lasfuentesid.com\/wp-content\/uploads\/2024\/05\/20240211_140618-1536x1023.jpg 1536w, https:\/\/lasfuentesid.com\/wp-content\/uploads\/2024\/05\/20240211_140618-2048x1365.jpg 2048w, https:\/\/lasfuentesid.com\/wp-content\/uploads\/2024\/05\/20240211_140618-405x270.jpg 405w\" data-sizes=\"(max-width: 1024px) 100vw, 1024px\" src=\"data:image\/svg+xml;base64,PHN2ZyB3aWR0aD0iMSIgaGVpZ2h0PSIxIiB4bWxucz0iaHR0cDovL3d3dy53My5vcmcvMjAwMC9zdmciPjwvc3ZnPg==\" style=\"--smush-placeholder-width: 1024px; --smush-placeholder-aspect-ratio: 1024\/682;\" \/><\/figure>\n<\/figure>\n\n\n\n<p><br>Lleg\u00f3 la hora marcada para el inicio del culto en donde hicieron aparici\u00f3n dos j\u00f3venes entusiastas, los hnos. Ali\u00e1n Rodr\u00edguez y Mois\u00e9s Bartolini, cada uno en su turno, entregados a la labor del Padre Celestial y quienes fueron los apercibidores de la grey reunida en el templo sede asignado para la ocasi\u00f3n. Alabanzas y adoraciones fueron elevadas al Supremo Creador de parte de los asistentes quienes quisimos de coraz\u00f3n lo recibiera como un perfume agradable ante su divino altar, a su vez, rogamos ante su presencia que la reuni\u00f3n llevada a cabo tuviera las intenciones de crecimiento espiritual, estrechamientos de lazos fraternales y bendiciones para todos los asistentes. Adem\u00e1s de los 2 directores de culto, hicieron acto de presencia todos los miembros del Comit\u00e9 Regional Juvenil de la Regi\u00f3n 3, m\u00fasicos acompa\u00f1antes de los que elevamos c\u00e1nticos espirituales a Dios y las 16 directivas juveniles de la regi\u00f3n y sus asesores. Todos reunidos como un solo hombre para pedir al Padre que sea nuestro gu\u00eda en un culto dedicado a \u00c9l y en las actividades que respectan a los j\u00f3venes de la Regi\u00f3n 3.<\/p>\n\n\n\n<p>Antecedido por el hno. Di\u00e1c. Gonzalo Tufi\u00f1o, quien realiz\u00f3 la oraci\u00f3n inicial, el hno. Di\u00e1c. Neftal\u00ed Lira fue quien, a nombre de los congregantes de Bethel VI en Las Fuentes, dio las palabras de bienvenida a los asistentes a esta reuni\u00f3n de apertura de actividades juveniles de la regi\u00f3n y quien invit\u00f3 a todos los presentes a sentirse como en la casa de oraci\u00f3n a la que asisten, preservando as\u00ed los lazos de amor fraternal que unen a la Iglesia de Dios. Similar a este escenario, sucedi\u00f3 con el hno. Min. Adel\u00ed Arzate como sermonero en la reuni\u00f3n, predicando sobre la b\u00fasqueda de Dios en cada \u00e1mbito de nuestras vidas, un verdadero elemento que debe existir en cada miembro del pueblo de Dios y que no debe dejarse de lado; este mensaje tambi\u00e9n se present\u00f3 primero ante Dios con una oraci\u00f3n realizada por el hno. Di\u00e1c. Brandon Ramos.<\/p>\n\n\n\n<p>Alrededor de 15 minutos despu\u00e9s de las 11 de la ma\u00f1ana dio inicio la capacitaci\u00f3n que hab\u00eda de impartir cada miembro del Comit\u00e9 Regional de j\u00f3venes de nuestra regi\u00f3n para las funciones de presidente, vicepresidente, secretaria, tesorero y m\u00fasicos; como siempre, pidiendo al Creador (siendo el hno. Min. Adel\u00ed Arzate quien llev\u00f3 a cabo la oraci\u00f3n) que dirigiera esta actividad para beneficio de nuestro esp\u00edritu y para consolidar el trabajo que tenemos como pueblo suyo. Esta capacitaci\u00f3n fue dividida en dos partes, entre ellas hubo un descanso de suficientes 20 minutos, en los que degustamos de paletas de hielo a base de agua de varios sabores frutales, paletas que son fabricadas por un hermano congregante de Las Fuentes.<\/p>\n\n\n\n<figure class=\"wp-block-gallery has-nested-images columns-default is-cropped wp-block-gallery-2 is-layout-flex wp-block-gallery-is-layout-flex\">\n<figure class=\"wp-block-image size-large\"><img decoding=\"async\" width=\"820\" height=\"1024\" data-id=\"5979\" data-src=\"https:\/\/lasfuentesid.com\/wp-content\/uploads\/2024\/05\/20240211_144751-820x1024.jpg\" alt=\"\" class=\"wp-image-5979 lazyload\" data-srcset=\"https:\/\/lasfuentesid.com\/wp-content\/uploads\/2024\/05\/20240211_144751-820x1024.jpg 820w, https:\/\/lasfuentesid.com\/wp-content\/uploads\/2024\/05\/20240211_144751-240x300.jpg 240w, https:\/\/lasfuentesid.com\/wp-content\/uploads\/2024\/05\/20240211_144751-768x959.jpg 768w, https:\/\/lasfuentesid.com\/wp-content\/uploads\/2024\/05\/20240211_144751-1230x1536.jpg 1230w, https:\/\/lasfuentesid.com\/wp-content\/uploads\/2024\/05\/20240211_144751-1640x2048.jpg 1640w, https:\/\/lasfuentesid.com\/wp-content\/uploads\/2024\/05\/20240211_144751-216x270.jpg 216w\" data-sizes=\"(max-width: 820px) 100vw, 820px\" src=\"data:image\/svg+xml;base64,PHN2ZyB3aWR0aD0iMSIgaGVpZ2h0PSIxIiB4bWxucz0iaHR0cDovL3d3dy53My5vcmcvMjAwMC9zdmciPjwvc3ZnPg==\" style=\"--smush-placeholder-width: 820px; --smush-placeholder-aspect-ratio: 820\/1024;\" \/><\/figure>\n\n\n\n<figure class=\"wp-block-image size-large\"><img decoding=\"async\" width=\"1024\" height=\"768\" data-id=\"5978\" data-src=\"https:\/\/lasfuentesid.com\/wp-content\/uploads\/2024\/05\/20240211_152118-1024x768.jpg\" alt=\"\" class=\"wp-image-5978 lazyload\" data-srcset=\"https:\/\/lasfuentesid.com\/wp-content\/uploads\/2024\/05\/20240211_152118-1024x768.jpg 1024w, https:\/\/lasfuentesid.com\/wp-content\/uploads\/2024\/05\/20240211_152118-300x225.jpg 300w, https:\/\/lasfuentesid.com\/wp-content\/uploads\/2024\/05\/20240211_152118-768x576.jpg 768w, https:\/\/lasfuentesid.com\/wp-content\/uploads\/2024\/05\/20240211_152118-1536x1152.jpg 1536w, https:\/\/lasfuentesid.com\/wp-content\/uploads\/2024\/05\/20240211_152118-2048x1536.jpg 2048w, https:\/\/lasfuentesid.com\/wp-content\/uploads\/2024\/05\/20240211_152118-360x270.jpg 360w\" data-sizes=\"(max-width: 1024px) 100vw, 1024px\" src=\"data:image\/svg+xml;base64,PHN2ZyB3aWR0aD0iMSIgaGVpZ2h0PSIxIiB4bWxucz0iaHR0cDovL3d3dy53My5vcmcvMjAwMC9zdmciPjwvc3ZnPg==\" style=\"--smush-placeholder-width: 1024px; --smush-placeholder-aspect-ratio: 1024\/768;\" \/><\/figure>\n\n\n\n<figure class=\"wp-block-image size-large\"><img decoding=\"async\" width=\"1024\" height=\"768\" data-id=\"5977\" data-src=\"https:\/\/lasfuentesid.com\/wp-content\/uploads\/2024\/05\/20240211_133112-1024x768.jpg\" alt=\"\" class=\"wp-image-5977 lazyload\" data-srcset=\"https:\/\/lasfuentesid.com\/wp-content\/uploads\/2024\/05\/20240211_133112-1024x768.jpg 1024w, https:\/\/lasfuentesid.com\/wp-content\/uploads\/2024\/05\/20240211_133112-300x225.jpg 300w, https:\/\/lasfuentesid.com\/wp-content\/uploads\/2024\/05\/20240211_133112-768x576.jpg 768w, https:\/\/lasfuentesid.com\/wp-content\/uploads\/2024\/05\/20240211_133112-1536x1152.jpg 1536w, https:\/\/lasfuentesid.com\/wp-content\/uploads\/2024\/05\/20240211_133112-2048x1536.jpg 2048w, https:\/\/lasfuentesid.com\/wp-content\/uploads\/2024\/05\/20240211_133112-360x270.jpg 360w\" data-sizes=\"(max-width: 1024px) 100vw, 1024px\" src=\"data:image\/svg+xml;base64,PHN2ZyB3aWR0aD0iMSIgaGVpZ2h0PSIxIiB4bWxucz0iaHR0cDovL3d3dy53My5vcmcvMjAwMC9zdmciPjwvc3ZnPg==\" style=\"--smush-placeholder-width: 1024px; --smush-placeholder-aspect-ratio: 1024\/768;\" \/><\/figure>\n<\/figure>\n\n\n\n<p><br>Siendo las 2 de la tarde, nos acerc\u00e1bamos m\u00e1s a la <strong><em>&#8220;\u00faltima milla&#8221;<\/em><\/strong> de este culto, por lo que el tiempo restante fue ocupado por el Comit\u00e9 para hacer saber a las 16 directivas locales sobre el plan de trabajo en el que se est\u00e1 rigiendo el gabinete que entr\u00f3 en funciones al iniciar este a\u00f1o 2024, tambi\u00e9n fueron impartidos algunos avisos correspondientes a cada \u00e1rea con la que se conforma el gabinete actual, en los que figuraron: una apertura de convocatoria para realizar propuestas de himnos lema para la CNJ 37, un solo culto simult\u00e1neo en cada localidad con un solo himno lema y una fotograf\u00eda de los asistentes, adem\u00e1s de avisos relacionados con la log\u00edstica de la CNJ 37 y de la actualizaci\u00f3n de los medios de difusi\u00f3n de la juventud de la Regi\u00f3n 3.<\/p>\n\n\n\n<p>El hno. pastor de Bethel VI, Min Efra\u00edn Lira Soto, concluy\u00f3 con la oraci\u00f3n final esta actividad de apertura siendo las 3 de la tarde, a la vez que solicit\u00f3 una bendici\u00f3n por los alimentos que habr\u00edamos de consumir en unos momentos e imparti\u00f3 la bendici\u00f3n apost\u00f3lica, fue hecha tambi\u00e9n una fotograf\u00eda oficial de los asistentes a la reuni\u00f3n, figurando en primera plana el texto lema (mencionado al inicio de este art\u00edculo) por el cual fuimos convocados a esta reuni\u00f3n y, posteriormente, lleg\u00f3 la hora de la comida en el que muchas piezas de pollo rostizado acompa\u00f1ados de porciones de verduras y spaghetti, salsas, tortillas y refrescos, fueron el men\u00fa que disfrutamos todos los presentes, a la vez que la tesorer\u00eda juvenil de la Regi\u00f3n 3 dio inicio a la venta de art\u00edculos para subsistencia de la misma.<\/p>\n\n\n\n<p>Al final de esta actividad los saludos de despedida y los deseos de paz en nombre de nuestro Dios se hicieron presentes, deseando que cada asistente a este culto haya disfrutado de su estancia en el templo sede y regresen a sus hogares en paz, armon\u00eda y bajo la protecci\u00f3n del Omnipotente, al tiempo en que los congregantes de Las Fuentes laboraban a la limpieza de las instalaciones de la casa de oraci\u00f3n que alberg\u00f3 esta actividad. Bajo la gracia de Dios una actividad m\u00e1s fue concluida con \u00e9xito y bendiciones para todos, esperando que, seg\u00fan su voluntad, as\u00ed sea en todas las reuniones de la Iglesia de Dios, nutri\u00e9ndonos de su Palabra y de sus bendiciones materiales para seguir trabajando en la obra en la que fuimos encomendados y crecer cada vez m\u00e1s.<br><br><\/p>\n\n\n<div class=\"wp-block-image\">\n<figure class=\"aligncenter size-large\"><img decoding=\"async\" width=\"1024\" height=\"701\" data-src=\"https:\/\/lasfuentesid.com\/wp-content\/uploads\/2024\/05\/20240211_1357593-1024x701.jpg\" alt=\"\" class=\"wp-image-5973 lazyload\" data-srcset=\"https:\/\/lasfuentesid.com\/wp-content\/uploads\/2024\/05\/20240211_1357593-1024x701.jpg 1024w, https:\/\/lasfuentesid.com\/wp-content\/uploads\/2024\/05\/20240211_1357593-300x205.jpg 300w, https:\/\/lasfuentesid.com\/wp-content\/uploads\/2024\/05\/20240211_1357593-768x526.jpg 768w, https:\/\/lasfuentesid.com\/wp-content\/uploads\/2024\/05\/20240211_1357593-1536x1051.jpg 1536w, https:\/\/lasfuentesid.com\/wp-content\/uploads\/2024\/05\/20240211_1357593-2048x1402.jpg 2048w, https:\/\/lasfuentesid.com\/wp-content\/uploads\/2024\/05\/20240211_1357593-394x270.jpg 394w\" data-sizes=\"(max-width: 1024px) 100vw, 1024px\" src=\"data:image\/svg+xml;base64,PHN2ZyB3aWR0aD0iMSIgaGVpZ2h0PSIxIiB4bWxucz0iaHR0cDovL3d3dy53My5vcmcvMjAwMC9zdmciPjwvc3ZnPg==\" style=\"--smush-placeholder-width: 1024px; --smush-placeholder-aspect-ratio: 1024\/701;\" \/><\/figure>\n<\/div>\n\n\n<p><br><\/p>\n","protected":false},"excerpt":{"rendered":"<p>Siempre tenemos por entendido en la Iglesia de Dios dos premisas que se engloban en una sola que se fortalece y toma m\u00e1s peso: &#8220;el trabajo en Dios no es en vano&#8221; (1 Corintios 15.58 RVR 1960), pero que tambi\u00e9n &#8220;es demasiado y no hay suficientes trabajadores&#8221; (Lucas 10.2 DHH); es por ello que en esta ocasi\u00f3n hemos de narrar una actividad que es la antesala a todo lo que a la juventud en la Regi\u00f3n 3 de la Iglesia de Dios le espera y que, por gracia de Dios, la sede que alberg\u00f3 dicha actividad en la que todos los asistentes salimos nutridos tanto del pan espiritual de nuestro Creador como de sus bendiciones materializadas en alimentos para nuestro provecho f\u00edsico. Es as\u00ed como comenzamos a relatar este evento llamado Reuni\u00f3n Regional de Directivas Regi\u00f3n 3, al cual fuimos convocados con el siguiente texto lema: &#8220;Y me buscar\u00e9is y hallar\u00e9is, porque me buscar\u00e9is de todo vuestro coraz\u00f3n&#8221; (Jerem\u00edas 29.13 RVR 1909).<\/p>\n","protected":false},"author":10,"featured_media":5972,"comment_status":"closed","ping_status":"closed","sticky":false,"template":"","format":"standard","meta":{"_monsterinsights_skip_tracking":false,"_monsterinsights_sitenote_active":false,"_monsterinsights_sitenote_note":"","_monsterinsights_sitenote_category":0,"footnotes":""},"categories":[98],"tags":[],"class_list":["post-5956","post","type-post","status-publish","format-standard","has-post-thumbnail","hentry","category-fraternidad-juvenil"],"yoast_head":"<!-- This site is optimized with the Yoast SEO plugin v25.6 - https:\/\/yoast.com\/wordpress\/plugins\/seo\/ -->\n<title>Reuni\u00f3n Regional de Directivas Juveniles - Las Fuentes ID<\/title>\n<meta name=\"description\" content=\"Siempre tenemos por entendido en la Iglesia de Dios dos premisas que se engloban en una sola que se fortalece y toma m\u00e1s peso: &quot;el trabajo en Dios no es en vano&quot; (1 Corintios 15.58 RVR 1960), pero que tambi\u00e9n &quot;es demasiado y no hay suficientes trabajadores&quot; (Lucas 10.2 DHH); es por ello que en esta ocasi\u00f3n hemos de narrar una actividad que es la antesala a todo lo que a la juventud en la Regi\u00f3n 3 de la Iglesia de Dios le espera y que, por gracia de Dios, la sede que alberg\u00f3 dicha actividad en la que todos los asistentes salimos nutridos tanto del pan espiritual de nuestro Creador como de sus bendiciones materializadas en alimentos para nuestro provecho f\u00edsico. Es as\u00ed como comenzamos a relatar este evento llamado Reuni\u00f3n Regional de Directivas Regi\u00f3n 3, al cual fuimos convocados con el siguiente texto lema: &quot;Y me buscar\u00e9is y hallar\u00e9is, porque me buscar\u00e9is de todo vuestro coraz\u00f3n&quot; (Jerem\u00edas 29.13 RVR 1909).\" \/>\n<meta name=\"robots\" content=\"index, follow, max-snippet:-1, max-image-preview:large, max-video-preview:-1\" \/>\n<link rel=\"canonical\" href=\"https:\/\/lasfuentesid.com\/index.php\/2024\/02\/11\/reunion-regional-de-directivas-juveniles\/\" \/>\n<meta property=\"og:locale\" content=\"es_ES\" \/>\n<meta property=\"og:type\" content=\"article\" \/>\n<meta property=\"og:title\" content=\"Reuni\u00f3n Regional de Directivas Juveniles - Las Fuentes ID\" \/>\n<meta property=\"og:description\" content=\"Siempre tenemos por entendido en la Iglesia de Dios dos premisas que se engloban en una sola que se fortalece y toma m\u00e1s peso: &quot;el trabajo en Dios no es en vano&quot; (1 Corintios 15.58 RVR 1960), pero que tambi\u00e9n &quot;es demasiado y no hay suficientes trabajadores&quot; (Lucas 10.2 DHH); es por ello que en esta ocasi\u00f3n hemos de narrar una actividad que es la antesala a todo lo que a la juventud en la Regi\u00f3n 3 de la Iglesia de Dios le espera y que, por gracia de Dios, la sede que alberg\u00f3 dicha actividad en la que todos los asistentes salimos nutridos tanto del pan espiritual de nuestro Creador como de sus bendiciones materializadas en alimentos para nuestro provecho f\u00edsico. Es as\u00ed como comenzamos a relatar este evento llamado Reuni\u00f3n Regional de Directivas Regi\u00f3n 3, al cual fuimos convocados con el siguiente texto lema: &quot;Y me buscar\u00e9is y hallar\u00e9is, porque me buscar\u00e9is de todo vuestro coraz\u00f3n&quot; (Jerem\u00edas 29.13 RVR 1909).\" \/>\n<meta property=\"og:url\" content=\"https:\/\/lasfuentesid.com\/index.php\/2024\/02\/11\/reunion-regional-de-directivas-juveniles\/\" \/>\n<meta property=\"og:site_name\" content=\"Las Fuentes ID\" \/>\n<meta property=\"article:published_time\" content=\"2024-02-11T07:04:00+00:00\" \/>\n<meta property=\"article:modified_time\" content=\"2024-05-21T08:12:37+00:00\" \/>\n<meta property=\"og:image\" content=\"https:\/\/lasfuentesid.com\/wp-content\/uploads\/2024\/02\/pORTADA-scaled.jpg\" \/>\n\t<meta property=\"og:image:width\" content=\"2560\" \/>\n\t<meta property=\"og:image:height\" content=\"1452\" \/>\n\t<meta property=\"og:image:type\" content=\"image\/jpeg\" \/>\n<meta name=\"author\" content=\"Hno. Johan Flores\" \/>\n<meta name=\"twitter:card\" content=\"summary_large_image\" \/>\n<meta name=\"twitter:label1\" content=\"Escrito por\" \/>\n\t<meta name=\"twitter:data1\" content=\"Hno. Johan Flores\" \/>\n\t<meta name=\"twitter:label2\" content=\"Tiempo de lectura\" \/>\n\t<meta name=\"twitter:data2\" content=\"8 minutos\" \/>\n<script type=\"application\/ld+json\" class=\"yoast-schema-graph\">{\"@context\":\"https:\/\/schema.org\",\"@graph\":[{\"@type\":\"Article\",\"@id\":\"https:\/\/lasfuentesid.com\/index.php\/2024\/02\/11\/reunion-regional-de-directivas-juveniles\/#article\",\"isPartOf\":{\"@id\":\"https:\/\/lasfuentesid.com\/index.php\/2024\/02\/11\/reunion-regional-de-directivas-juveniles\/\"},\"author\":{\"name\":\"Hno. Johan Flores\",\"@id\":\"https:\/\/lasfuentesid.com\/#\/schema\/person\/05f3d6e6943eb2f265eb3c3c19372886\"},\"headline\":\"Reuni\u00f3n Regional de Directivas Juveniles\",\"datePublished\":\"2024-02-11T07:04:00+00:00\",\"dateModified\":\"2024-05-21T08:12:37+00:00\",\"mainEntityOfPage\":{\"@id\":\"https:\/\/lasfuentesid.com\/index.php\/2024\/02\/11\/reunion-regional-de-directivas-juveniles\/\"},\"wordCount\":1322,\"publisher\":{\"@id\":\"https:\/\/lasfuentesid.com\/#organization\"},\"image\":{\"@id\":\"https:\/\/lasfuentesid.com\/index.php\/2024\/02\/11\/reunion-regional-de-directivas-juveniles\/#primaryimage\"},\"thumbnailUrl\":\"https:\/\/lasfuentesid.com\/wp-content\/uploads\/2024\/02\/pORTADA-scaled.jpg\",\"articleSection\":[\"Fraternidad Juvenil\"],\"inLanguage\":\"es\"},{\"@type\":\"WebPage\",\"@id\":\"https:\/\/lasfuentesid.com\/index.php\/2024\/02\/11\/reunion-regional-de-directivas-juveniles\/\",\"url\":\"https:\/\/lasfuentesid.com\/index.php\/2024\/02\/11\/reunion-regional-de-directivas-juveniles\/\",\"name\":\"Reuni\u00f3n Regional de Directivas Juveniles - Las Fuentes ID\",\"isPartOf\":{\"@id\":\"https:\/\/lasfuentesid.com\/#website\"},\"primaryImageOfPage\":{\"@id\":\"https:\/\/lasfuentesid.com\/index.php\/2024\/02\/11\/reunion-regional-de-directivas-juveniles\/#primaryimage\"},\"image\":{\"@id\":\"https:\/\/lasfuentesid.com\/index.php\/2024\/02\/11\/reunion-regional-de-directivas-juveniles\/#primaryimage\"},\"thumbnailUrl\":\"https:\/\/lasfuentesid.com\/wp-content\/uploads\/2024\/02\/pORTADA-scaled.jpg\",\"datePublished\":\"2024-02-11T07:04:00+00:00\",\"dateModified\":\"2024-05-21T08:12:37+00:00\",\"description\":\"Siempre tenemos por entendido en la Iglesia de Dios dos premisas que se engloban en una sola que se fortalece y toma m\u00e1s peso: \\\"el trabajo en Dios no es en vano\\\" (1 Corintios 15.58 RVR 1960), pero que tambi\u00e9n \\\"es demasiado y no hay suficientes trabajadores\\\" (Lucas 10.2 DHH); es por ello que en esta ocasi\u00f3n hemos de narrar una actividad que es la antesala a todo lo que a la juventud en la Regi\u00f3n 3 de la Iglesia de Dios le espera y que, por gracia de Dios, la sede que alberg\u00f3 dicha actividad en la que todos los asistentes salimos nutridos tanto del pan espiritual de nuestro Creador como de sus bendiciones materializadas en alimentos para nuestro provecho f\u00edsico. Es as\u00ed como comenzamos a relatar este evento llamado Reuni\u00f3n Regional de Directivas Regi\u00f3n 3, al cual fuimos convocados con el siguiente texto lema: \\\"Y me buscar\u00e9is y hallar\u00e9is, porque me buscar\u00e9is de todo vuestro coraz\u00f3n\\\" (Jerem\u00edas 29.13 RVR 1909).\",\"breadcrumb\":{\"@id\":\"https:\/\/lasfuentesid.com\/index.php\/2024\/02\/11\/reunion-regional-de-directivas-juveniles\/#breadcrumb\"},\"inLanguage\":\"es\",\"potentialAction\":[{\"@type\":\"ReadAction\",\"target\":[\"https:\/\/lasfuentesid.com\/index.php\/2024\/02\/11\/reunion-regional-de-directivas-juveniles\/\"]}]},{\"@type\":\"ImageObject\",\"inLanguage\":\"es\",\"@id\":\"https:\/\/lasfuentesid.com\/index.php\/2024\/02\/11\/reunion-regional-de-directivas-juveniles\/#primaryimage\",\"url\":\"https:\/\/lasfuentesid.com\/wp-content\/uploads\/2024\/02\/pORTADA-scaled.jpg\",\"contentUrl\":\"https:\/\/lasfuentesid.com\/wp-content\/uploads\/2024\/02\/pORTADA-scaled.jpg\",\"width\":2560,\"height\":1452},{\"@type\":\"BreadcrumbList\",\"@id\":\"https:\/\/lasfuentesid.com\/index.php\/2024\/02\/11\/reunion-regional-de-directivas-juveniles\/#breadcrumb\",\"itemListElement\":[{\"@type\":\"ListItem\",\"position\":1,\"name\":\"Portada\",\"item\":\"https:\/\/lasfuentesid.com\/\"},{\"@type\":\"ListItem\",\"position\":2,\"name\":\"Reuni\u00f3n Regional de Directivas Juveniles\"}]},{\"@type\":\"WebSite\",\"@id\":\"https:\/\/lasfuentesid.com\/#website\",\"url\":\"https:\/\/lasfuentesid.com\/\",\"name\":\"Iglesia de Dios Las Fuentes\",\"description\":\"Iglesia de Dios en Las Fuentes\",\"publisher\":{\"@id\":\"https:\/\/lasfuentesid.com\/#organization\"},\"potentialAction\":[{\"@type\":\"SearchAction\",\"target\":{\"@type\":\"EntryPoint\",\"urlTemplate\":\"https:\/\/lasfuentesid.com\/?s={search_term_string}\"},\"query-input\":{\"@type\":\"PropertyValueSpecification\",\"valueRequired\":true,\"valueName\":\"search_term_string\"}}],\"inLanguage\":\"es\"},{\"@type\":\"Organization\",\"@id\":\"https:\/\/lasfuentesid.com\/#organization\",\"name\":\"Iglesia de Dios en Las Fuentes\",\"url\":\"https:\/\/lasfuentesid.com\/\",\"logo\":{\"@type\":\"ImageObject\",\"inLanguage\":\"es\",\"@id\":\"https:\/\/lasfuentesid.com\/#\/schema\/logo\/image\/\",\"url\":\"\",\"contentUrl\":\"\",\"caption\":\"Iglesia de Dios en Las Fuentes\"},\"image\":{\"@id\":\"https:\/\/lasfuentesid.com\/#\/schema\/logo\/image\/\"},\"sameAs\":[\"https:\/\/www.youtube.com\/channel\/UCVMiqC-dmiK24eBW4B3_fow\"]},{\"@type\":\"Person\",\"@id\":\"https:\/\/lasfuentesid.com\/#\/schema\/person\/05f3d6e6943eb2f265eb3c3c19372886\",\"name\":\"Hno. Johan Flores\",\"url\":\"https:\/\/lasfuentesid.com\/index.php\/author\/johan\/\"}]}<\/script>\n<!-- \/ Yoast SEO plugin. -->","yoast_head_json":{"title":"Reuni\u00f3n Regional de Directivas Juveniles - Las Fuentes ID","description":"Siempre tenemos por entendido en la Iglesia de Dios dos premisas que se engloban en una sola que se fortalece y toma m\u00e1s peso: \"el trabajo en Dios no es en vano\" (1 Corintios 15.58 RVR 1960), pero que tambi\u00e9n \"es demasiado y no hay suficientes trabajadores\" (Lucas 10.2 DHH); es por ello que en esta ocasi\u00f3n hemos de narrar una actividad que es la antesala a todo lo que a la juventud en la Regi\u00f3n 3 de la Iglesia de Dios le espera y que, por gracia de Dios, la sede que alberg\u00f3 dicha actividad en la que todos los asistentes salimos nutridos tanto del pan espiritual de nuestro Creador como de sus bendiciones materializadas en alimentos para nuestro provecho f\u00edsico. Es as\u00ed como comenzamos a relatar este evento llamado Reuni\u00f3n Regional de Directivas Regi\u00f3n 3, al cual fuimos convocados con el siguiente texto lema: \"Y me buscar\u00e9is y hallar\u00e9is, porque me buscar\u00e9is de todo vuestro coraz\u00f3n\" (Jerem\u00edas 29.13 RVR 1909).","robots":{"index":"index","follow":"follow","max-snippet":"max-snippet:-1","max-image-preview":"max-image-preview:large","max-video-preview":"max-video-preview:-1"},"canonical":"https:\/\/lasfuentesid.com\/index.php\/2024\/02\/11\/reunion-regional-de-directivas-juveniles\/","og_locale":"es_ES","og_type":"article","og_title":"Reuni\u00f3n Regional de Directivas Juveniles - Las Fuentes ID","og_description":"Siempre tenemos por entendido en la Iglesia de Dios dos premisas que se engloban en una sola que se fortalece y toma m\u00e1s peso: \"el trabajo en Dios no es en vano\" (1 Corintios 15.58 RVR 1960), pero que tambi\u00e9n \"es demasiado y no hay suficientes trabajadores\" (Lucas 10.2 DHH); es por ello que en esta ocasi\u00f3n hemos de narrar una actividad que es la antesala a todo lo que a la juventud en la Regi\u00f3n 3 de la Iglesia de Dios le espera y que, por gracia de Dios, la sede que alberg\u00f3 dicha actividad en la que todos los asistentes salimos nutridos tanto del pan espiritual de nuestro Creador como de sus bendiciones materializadas en alimentos para nuestro provecho f\u00edsico. Es as\u00ed como comenzamos a relatar este evento llamado Reuni\u00f3n Regional de Directivas Regi\u00f3n 3, al cual fuimos convocados con el siguiente texto lema: \"Y me buscar\u00e9is y hallar\u00e9is, porque me buscar\u00e9is de todo vuestro coraz\u00f3n\" (Jerem\u00edas 29.13 RVR 1909).","og_url":"https:\/\/lasfuentesid.com\/index.php\/2024\/02\/11\/reunion-regional-de-directivas-juveniles\/","og_site_name":"Las Fuentes ID","article_published_time":"2024-02-11T07:04:00+00:00","article_modified_time":"2024-05-21T08:12:37+00:00","og_image":[{"width":2560,"height":1452,"url":"https:\/\/lasfuentesid.com\/wp-content\/uploads\/2024\/02\/pORTADA-scaled.jpg","type":"image\/jpeg"}],"author":"Hno. Johan Flores","twitter_card":"summary_large_image","twitter_misc":{"Escrito por":"Hno. Johan Flores","Tiempo de lectura":"8 minutos"},"schema":{"@context":"https:\/\/schema.org","@graph":[{"@type":"Article","@id":"https:\/\/lasfuentesid.com\/index.php\/2024\/02\/11\/reunion-regional-de-directivas-juveniles\/#article","isPartOf":{"@id":"https:\/\/lasfuentesid.com\/index.php\/2024\/02\/11\/reunion-regional-de-directivas-juveniles\/"},"author":{"name":"Hno. Johan Flores","@id":"https:\/\/lasfuentesid.com\/#\/schema\/person\/05f3d6e6943eb2f265eb3c3c19372886"},"headline":"Reuni\u00f3n Regional de Directivas Juveniles","datePublished":"2024-02-11T07:04:00+00:00","dateModified":"2024-05-21T08:12:37+00:00","mainEntityOfPage":{"@id":"https:\/\/lasfuentesid.com\/index.php\/2024\/02\/11\/reunion-regional-de-directivas-juveniles\/"},"wordCount":1322,"publisher":{"@id":"https:\/\/lasfuentesid.com\/#organization"},"image":{"@id":"https:\/\/lasfuentesid.com\/index.php\/2024\/02\/11\/reunion-regional-de-directivas-juveniles\/#primaryimage"},"thumbnailUrl":"https:\/\/lasfuentesid.com\/wp-content\/uploads\/2024\/02\/pORTADA-scaled.jpg","articleSection":["Fraternidad Juvenil"],"inLanguage":"es"},{"@type":"WebPage","@id":"https:\/\/lasfuentesid.com\/index.php\/2024\/02\/11\/reunion-regional-de-directivas-juveniles\/","url":"https:\/\/lasfuentesid.com\/index.php\/2024\/02\/11\/reunion-regional-de-directivas-juveniles\/","name":"Reuni\u00f3n Regional de Directivas Juveniles - Las Fuentes ID","isPartOf":{"@id":"https:\/\/lasfuentesid.com\/#website"},"primaryImageOfPage":{"@id":"https:\/\/lasfuentesid.com\/index.php\/2024\/02\/11\/reunion-regional-de-directivas-juveniles\/#primaryimage"},"image":{"@id":"https:\/\/lasfuentesid.com\/index.php\/2024\/02\/11\/reunion-regional-de-directivas-juveniles\/#primaryimage"},"thumbnailUrl":"https:\/\/lasfuentesid.com\/wp-content\/uploads\/2024\/02\/pORTADA-scaled.jpg","datePublished":"2024-02-11T07:04:00+00:00","dateModified":"2024-05-21T08:12:37+00:00","description":"Siempre tenemos por entendido en la Iglesia de Dios dos premisas que se engloban en una sola que se fortalece y toma m\u00e1s peso: \"el trabajo en Dios no es en vano\" (1 Corintios 15.58 RVR 1960), pero que tambi\u00e9n \"es demasiado y no hay suficientes trabajadores\" (Lucas 10.2 DHH); es por ello que en esta ocasi\u00f3n hemos de narrar una actividad que es la antesala a todo lo que a la juventud en la Regi\u00f3n 3 de la Iglesia de Dios le espera y que, por gracia de Dios, la sede que alberg\u00f3 dicha actividad en la que todos los asistentes salimos nutridos tanto del pan espiritual de nuestro Creador como de sus bendiciones materializadas en alimentos para nuestro provecho f\u00edsico. Es as\u00ed como comenzamos a relatar este evento llamado Reuni\u00f3n Regional de Directivas Regi\u00f3n 3, al cual fuimos convocados con el siguiente texto lema: \"Y me buscar\u00e9is y hallar\u00e9is, porque me buscar\u00e9is de todo vuestro coraz\u00f3n\" (Jerem\u00edas 29.13 RVR 1909).","breadcrumb":{"@id":"https:\/\/lasfuentesid.com\/index.php\/2024\/02\/11\/reunion-regional-de-directivas-juveniles\/#breadcrumb"},"inLanguage":"es","potentialAction":[{"@type":"ReadAction","target":["https:\/\/lasfuentesid.com\/index.php\/2024\/02\/11\/reunion-regional-de-directivas-juveniles\/"]}]},{"@type":"ImageObject","inLanguage":"es","@id":"https:\/\/lasfuentesid.com\/index.php\/2024\/02\/11\/reunion-regional-de-directivas-juveniles\/#primaryimage","url":"https:\/\/lasfuentesid.com\/wp-content\/uploads\/2024\/02\/pORTADA-scaled.jpg","contentUrl":"https:\/\/lasfuentesid.com\/wp-content\/uploads\/2024\/02\/pORTADA-scaled.jpg","width":2560,"height":1452},{"@type":"BreadcrumbList","@id":"https:\/\/lasfuentesid.com\/index.php\/2024\/02\/11\/reunion-regional-de-directivas-juveniles\/#breadcrumb","itemListElement":[{"@type":"ListItem","position":1,"name":"Portada","item":"https:\/\/lasfuentesid.com\/"},{"@type":"ListItem","position":2,"name":"Reuni\u00f3n Regional de Directivas Juveniles"}]},{"@type":"WebSite","@id":"https:\/\/lasfuentesid.com\/#website","url":"https:\/\/lasfuentesid.com\/","name":"Iglesia de Dios Las Fuentes","description":"Iglesia de Dios en Las Fuentes","publisher":{"@id":"https:\/\/lasfuentesid.com\/#organization"},"potentialAction":[{"@type":"SearchAction","target":{"@type":"EntryPoint","urlTemplate":"https:\/\/lasfuentesid.com\/?s={search_term_string}"},"query-input":{"@type":"PropertyValueSpecification","valueRequired":true,"valueName":"search_term_string"}}],"inLanguage":"es"},{"@type":"Organization","@id":"https:\/\/lasfuentesid.com\/#organization","name":"Iglesia de Dios en Las Fuentes","url":"https:\/\/lasfuentesid.com\/","logo":{"@type":"ImageObject","inLanguage":"es","@id":"https:\/\/lasfuentesid.com\/#\/schema\/logo\/image\/","url":"","contentUrl":"","caption":"Iglesia de Dios en Las Fuentes"},"image":{"@id":"https:\/\/lasfuentesid.com\/#\/schema\/logo\/image\/"},"sameAs":["https:\/\/www.youtube.com\/channel\/UCVMiqC-dmiK24eBW4B3_fow"]},{"@type":"Person","@id":"https:\/\/lasfuentesid.com\/#\/schema\/person\/05f3d6e6943eb2f265eb3c3c19372886","name":"Hno. Johan Flores","url":"https:\/\/lasfuentesid.com\/index.php\/author\/johan\/"}]}},"_links":{"self":[{"href":"https:\/\/lasfuentesid.com\/index.php\/wp-json\/wp\/v2\/posts\/5956","targetHints":{"allow":["GET"]}}],"collection":[{"href":"https:\/\/lasfuentesid.com\/index.php\/wp-json\/wp\/v2\/posts"}],"about":[{"href":"https:\/\/lasfuentesid.com\/index.php\/wp-json\/wp\/v2\/types\/post"}],"author":[{"embeddable":true,"href":"https:\/\/lasfuentesid.com\/index.php\/wp-json\/wp\/v2\/users\/10"}],"replies":[{"embeddable":true,"href":"https:\/\/lasfuentesid.com\/index.php\/wp-json\/wp\/v2\/comments?post=5956"}],"version-history":[{"count":4,"href":"https:\/\/lasfuentesid.com\/index.php\/wp-json\/wp\/v2\/posts\/5956\/revisions"}],"predecessor-version":[{"id":5983,"href":"https:\/\/lasfuentesid.com\/index.php\/wp-json\/wp\/v2\/posts\/5956\/revisions\/5983"}],"wp:featuredmedia":[{"embeddable":true,"href":"https:\/\/lasfuentesid.com\/index.php\/wp-json\/wp\/v2\/media\/5972"}],"wp:attachment":[{"href":"https:\/\/lasfuentesid.com\/index.php\/wp-json\/wp\/v2\/media?parent=5956"}],"wp:term":[{"taxonomy":"category","embeddable":true,"href":"https:\/\/lasfuentesid.com\/index.php\/wp-json\/wp\/v2\/categories?post=5956"},{"taxonomy":"post_tag","embeddable":true,"href":"https:\/\/lasfuentesid.com\/index.php\/wp-json\/wp\/v2\/tags?post=5956"}],"curies":[{"name":"wp","href":"https:\/\/api.w.org\/{rel}","templated":true}]}}