{"id":5133,"date":"2022-09-05T02:09:17","date_gmt":"2022-09-05T02:09:17","guid":{"rendered":"https:\/\/lasfuentesid.com\/?p=5133"},"modified":"2023-01-03T03:30:06","modified_gmt":"2023-01-03T03:30:06","slug":"remembranza-de-la-35-convocacion-nacional-juvenil","status":"publish","type":"post","link":"https:\/\/lasfuentesid.com\/index.php\/2022\/09\/05\/remembranza-de-la-35-convocacion-nacional-juvenil\/","title":{"rendered":"Remembranza de la 35\u00b0 Convocaci\u00f3n Nacional Juvenil"},"content":{"rendered":"\n<p><br>La <strong><em>Convocaci\u00f3n Nacional Juvenil<\/em><\/strong> es una reuni\u00f3n anual llevada a cabo por el CONAJUV, \u00f3rgano de integraci\u00f3n y gesti\u00f3n de todas las Fraternidades Juveniles a novel nacional y representante de la juventud cristiana en M\u00e9xico para otros pa\u00edses que comparten la Doctrina Verdadera. Esta reuni\u00f3n, realizada en su conjunto con el Consistorio de Ancianos, junta m\u00e1xima de ministros donde recae la autoridad de Dios, tiene como objetivo principal &#8220;hacer prosperar la obra en la FJC y aspirar a encontrar su salvaci\u00f3n, en un marco de convivencia fraterna y espiritual&#8221;. Los par\u00e1metros de admisi\u00f3n son entrar en el rango de edad admisible (entre 15 y 30 a\u00f1os), ser miembros activos en su Fraternidad local y que la misma Fraternidad est\u00e9 dentro de la Rep\u00fablica mexicana, salvo excepciones previstas con antelaci\u00f3n. As\u00ed pues, la <strong><em>CNJ<\/em><\/strong>, siglas de esta reuni\u00f3n nacional, es el macro evento juvenil autorizado por la Confrerencia General de la Iglesia de Dios para la fructificaci\u00f3n de nuestras bases de ense\u00f1anza de la Doctrina del Creador, dando seguimiento al mandato de Jesucristo de predicar La Palabra por todo el mundo.<br><\/p>\n\n\n<div class=\"wp-block-image\">\n<figure class=\"aligncenter size-large\"><img fetchpriority=\"high\" decoding=\"async\" width=\"1024\" height=\"683\" src=\"https:\/\/lasfuentesid.com\/wp-content\/uploads\/2022\/12\/Panoramica-1024x683.jpg\" alt=\"\" class=\"wp-image-5135\" srcset=\"https:\/\/lasfuentesid.com\/wp-content\/uploads\/2022\/12\/Panoramica-1024x683.jpg 1024w, https:\/\/lasfuentesid.com\/wp-content\/uploads\/2022\/12\/Panoramica-300x200.jpg 300w, https:\/\/lasfuentesid.com\/wp-content\/uploads\/2022\/12\/Panoramica-768x512.jpg 768w, https:\/\/lasfuentesid.com\/wp-content\/uploads\/2022\/12\/Panoramica-1536x1024.jpg 1536w, https:\/\/lasfuentesid.com\/wp-content\/uploads\/2022\/12\/Panoramica-405x270.jpg 405w, https:\/\/lasfuentesid.com\/wp-content\/uploads\/2022\/12\/Panoramica-1320x880.jpg 1320w, https:\/\/lasfuentesid.com\/wp-content\/uploads\/2022\/12\/Panoramica.jpg 2048w\" sizes=\"(max-width: 1024px) 100vw, 1024px\" \/><figcaption class=\"wp-element-caption\">Fotograf\u00eda de Facebook: Difusi\u00f3n FJC<\/figcaption><\/figure>\n<\/div>\n\n\n<p><br>La edici\u00f3n 35 de esta reuni\u00f3n masiva juvenil recupera la idea original aunque con ligeros cambios dada a\u00fan la presencia de la emergencia sanitaria ante el COVID-19, si bien aparenta estar en segundo plano la pandemia, a\u00fan contin\u00faa vigente alrededor del mundo (y por supuesto que del pueblo de Dios tambi\u00e9n); con su texto lema ubicado en el 1\/er. Libro de Las Cr\u00f3nicas 22:13 parte b que dice a la letra: <strong><em>&#8220;Esfu\u00e9rate Pues, Y Cobra \u00c1nimo&#8221;<\/em><\/strong> y una masiva promoci\u00f3n de dicho evento que promet\u00eda lo que otras ediciones de la CNJ no se ve\u00eda en cuanto al alimento espiritual se refiere, dicha reuni\u00f3n que fue llevada a cabo en los alrededores de Tulancingo, Hidalgo, en M\u00e9xico, en una edificaci\u00f3n consagrada y preparada especialmente para la reuni\u00f3n en cuesti\u00f3n, fue el encuentro de m\u00e1s de <strong>\u00a11000 j\u00f3venes!<\/strong> y un buen n\u00famero de ministerio al encuentro de este evento para apoyar a presidir en los tres d\u00edas de la reuni\u00f3n (que, dicho de paso, es la idea original de la CNJ) e impartir los temas programados para la ocasi\u00f3n, todo ello de manera totalmente presencial, cuidando tambi\u00e9n de las medidas sanitarias prioritarias en el evento.<br><\/p>\n\n\n<div class=\"wp-block-image\">\n<figure class=\"aligncenter size-large\"><img decoding=\"async\" width=\"1024\" height=\"683\" data-src=\"https:\/\/lasfuentesid.com\/wp-content\/uploads\/2022\/12\/CNJ_1-1024x683.jpg\" alt=\"\" class=\"wp-image-5136 lazyload\" data-srcset=\"https:\/\/lasfuentesid.com\/wp-content\/uploads\/2022\/12\/CNJ_1-1024x683.jpg 1024w, https:\/\/lasfuentesid.com\/wp-content\/uploads\/2022\/12\/CNJ_1-300x200.jpg 300w, https:\/\/lasfuentesid.com\/wp-content\/uploads\/2022\/12\/CNJ_1-768x512.jpg 768w, https:\/\/lasfuentesid.com\/wp-content\/uploads\/2022\/12\/CNJ_1-1536x1024.jpg 1536w, https:\/\/lasfuentesid.com\/wp-content\/uploads\/2022\/12\/CNJ_1-405x270.jpg 405w, https:\/\/lasfuentesid.com\/wp-content\/uploads\/2022\/12\/CNJ_1-1320x880.jpg 1320w, https:\/\/lasfuentesid.com\/wp-content\/uploads\/2022\/12\/CNJ_1.jpg 2048w\" data-sizes=\"(max-width: 1024px) 100vw, 1024px\" src=\"data:image\/svg+xml;base64,PHN2ZyB3aWR0aD0iMSIgaGVpZ2h0PSIxIiB4bWxucz0iaHR0cDovL3d3dy53My5vcmcvMjAwMC9zdmciPjwvc3ZnPg==\" style=\"--smush-placeholder-width: 1024px; --smush-placeholder-aspect-ratio: 1024\/683;\" \/><figcaption class=\"wp-element-caption\">Fotograf\u00eda de Facebook: Difusi\u00f3n FJC<\/figcaption><\/figure>\n<\/div>\n\n\n<p><br>Domingo, 24 de Julio, 2022. El momento ha llegado. El recinto ha sido dispuesto. El desayuno para recibir a los j\u00f3venes, el ministerio y visitantes (operadores de veh\u00edculos en su mayor\u00eda) ha sido preparado por un n\u00famero considerable de hermanos y hermanas que desde muy tempranas horas lo preparan y lo sirven a quienes van llegando, si bien no pocos de &#8220;tierras lejanas&#8221; han llegado al lugar de reuni\u00f3n desde d\u00edas anteriores a causa de la distancia y el tiempo de viaje sumamente ajetreado. M\u00fasicos listos, directores anfitriones listos, equipo de proyecci\u00f3n listo, asientos listos, <strong><em>todo listo<\/em><\/strong>. J\u00f3venes de distintas partes del pa\u00eds se dan cita en el evento, la mayor\u00eda (si no es que todos) van contentos y emocionados de poder asistir a una reuni\u00f3n masiva lograda a\u00fan en medio de una pandemia de COVID-19 aparentemente terminada pero de alguna manera controlada por las vacunas repartidas a la poblaci\u00f3n en sus diferentes dosis en temporadas pasadas. Y hablando de j\u00f3venes, la estad\u00edstica de recepci\u00f3n de la juventud cristiana prev\u00e9 un aforo de alrededor de <strong><em>1400 j\u00f3venes<\/em><\/strong>, la mayor\u00eda de ellos a\u00fan en edades poco menores a los 15 a\u00f1os que se les ha permitido ir mediante protocolos tocantes a viaje de menores a los cultos for\u00e1neos de j\u00f3venes.<br><\/p>\n\n\n<div class=\"wp-block-image\">\n<figure class=\"aligncenter size-large\"><img decoding=\"async\" width=\"1024\" height=\"575\" data-src=\"https:\/\/lasfuentesid.com\/wp-content\/uploads\/2022\/12\/CNJ_2-1024x575.jpg\" alt=\"\" class=\"wp-image-5137 lazyload\" data-srcset=\"https:\/\/lasfuentesid.com\/wp-content\/uploads\/2022\/12\/CNJ_2-1024x575.jpg 1024w, https:\/\/lasfuentesid.com\/wp-content\/uploads\/2022\/12\/CNJ_2-300x168.jpg 300w, https:\/\/lasfuentesid.com\/wp-content\/uploads\/2022\/12\/CNJ_2-768x431.jpg 768w, https:\/\/lasfuentesid.com\/wp-content\/uploads\/2022\/12\/CNJ_2-1536x863.jpg 1536w, https:\/\/lasfuentesid.com\/wp-content\/uploads\/2022\/12\/CNJ_2-481x270.jpg 481w, https:\/\/lasfuentesid.com\/wp-content\/uploads\/2022\/12\/CNJ_2-1320x741.jpg 1320w, https:\/\/lasfuentesid.com\/wp-content\/uploads\/2022\/12\/CNJ_2.jpg 2048w\" data-sizes=\"(max-width: 1024px) 100vw, 1024px\" src=\"data:image\/svg+xml;base64,PHN2ZyB3aWR0aD0iMSIgaGVpZ2h0PSIxIiB4bWxucz0iaHR0cDovL3d3dy53My5vcmcvMjAwMC9zdmciPjwvc3ZnPg==\" style=\"--smush-placeholder-width: 1024px; --smush-placeholder-aspect-ratio: 1024\/575;\" \/><figcaption class=\"wp-element-caption\">Fotograf\u00eda de Facebook: Difusi\u00f3n FJC<\/figcaption><\/figure>\n<\/div>\n\n\n<p><br>En el caso de <strong><em>Las Fuentes<\/em><\/strong>, 17 j\u00f3venes viajan al encuentro de la CNJ 35 (que, dicho de paso, es un r\u00e9cord de traslado de j\u00f3venes hacia este tipo de reuniones) acompa\u00f1ados de otros 5 j\u00f3venes visitantes de Tijuana y pertenecientes a nuestra organizaci\u00f3n religiosa nacional, 4 miembros de ministerio en calidad de asesores y un ferviente deseo de participar de este macro-evento despu\u00e9s de <strong><em>3 a\u00f1os<\/em><\/strong> de no realizarse en su concepto original de 3 d\u00edas y casi un a\u00f1o pasado de haberse realizado de manera h\u00edbrida, combinando las reuniones online y presencial. \u00c9sta reuni\u00f3n es y ser\u00e1 en su totalidad presencial en sus tres d\u00edas ya agendados y programados. Alrededor de las 10:00 a.m. comienzan los primeros cantos juveniles dirigidos a la adoraci\u00f3n al Padre Eterno y a la motivaci\u00f3n del joven a seguir adorando a su Creador con todo \u00edmpetu y fuerza y que se seguir\u00e1n cantando durante al menos este d\u00eda, se presenta ante Dios el culto del primer d\u00eda y la reuni\u00f3n en su totalidad con una plegaria, se da a conocer ante los presentes el texto lema de la reuni\u00f3n y su respectiva composici\u00f3n musical, se presenta el primer tema titulado: <strong><em>&#8220;\u00bfA Qu\u00e9 Has Venido?&#8221;<\/em><\/strong> impartido por el hno. Min. Mois\u00e9s Cruz Ju\u00e1rez, presidente en turno de la Conferencia General de la Iglesia de Dios, se exponen como bloque 1\/o. de alabanzas las propuestas de composiciones para el evento derivado de un concurso previo de elecci\u00f3n de canto estandarte de la CNJ e inicia la primera reartici\u00f3n de los asistentes en dos temas diferentes que se dar\u00e1n de manera simult\u00e1nea:<\/p>\n\n\n\n<ul class=\"wp-block-list\">\n<li><strong><em>&#8220;Ser\u00e1s Prosperado Si Cuidares De Poner Por Obra Sus Estatutos&#8221;<\/em><\/strong>, para p\u00fablico congregante bautizado.<\/li>\n\n\n\n<li><strong><em>&#8220;M\u00e1s El Que No Creyere Ser\u00e1 Condenado&#8221;<\/em><\/strong>, para p\u00fablico congregante simpatizante.<\/li>\n<\/ul>\n\n\n\n<p><br>Terminada la expoosici\u00f3n simult\u00e1nea y la comida seguida de los temas, se dan a conocer otras propuestas de canto lema que participaron en su concurso previo ahora en un 2\/o. bloque de alabanzas e inicia la segunda repartici\u00f3n de p\u00fablico para los temas:<\/p>\n\n\n\n<ul class=\"wp-block-list\">\n<li><strong><em>&#8220;La Mujer Que Teme A Jehov\u00e1, \u00c9sa Ser\u00e1 Alabada&#8221;<\/em><\/strong>, para se\u00f1oritas congregantes.<\/li>\n\n\n\n<li><strong><em>&#8220;Ahora, Ci\u00f1e Como Var\u00f3n Tus Lomos&#8221;<\/em><\/strong>, para j\u00f3venes congregantes.<\/li>\n<\/ul>\n\n\n\n<p><br><\/p>\n\n\n<div class=\"wp-block-image\">\n<figure class=\"aligncenter size-large\"><img decoding=\"async\" width=\"1024\" height=\"683\" data-src=\"https:\/\/lasfuentesid.com\/wp-content\/uploads\/2022\/12\/CNJ_5-1024x683.jpg\" alt=\"\" class=\"wp-image-5140 lazyload\" data-srcset=\"https:\/\/lasfuentesid.com\/wp-content\/uploads\/2022\/12\/CNJ_5-1024x683.jpg 1024w, https:\/\/lasfuentesid.com\/wp-content\/uploads\/2022\/12\/CNJ_5-300x200.jpg 300w, https:\/\/lasfuentesid.com\/wp-content\/uploads\/2022\/12\/CNJ_5-768x512.jpg 768w, https:\/\/lasfuentesid.com\/wp-content\/uploads\/2022\/12\/CNJ_5-1536x1024.jpg 1536w, https:\/\/lasfuentesid.com\/wp-content\/uploads\/2022\/12\/CNJ_5-405x270.jpg 405w, https:\/\/lasfuentesid.com\/wp-content\/uploads\/2022\/12\/CNJ_5-1320x880.jpg 1320w, https:\/\/lasfuentesid.com\/wp-content\/uploads\/2022\/12\/CNJ_5.jpg 2048w\" data-sizes=\"(max-width: 1024px) 100vw, 1024px\" src=\"data:image\/svg+xml;base64,PHN2ZyB3aWR0aD0iMSIgaGVpZ2h0PSIxIiB4bWxucz0iaHR0cDovL3d3dy53My5vcmcvMjAwMC9zdmciPjwvc3ZnPg==\" style=\"--smush-placeholder-width: 1024px; --smush-placeholder-aspect-ratio: 1024\/683;\" \/><figcaption class=\"wp-element-caption\">Fotograf\u00eda de Facebook: Difusi\u00f3n FJC<\/figcaption><\/figure>\n<\/div>\n\n\n<p><br>El 3\/er. bloque de alabanzas se presenta despu\u00e9s de la exposici\u00f3n simult\u00e1nea y el hno. Min. El\u00edas Flores expone ante la juventud concurrida <strong><em>&#8220;He Aqu\u00ed Que Como El Barro Sois&#8221;<\/em><\/strong> como \u00faltima porci\u00f3n de alimento espiritual para concluir con el primer d\u00eda de la Convocaci\u00f3n; para comcluir totamente con este d\u00eda se cantan los \u00faltimos cantos juveniles (entre ellos, el canto estandarte de la reuni\u00f3n), se da conclusi\u00f3n con la oraci\u00f3n de clausura moment\u00e1nea y se imparten avisos tocantes al d\u00eda dos de la reuni\u00f3n, la cena que se degustar\u00e1 en instantes y la fotograf\u00eda oficial del evento la cual tuvo alguna dificultad para concretarse dado el aforo que superaba las estad\u00edsticas previstas para lo mismo. Hacia las 9:00 p.m. terminaba el culto y se daba paso a la cena que, amenizada con una brisa a las afueras del recinto, hac\u00eda refugiar a muchos y no pocos se atrevieron a retirarse a sus lugares de hospedaje cercanos al lugar de reuni\u00f3n.<br><\/p>\n\n\n<div class=\"wp-block-image\">\n<figure class=\"aligncenter size-large\"><img decoding=\"async\" width=\"1024\" height=\"683\" data-src=\"https:\/\/lasfuentesid.com\/wp-content\/uploads\/2022\/12\/CNJ_3-1024x683.jpg\" alt=\"\" class=\"wp-image-5138 lazyload\" data-srcset=\"https:\/\/lasfuentesid.com\/wp-content\/uploads\/2022\/12\/CNJ_3-1024x683.jpg 1024w, https:\/\/lasfuentesid.com\/wp-content\/uploads\/2022\/12\/CNJ_3-300x200.jpg 300w, https:\/\/lasfuentesid.com\/wp-content\/uploads\/2022\/12\/CNJ_3-768x512.jpg 768w, https:\/\/lasfuentesid.com\/wp-content\/uploads\/2022\/12\/CNJ_3-1536x1024.jpg 1536w, https:\/\/lasfuentesid.com\/wp-content\/uploads\/2022\/12\/CNJ_3-405x270.jpg 405w, https:\/\/lasfuentesid.com\/wp-content\/uploads\/2022\/12\/CNJ_3-1320x880.jpg 1320w, https:\/\/lasfuentesid.com\/wp-content\/uploads\/2022\/12\/CNJ_3.jpg 2048w\" data-sizes=\"(max-width: 1024px) 100vw, 1024px\" src=\"data:image\/svg+xml;base64,PHN2ZyB3aWR0aD0iMSIgaGVpZ2h0PSIxIiB4bWxucz0iaHR0cDovL3d3dy53My5vcmcvMjAwMC9zdmciPjwvc3ZnPg==\" style=\"--smush-placeholder-width: 1024px; --smush-placeholder-aspect-ratio: 1024\/683;\" \/><figcaption class=\"wp-element-caption\">Fotograf\u00eda de Facebook: Difusi\u00f3n FJC<\/figcaption><\/figure>\n<\/div>\n\n\n<p><br>Lunes, 25 de Julio, 2022. El segundo desayuno est\u00e1 listo y esperar\u00e1 a los mismos que llegaron al d\u00eda anterior para luego continuar con el segundo d\u00eda de esta majestuosa reuni\u00f3n que sin duda alguna vali\u00f3 la pena esperar. Cerca de las 10:00 a.m. inicia el culto correspondiente al segundo d\u00eda, rodeado de c\u00e1nticos juveniles para adorar a nuestro Creador y para refrendar nuestro compromiso y lealtad ante \u00c9l de vivir como lo demanda de la juventud, algunos de esos cantos son himnos lema de otras CNJ y de entre ellos, el canto estandarte de la CNJ reluce tambi\u00e9n cant\u00e1ndose con \u00edmpetu y energ\u00eda. En medio de los cantos y las s\u00faplicas por los predicadores en el turno de sus sermones correspondientes, sale a relucir una modalidad expr\u00e9s de predicar la Sana Doctrina: <strong><em>los micromensajes<\/em><\/strong>, con tres espacios dedicados para ello, dos de ellos correspondientes a este d\u00eda; el primer turno tuvo como sermones los siguientes: <strong><em>&#8220;Confortaos En El Se\u00f1or&#8221;<\/em><\/strong> y <strong><em>&#8220;Lev\u00e1ntate Porque A Ti Toca El Negocio&#8221;<\/em><\/strong>, el 4\/o. bloque de alabanzas se hace presente en medio de alg\u00fan canto interl\u00fadico y despu\u00e9s inicia el segundo turno de micromensajes con los sermones: <strong><em>&#8220;Esfu\u00e9rzate Y Ponlo Por Obra&#8221;<\/em><\/strong> y <strong><em>&#8220;Empero Cada Uno Vea C\u00f3mo Sibreedifica&#8221;<\/em><\/strong>, le contin\u00faa el 5\/o. bloque de alabanzas y, tras poner en las manos de Dios el serm\u00f3n general del d\u00eda, el hno. Min. Uzziel V\u00e1zquez Moreno expone ante la concurrencia <strong><em>&#8220;La Gloria De Jehov\u00e1 Ha Nacido Sobre Ti&#8221;<\/em><\/strong>. <br><\/p>\n\n\n<div class=\"wp-block-image\">\n<figure class=\"aligncenter size-large\"><img decoding=\"async\" width=\"1024\" height=\"682\" data-src=\"https:\/\/lasfuentesid.com\/wp-content\/uploads\/2022\/12\/CNJ_4-1024x682.jpg\" alt=\"\" class=\"wp-image-5139 lazyload\" data-srcset=\"https:\/\/lasfuentesid.com\/wp-content\/uploads\/2022\/12\/CNJ_4-1024x682.jpg 1024w, https:\/\/lasfuentesid.com\/wp-content\/uploads\/2022\/12\/CNJ_4-300x200.jpg 300w, https:\/\/lasfuentesid.com\/wp-content\/uploads\/2022\/12\/CNJ_4-768x512.jpg 768w, https:\/\/lasfuentesid.com\/wp-content\/uploads\/2022\/12\/CNJ_4-1536x1023.jpg 1536w, https:\/\/lasfuentesid.com\/wp-content\/uploads\/2022\/12\/CNJ_4-405x270.jpg 405w, https:\/\/lasfuentesid.com\/wp-content\/uploads\/2022\/12\/CNJ_4-1320x879.jpg 1320w, https:\/\/lasfuentesid.com\/wp-content\/uploads\/2022\/12\/CNJ_4.jpg 2048w\" data-sizes=\"(max-width: 1024px) 100vw, 1024px\" src=\"data:image\/svg+xml;base64,PHN2ZyB3aWR0aD0iMSIgaGVpZ2h0PSIxIiB4bWxucz0iaHR0cDovL3d3dy53My5vcmcvMjAwMC9zdmciPjwvc3ZnPg==\" style=\"--smush-placeholder-width: 1024px; --smush-placeholder-aspect-ratio: 1024\/682;\" \/><figcaption class=\"wp-element-caption\">Fotograf\u00eda de Facebook: Difusi\u00f3n FJC<\/figcaption><\/figure>\n<\/div>\n\n\n<p><br>Para darle paso a la comida y, mientras un peque\u00f1o delegado de j\u00f3venes (entre ellos, pocos de Las Fuentes) se destinaban a organizar la repartici\u00f3n de la comida, el CONAJUV, representantes oficiales de la juventud en la Iglesia de Dios en territorio nacional, dio a conocer ante los presentes el cambio de administraci\u00f3n de este organismo. Tras la comida, la reanudaci\u00f3n del culto y la presentaci\u00f3n del pen\u00faltimo bloque de n\u00fameros especiales, se inicia la tercera exposici\u00f3n simult\u00e1nea y la repartici\u00f3n del p\u00fablico asistente a los tres temas simult\u00e1neos siguientes:<\/p>\n\n\n\n<ul class=\"wp-block-list\">\n<li><strong><em>&#8220;No Despert\u00e9is Ni Hag\u00e1is Velar El Amor&#8221;<\/em><\/strong>, para p\u00fablico congregante de edad de 13 a 19 a\u00f1os.<\/li>\n\n\n\n<li><strong><em>&#8220;Y Contra La Mujer De Vuestra Mocedad No Se\u00e1is Desleales&#8221;<\/em><\/strong>, para j\u00f3venes congregantes de 20 a 30 a\u00f1os.<\/li>\n\n\n\n<li><strong><em>&#8220;Como El Lirio Entre Las Espinas&#8221;<\/em><\/strong>, para se\u00f1oritas congregantes de 20 a 30 a\u00f1os.<\/li>\n<\/ul>\n\n\n\n<p><br>El \u00faltimo bloque de n\u00fameros especiales se hace presente ante los congregantes y posteriormente se da a conocer una nueva modalidad de resoluci\u00f3n de dudas y preguntas (todas ellas an\u00f3nimas) referentes a la Doctrina de la Iglesia de Dios en contraste con temas controversiales y pol\u00e9micos que ha generado el vivir de los gentiles actualmente, es decir, un nuevo <strong><em>Panel de Ministros<\/em><\/strong> tratando el tema <strong><em>&#8220;La Hora Und\u00e9cima (Los Tiempos Del Fin)&#8221;<\/em><\/strong>. Al t\u00e9rmino del culto del segundo d\u00eda conclu\u00eddo con una oraci\u00f3n y, tras indicaciones referentes a la cena, alrededor de las 8:30 la segunda parte de la reuni\u00f3n daba fin para posteriormente degustar de la cena preparada por los hermanos y repetir la log\u00edstica de hospedaje y transporte del d\u00eda anterior en esta ocasi\u00f3n.<br><br><\/p>\n","protected":false},"excerpt":{"rendered":"<p>La Convocaci\u00f3n Nacional Juvenil es una reuni\u00f3n anual llevada a cabo por el CONAJUV, \u00f3rgano de integraci\u00f3n y gesti\u00f3n de todas las Fraternidades Juveniles a novel nacional y representante de la juventud cristiana en M\u00e9xico para otros pa\u00edses que comparten la Doctrina Verdadera.<\/p>\n","protected":false},"author":10,"featured_media":5174,"comment_status":"closed","ping_status":"closed","sticky":false,"template":"","format":"standard","meta":{"_monsterinsights_skip_tracking":false,"_monsterinsights_sitenote_active":false,"_monsterinsights_sitenote_note":"","_monsterinsights_sitenote_category":0,"footnotes":""},"categories":[98],"tags":[],"class_list":["post-5133","post","type-post","status-publish","format-standard","has-post-thumbnail","hentry","category-fraternidad-juvenil"],"yoast_head":"<!-- This site is optimized with the Yoast SEO plugin v25.6 - https:\/\/yoast.com\/wordpress\/plugins\/seo\/ -->\n<title>Remembranza de la 35\u00b0 Convocaci\u00f3n Nacional Juvenil - Las Fuentes ID<\/title>\n<meta name=\"description\" content=\"La Convocaci\u00f3n Nacional Juvenil es una reuni\u00f3n anual llevada a cabo por el CONAJUV, \u00f3rgano de integraci\u00f3n y gesti\u00f3n de todas las Fraternidades Juveniles a novel nacional y representante de la juventud cristiana en M\u00e9xico para otros pa\u00edses que comparten la Doctrina Verdadera.\" \/>\n<meta name=\"robots\" content=\"index, follow, max-snippet:-1, max-image-preview:large, max-video-preview:-1\" \/>\n<link rel=\"canonical\" href=\"https:\/\/lasfuentesid.com\/index.php\/2022\/09\/05\/remembranza-de-la-35-convocacion-nacional-juvenil\/\" \/>\n<meta property=\"og:locale\" content=\"es_ES\" \/>\n<meta property=\"og:type\" content=\"article\" \/>\n<meta property=\"og:title\" content=\"Remembranza de la 35\u00b0 Convocaci\u00f3n Nacional Juvenil - Las Fuentes ID\" \/>\n<meta property=\"og:description\" content=\"La Convocaci\u00f3n Nacional Juvenil es una reuni\u00f3n anual llevada a cabo por el CONAJUV, \u00f3rgano de integraci\u00f3n y gesti\u00f3n de todas las Fraternidades Juveniles a novel nacional y representante de la juventud cristiana en M\u00e9xico para otros pa\u00edses que comparten la Doctrina Verdadera.\" \/>\n<meta property=\"og:url\" content=\"https:\/\/lasfuentesid.com\/index.php\/2022\/09\/05\/remembranza-de-la-35-convocacion-nacional-juvenil\/\" \/>\n<meta property=\"og:site_name\" content=\"Las Fuentes ID\" \/>\n<meta property=\"article:published_time\" content=\"2022-09-05T02:09:17+00:00\" \/>\n<meta property=\"article:modified_time\" content=\"2023-01-03T03:30:06+00:00\" \/>\n<meta property=\"og:image\" content=\"https:\/\/lasfuentesid.com\/wp-content\/uploads\/2022\/09\/267116713_2813956505563052_1636460617500182331_n.jpg\" \/>\n\t<meta property=\"og:image:width\" content=\"851\" \/>\n\t<meta property=\"og:image:height\" content=\"315\" \/>\n\t<meta property=\"og:image:type\" content=\"image\/jpeg\" \/>\n<meta name=\"author\" content=\"Hno. Johan Flores\" \/>\n<meta name=\"twitter:card\" content=\"summary_large_image\" \/>\n<meta name=\"twitter:label1\" content=\"Escrito por\" \/>\n\t<meta name=\"twitter:data1\" content=\"Hno. Johan Flores\" \/>\n\t<meta name=\"twitter:label2\" content=\"Tiempo de lectura\" \/>\n\t<meta name=\"twitter:data2\" content=\"9 minutos\" \/>\n<script type=\"application\/ld+json\" class=\"yoast-schema-graph\">{\"@context\":\"https:\/\/schema.org\",\"@graph\":[{\"@type\":\"Article\",\"@id\":\"https:\/\/lasfuentesid.com\/index.php\/2022\/09\/05\/remembranza-de-la-35-convocacion-nacional-juvenil\/#article\",\"isPartOf\":{\"@id\":\"https:\/\/lasfuentesid.com\/index.php\/2022\/09\/05\/remembranza-de-la-35-convocacion-nacional-juvenil\/\"},\"author\":{\"name\":\"Hno. Johan Flores\",\"@id\":\"https:\/\/lasfuentesid.com\/#\/schema\/person\/05f3d6e6943eb2f265eb3c3c19372886\"},\"headline\":\"Remembranza de la 35\u00b0 Convocaci\u00f3n Nacional Juvenil\",\"datePublished\":\"2022-09-05T02:09:17+00:00\",\"dateModified\":\"2023-01-03T03:30:06+00:00\",\"mainEntityOfPage\":{\"@id\":\"https:\/\/lasfuentesid.com\/index.php\/2022\/09\/05\/remembranza-de-la-35-convocacion-nacional-juvenil\/\"},\"wordCount\":1809,\"publisher\":{\"@id\":\"https:\/\/lasfuentesid.com\/#organization\"},\"image\":{\"@id\":\"https:\/\/lasfuentesid.com\/index.php\/2022\/09\/05\/remembranza-de-la-35-convocacion-nacional-juvenil\/#primaryimage\"},\"thumbnailUrl\":\"https:\/\/lasfuentesid.com\/wp-content\/uploads\/2022\/09\/267116713_2813956505563052_1636460617500182331_n.jpg\",\"articleSection\":[\"Fraternidad Juvenil\"],\"inLanguage\":\"es\"},{\"@type\":\"WebPage\",\"@id\":\"https:\/\/lasfuentesid.com\/index.php\/2022\/09\/05\/remembranza-de-la-35-convocacion-nacional-juvenil\/\",\"url\":\"https:\/\/lasfuentesid.com\/index.php\/2022\/09\/05\/remembranza-de-la-35-convocacion-nacional-juvenil\/\",\"name\":\"Remembranza de la 35\u00b0 Convocaci\u00f3n Nacional Juvenil - Las Fuentes ID\",\"isPartOf\":{\"@id\":\"https:\/\/lasfuentesid.com\/#website\"},\"primaryImageOfPage\":{\"@id\":\"https:\/\/lasfuentesid.com\/index.php\/2022\/09\/05\/remembranza-de-la-35-convocacion-nacional-juvenil\/#primaryimage\"},\"image\":{\"@id\":\"https:\/\/lasfuentesid.com\/index.php\/2022\/09\/05\/remembranza-de-la-35-convocacion-nacional-juvenil\/#primaryimage\"},\"thumbnailUrl\":\"https:\/\/lasfuentesid.com\/wp-content\/uploads\/2022\/09\/267116713_2813956505563052_1636460617500182331_n.jpg\",\"datePublished\":\"2022-09-05T02:09:17+00:00\",\"dateModified\":\"2023-01-03T03:30:06+00:00\",\"description\":\"La Convocaci\u00f3n Nacional Juvenil es una reuni\u00f3n anual llevada a cabo por el CONAJUV, \u00f3rgano de integraci\u00f3n y gesti\u00f3n de todas las Fraternidades Juveniles a novel nacional y representante de la juventud cristiana en M\u00e9xico para otros pa\u00edses que comparten la Doctrina Verdadera.\",\"breadcrumb\":{\"@id\":\"https:\/\/lasfuentesid.com\/index.php\/2022\/09\/05\/remembranza-de-la-35-convocacion-nacional-juvenil\/#breadcrumb\"},\"inLanguage\":\"es\",\"potentialAction\":[{\"@type\":\"ReadAction\",\"target\":[\"https:\/\/lasfuentesid.com\/index.php\/2022\/09\/05\/remembranza-de-la-35-convocacion-nacional-juvenil\/\"]}]},{\"@type\":\"ImageObject\",\"inLanguage\":\"es\",\"@id\":\"https:\/\/lasfuentesid.com\/index.php\/2022\/09\/05\/remembranza-de-la-35-convocacion-nacional-juvenil\/#primaryimage\",\"url\":\"https:\/\/lasfuentesid.com\/wp-content\/uploads\/2022\/09\/267116713_2813956505563052_1636460617500182331_n.jpg\",\"contentUrl\":\"https:\/\/lasfuentesid.com\/wp-content\/uploads\/2022\/09\/267116713_2813956505563052_1636460617500182331_n.jpg\",\"width\":851,\"height\":315},{\"@type\":\"BreadcrumbList\",\"@id\":\"https:\/\/lasfuentesid.com\/index.php\/2022\/09\/05\/remembranza-de-la-35-convocacion-nacional-juvenil\/#breadcrumb\",\"itemListElement\":[{\"@type\":\"ListItem\",\"position\":1,\"name\":\"Portada\",\"item\":\"https:\/\/lasfuentesid.com\/\"},{\"@type\":\"ListItem\",\"position\":2,\"name\":\"Remembranza de la 35\u00b0 Convocaci\u00f3n Nacional Juvenil\"}]},{\"@type\":\"WebSite\",\"@id\":\"https:\/\/lasfuentesid.com\/#website\",\"url\":\"https:\/\/lasfuentesid.com\/\",\"name\":\"Iglesia de Dios Las Fuentes\",\"description\":\"Iglesia de Dios en Las Fuentes\",\"publisher\":{\"@id\":\"https:\/\/lasfuentesid.com\/#organization\"},\"potentialAction\":[{\"@type\":\"SearchAction\",\"target\":{\"@type\":\"EntryPoint\",\"urlTemplate\":\"https:\/\/lasfuentesid.com\/?s={search_term_string}\"},\"query-input\":{\"@type\":\"PropertyValueSpecification\",\"valueRequired\":true,\"valueName\":\"search_term_string\"}}],\"inLanguage\":\"es\"},{\"@type\":\"Organization\",\"@id\":\"https:\/\/lasfuentesid.com\/#organization\",\"name\":\"Iglesia de Dios en Las Fuentes\",\"url\":\"https:\/\/lasfuentesid.com\/\",\"logo\":{\"@type\":\"ImageObject\",\"inLanguage\":\"es\",\"@id\":\"https:\/\/lasfuentesid.com\/#\/schema\/logo\/image\/\",\"url\":\"\",\"contentUrl\":\"\",\"caption\":\"Iglesia de Dios en Las Fuentes\"},\"image\":{\"@id\":\"https:\/\/lasfuentesid.com\/#\/schema\/logo\/image\/\"},\"sameAs\":[\"https:\/\/www.youtube.com\/channel\/UCVMiqC-dmiK24eBW4B3_fow\"]},{\"@type\":\"Person\",\"@id\":\"https:\/\/lasfuentesid.com\/#\/schema\/person\/05f3d6e6943eb2f265eb3c3c19372886\",\"name\":\"Hno. Johan Flores\",\"url\":\"https:\/\/lasfuentesid.com\/index.php\/author\/johan\/\"}]}<\/script>\n<!-- \/ Yoast SEO plugin. -->","yoast_head_json":{"title":"Remembranza de la 35\u00b0 Convocaci\u00f3n Nacional Juvenil - Las Fuentes ID","description":"La Convocaci\u00f3n Nacional Juvenil es una reuni\u00f3n anual llevada a cabo por el CONAJUV, \u00f3rgano de integraci\u00f3n y gesti\u00f3n de todas las Fraternidades Juveniles a novel nacional y representante de la juventud cristiana en M\u00e9xico para otros pa\u00edses que comparten la Doctrina Verdadera.","robots":{"index":"index","follow":"follow","max-snippet":"max-snippet:-1","max-image-preview":"max-image-preview:large","max-video-preview":"max-video-preview:-1"},"canonical":"https:\/\/lasfuentesid.com\/index.php\/2022\/09\/05\/remembranza-de-la-35-convocacion-nacional-juvenil\/","og_locale":"es_ES","og_type":"article","og_title":"Remembranza de la 35\u00b0 Convocaci\u00f3n Nacional Juvenil - Las Fuentes ID","og_description":"La Convocaci\u00f3n Nacional Juvenil es una reuni\u00f3n anual llevada a cabo por el CONAJUV, \u00f3rgano de integraci\u00f3n y gesti\u00f3n de todas las Fraternidades Juveniles a novel nacional y representante de la juventud cristiana en M\u00e9xico para otros pa\u00edses que comparten la Doctrina Verdadera.","og_url":"https:\/\/lasfuentesid.com\/index.php\/2022\/09\/05\/remembranza-de-la-35-convocacion-nacional-juvenil\/","og_site_name":"Las Fuentes ID","article_published_time":"2022-09-05T02:09:17+00:00","article_modified_time":"2023-01-03T03:30:06+00:00","og_image":[{"width":851,"height":315,"url":"https:\/\/lasfuentesid.com\/wp-content\/uploads\/2022\/09\/267116713_2813956505563052_1636460617500182331_n.jpg","type":"image\/jpeg"}],"author":"Hno. Johan Flores","twitter_card":"summary_large_image","twitter_misc":{"Escrito por":"Hno. Johan Flores","Tiempo de lectura":"9 minutos"},"schema":{"@context":"https:\/\/schema.org","@graph":[{"@type":"Article","@id":"https:\/\/lasfuentesid.com\/index.php\/2022\/09\/05\/remembranza-de-la-35-convocacion-nacional-juvenil\/#article","isPartOf":{"@id":"https:\/\/lasfuentesid.com\/index.php\/2022\/09\/05\/remembranza-de-la-35-convocacion-nacional-juvenil\/"},"author":{"name":"Hno. Johan Flores","@id":"https:\/\/lasfuentesid.com\/#\/schema\/person\/05f3d6e6943eb2f265eb3c3c19372886"},"headline":"Remembranza de la 35\u00b0 Convocaci\u00f3n Nacional Juvenil","datePublished":"2022-09-05T02:09:17+00:00","dateModified":"2023-01-03T03:30:06+00:00","mainEntityOfPage":{"@id":"https:\/\/lasfuentesid.com\/index.php\/2022\/09\/05\/remembranza-de-la-35-convocacion-nacional-juvenil\/"},"wordCount":1809,"publisher":{"@id":"https:\/\/lasfuentesid.com\/#organization"},"image":{"@id":"https:\/\/lasfuentesid.com\/index.php\/2022\/09\/05\/remembranza-de-la-35-convocacion-nacional-juvenil\/#primaryimage"},"thumbnailUrl":"https:\/\/lasfuentesid.com\/wp-content\/uploads\/2022\/09\/267116713_2813956505563052_1636460617500182331_n.jpg","articleSection":["Fraternidad Juvenil"],"inLanguage":"es"},{"@type":"WebPage","@id":"https:\/\/lasfuentesid.com\/index.php\/2022\/09\/05\/remembranza-de-la-35-convocacion-nacional-juvenil\/","url":"https:\/\/lasfuentesid.com\/index.php\/2022\/09\/05\/remembranza-de-la-35-convocacion-nacional-juvenil\/","name":"Remembranza de la 35\u00b0 Convocaci\u00f3n Nacional Juvenil - Las Fuentes ID","isPartOf":{"@id":"https:\/\/lasfuentesid.com\/#website"},"primaryImageOfPage":{"@id":"https:\/\/lasfuentesid.com\/index.php\/2022\/09\/05\/remembranza-de-la-35-convocacion-nacional-juvenil\/#primaryimage"},"image":{"@id":"https:\/\/lasfuentesid.com\/index.php\/2022\/09\/05\/remembranza-de-la-35-convocacion-nacional-juvenil\/#primaryimage"},"thumbnailUrl":"https:\/\/lasfuentesid.com\/wp-content\/uploads\/2022\/09\/267116713_2813956505563052_1636460617500182331_n.jpg","datePublished":"2022-09-05T02:09:17+00:00","dateModified":"2023-01-03T03:30:06+00:00","description":"La Convocaci\u00f3n Nacional Juvenil es una reuni\u00f3n anual llevada a cabo por el CONAJUV, \u00f3rgano de integraci\u00f3n y gesti\u00f3n de todas las Fraternidades Juveniles a novel nacional y representante de la juventud cristiana en M\u00e9xico para otros pa\u00edses que comparten la Doctrina Verdadera.","breadcrumb":{"@id":"https:\/\/lasfuentesid.com\/index.php\/2022\/09\/05\/remembranza-de-la-35-convocacion-nacional-juvenil\/#breadcrumb"},"inLanguage":"es","potentialAction":[{"@type":"ReadAction","target":["https:\/\/lasfuentesid.com\/index.php\/2022\/09\/05\/remembranza-de-la-35-convocacion-nacional-juvenil\/"]}]},{"@type":"ImageObject","inLanguage":"es","@id":"https:\/\/lasfuentesid.com\/index.php\/2022\/09\/05\/remembranza-de-la-35-convocacion-nacional-juvenil\/#primaryimage","url":"https:\/\/lasfuentesid.com\/wp-content\/uploads\/2022\/09\/267116713_2813956505563052_1636460617500182331_n.jpg","contentUrl":"https:\/\/lasfuentesid.com\/wp-content\/uploads\/2022\/09\/267116713_2813956505563052_1636460617500182331_n.jpg","width":851,"height":315},{"@type":"BreadcrumbList","@id":"https:\/\/lasfuentesid.com\/index.php\/2022\/09\/05\/remembranza-de-la-35-convocacion-nacional-juvenil\/#breadcrumb","itemListElement":[{"@type":"ListItem","position":1,"name":"Portada","item":"https:\/\/lasfuentesid.com\/"},{"@type":"ListItem","position":2,"name":"Remembranza de la 35\u00b0 Convocaci\u00f3n Nacional Juvenil"}]},{"@type":"WebSite","@id":"https:\/\/lasfuentesid.com\/#website","url":"https:\/\/lasfuentesid.com\/","name":"Iglesia de Dios Las Fuentes","description":"Iglesia de Dios en Las Fuentes","publisher":{"@id":"https:\/\/lasfuentesid.com\/#organization"},"potentialAction":[{"@type":"SearchAction","target":{"@type":"EntryPoint","urlTemplate":"https:\/\/lasfuentesid.com\/?s={search_term_string}"},"query-input":{"@type":"PropertyValueSpecification","valueRequired":true,"valueName":"search_term_string"}}],"inLanguage":"es"},{"@type":"Organization","@id":"https:\/\/lasfuentesid.com\/#organization","name":"Iglesia de Dios en Las Fuentes","url":"https:\/\/lasfuentesid.com\/","logo":{"@type":"ImageObject","inLanguage":"es","@id":"https:\/\/lasfuentesid.com\/#\/schema\/logo\/image\/","url":"","contentUrl":"","caption":"Iglesia de Dios en Las Fuentes"},"image":{"@id":"https:\/\/lasfuentesid.com\/#\/schema\/logo\/image\/"},"sameAs":["https:\/\/www.youtube.com\/channel\/UCVMiqC-dmiK24eBW4B3_fow"]},{"@type":"Person","@id":"https:\/\/lasfuentesid.com\/#\/schema\/person\/05f3d6e6943eb2f265eb3c3c19372886","name":"Hno. Johan Flores","url":"https:\/\/lasfuentesid.com\/index.php\/author\/johan\/"}]}},"_links":{"self":[{"href":"https:\/\/lasfuentesid.com\/index.php\/wp-json\/wp\/v2\/posts\/5133","targetHints":{"allow":["GET"]}}],"collection":[{"href":"https:\/\/lasfuentesid.com\/index.php\/wp-json\/wp\/v2\/posts"}],"about":[{"href":"https:\/\/lasfuentesid.com\/index.php\/wp-json\/wp\/v2\/types\/post"}],"author":[{"embeddable":true,"href":"https:\/\/lasfuentesid.com\/index.php\/wp-json\/wp\/v2\/users\/10"}],"replies":[{"embeddable":true,"href":"https:\/\/lasfuentesid.com\/index.php\/wp-json\/wp\/v2\/comments?post=5133"}],"version-history":[{"count":3,"href":"https:\/\/lasfuentesid.com\/index.php\/wp-json\/wp\/v2\/posts\/5133\/revisions"}],"predecessor-version":[{"id":5158,"href":"https:\/\/lasfuentesid.com\/index.php\/wp-json\/wp\/v2\/posts\/5133\/revisions\/5158"}],"wp:featuredmedia":[{"embeddable":true,"href":"https:\/\/lasfuentesid.com\/index.php\/wp-json\/wp\/v2\/media\/5174"}],"wp:attachment":[{"href":"https:\/\/lasfuentesid.com\/index.php\/wp-json\/wp\/v2\/media?parent=5133"}],"wp:term":[{"taxonomy":"category","embeddable":true,"href":"https:\/\/lasfuentesid.com\/index.php\/wp-json\/wp\/v2\/categories?post=5133"},{"taxonomy":"post_tag","embeddable":true,"href":"https:\/\/lasfuentesid.com\/index.php\/wp-json\/wp\/v2\/tags?post=5133"}],"curies":[{"name":"wp","href":"https:\/\/api.w.org\/{rel}","templated":true}]}}