{"id":5125,"date":"2022-12-20T06:41:40","date_gmt":"2022-12-20T06:41:40","guid":{"rendered":"https:\/\/lasfuentesid.com\/?p=5125"},"modified":"2023-03-20T23:51:59","modified_gmt":"2023-03-20T23:51:59","slug":"de-la-esencia-de-dios-el-espiritu-de-dios","status":"publish","type":"post","link":"https:\/\/lasfuentesid.com\/index.php\/2022\/12\/20\/de-la-esencia-de-dios-el-espiritu-de-dios\/","title":{"rendered":"De la esencia de Dios (El Esp\u00edritu de Dios)"},"content":{"rendered":"\n<p><br>Esp\u00edritu es mente o mentalidad:  <\/p>\n\n\n\n<blockquote class=\"wp-block-quote is-layout-flow wp-block-quote-is-layout-flow\">\n<p>\u201cPorque \u00bfqui\u00e9n de los hombres sabe las cosas del hombre, sino el esp\u00edritu del hombre que est\u00e1 en \u00e9l? As\u00ed tampoco nadie conoci\u00f3 las cosas de Dios, sino el Esp\u00edritu de Dios\u201d. <\/p>\n<cite>1 Corintios 2:11<\/cite><\/blockquote>\n\n\n\n<p><br>El esp\u00edritu del humano es su mente: <\/p>\n\n\n\n<blockquote class=\"wp-block-quote is-layout-flow wp-block-quote-is-layout-flow\">\n<p>\u201c\u2026Jehov\u00e1\u2026forma el esp\u00edritu del hombre dentro de \u00e9l\u201d. <\/p>\n<cite>Zacar\u00edas 12:1<\/cite><\/blockquote>\n\n\n\n<p><br>Por lo tanto, el Esp\u00edritu de Dios es la mente de Dios. Al decir la mente de Dios implica capacidad de pensar, razonar, crear, organizar, modificar o adecuar, conciencia de darnos cuenta de que somos o existimos, inteligencia, fuerza para crear y cualquier cosa semejante que emerge de la mente, como lo demuestran las citas siguientes: <\/p>\n\n\n\n<blockquote class=\"wp-block-quote is-layout-flow wp-block-quote-is-layout-flow\">\n<p>\u201cSu esp\u00edritu adorn\u00f3 los cielos; Su mano cre\u00f3 la serpiente tortuosa\u201d. <\/p>\n<cite>Job 23:13<\/cite><\/blockquote>\n\n\n\n<blockquote class=\"wp-block-quote is-layout-flow wp-block-quote-is-layout-flow\">\n<p>\u201cEl esp\u00edritu de Dios me hizo, Y el soplo del Omnipotente me dio vida\u201d. <\/p>\n<cite>Job 33:4<\/cite><\/blockquote>\n\n\n\n<blockquote class=\"wp-block-quote is-layout-flow wp-block-quote-is-layout-flow\">\n<p>\u201c\u00bfQui\u00e9n puso la sabidur\u00eda en el coraz\u00f3n? \u00bfO qui\u00e9n dio al esp\u00edritu inteligencia?\u201d. <\/p>\n<cite>Job 38:36<\/cite><\/blockquote>\n\n\n\n<p><br>La mente del humano es una r\u00e9plica de la mente de Dios: <\/p>\n\n\n\n<blockquote class=\"wp-block-quote is-layout-flow wp-block-quote-is-layout-flow\">\n<p>\u201cEntonces dijo Dios: Hagamos al hombre a nuestra imagen, conforme a nuestra semejanza\u2026\u201d. <\/p>\n<cite>G\u00e9nesis 1:26<\/cite><\/blockquote>\n\n\n\n<p><br>La mente humana tiene l\u00edmites, pero la mente de Dios no tiene l\u00edmites, y es mucho m\u00e1s, pero mucho m\u00e1s poderosa que la mente humana, dice 1 Corintios 2.11 que nadie conoce las cosas de Dios sino su esp\u00edritu.<br><br><\/p>\n\n\n\n<h2 class=\"has-text-align-center wp-block-heading\">\u00bfQu\u00e9 es el Esp\u00edritu de Dios?<\/h2>\n\n\n\n<p><br>La mente de Dios, su ser, lo que \u00c9l es: <\/p>\n\n\n\n<blockquote class=\"wp-block-quote is-layout-flow wp-block-quote-is-layout-flow\">\n<p>\u201cPero Dios nos las revel\u00f3 a nosotros por el Esp\u00edritu; porque el Esp\u00edritu todo lo escudri\u00f1a, aun lo profundo de Dios\u201d. <\/p>\n<cite>1 Corintios 2:10<\/cite><\/blockquote>\n\n\n\n<p><br>\u00bfQui\u00e9n conoce lo profundo de Dios? Solamente su mente: su Esp\u00edritu, el Esp\u00edritu de Dios como est\u00e1 en \u00c9l, entonces es parte de su esencia, de su ser, es el que sabe aun lo profundo de \u00c9l, porque su Esp\u00edritu es su mente, as\u00ed como el esp\u00edritu del humano es su mente: <\/p>\n\n\n\n<blockquote class=\"wp-block-quote is-layout-flow wp-block-quote-is-layout-flow\">\n<p>\u201cRenovaos en el esp\u00edritu de vuestra mente\u201d.<\/p>\n<cite>Efesios 4:23<\/cite><\/blockquote>\n\n\n\n<p><br>Por esta raz\u00f3n, cuando dice el Se\u00f1or Jes\u00fas en Marcos 3:29: <\/p>\n\n\n\n<blockquote class=\"wp-block-quote is-layout-flow wp-block-quote-is-layout-flow\">\n<p>\u201cPero cualquiera que blasfeme contra el Esp\u00edritu santo, no tiene jam\u00e1s perd\u00f3n, sino que es reo de juicio eterno\u201d. <\/p>\n<\/blockquote>\n\n\n\n<p><br>Porque hablar en contra del Esp\u00edritu de Dios es hablar de su persona o de su ser (esto es rebeld\u00eda directa), esto mismo se refiere en 1 Samuel 2:25: <\/p>\n\n\n\n<blockquote class=\"wp-block-quote is-layout-flow wp-block-quote-is-layout-flow\">\n<p>\u201cSi pecare el hombre contra el hombre, los jueces le juzgar\u00e1n; mas si alguno pecare contra Jehov\u00e1, \u00bfqui\u00e9n rogar\u00e1 por \u00e9l?\u201d.<\/p>\n<\/blockquote>\n\n\n\n<p><br><\/p>\n\n\n\n<h2 class=\"has-text-align-center wp-block-heading\">Todo lo que sabe el Padre sabe el Hijo <\/h2>\n\n\n\n<p><br>Excepto su regreso porque el Padre lo puso s\u00f3lo en su potestad:<\/p>\n\n\n\n<blockquote class=\"wp-block-quote is-layout-flow wp-block-quote-is-layout-flow\">\n<p>&#8220;Y les dijo: No os toca a vosotros saber los tiempos o las sazones, que el Padre puso en su sola potestad&#8221;.<\/p>\n<cite>Hechos 1:7<\/cite><\/blockquote>\n\n\n\n<p><br>Lo que piensa el Padre piensa el Hijo, lo que quiere el Padre quiere el Hijo, como dice Juan: <\/p>\n\n\n\n<blockquote class=\"wp-block-quote is-layout-flow wp-block-quote-is-layout-flow\">\n<p>\u201cRespondi\u00f3 entonces Jes\u00fas, y les dijo: De cierto, de cierto os digo: No puede el Hijo hacer nada por s\u00ed mismo, sino lo que ve hacer al padre; porque todo lo que el Padre hace, tambi\u00e9n lo hace el Hijo igualmente\u201d. <\/p>\n<cite>Juan 5:19<\/cite><\/blockquote>\n\n\n\n<p><br>Tienen una misma mentalidad, un mismo esp\u00edritu, por eso cuando le preguntan a Jes\u00fas mu\u00e9stranos al Padre responde en Juan 14:9: <\/p>\n\n\n\n<blockquote class=\"wp-block-quote is-layout-flow wp-block-quote-is-layout-flow\">\n<p>\u201cJes\u00fas le dijo: \u00bfTanto tiempo hace que estoy con vosotros, y no me has conocido, Felipe? El que me ha visto a m\u00ed, ha visto al padre; \u00bfc\u00f3mo, pues, dices t\u00fa: \u00bfMu\u00e9stranos el Padre?\u201d. <\/p>\n<\/blockquote>\n\n\n\n<p><br>Aunque el Padre y el Hijo son seres independientes, son uno s\u00f3lo en prop\u00f3sito, en mentalidad, en acci\u00f3n, en sus planes, etc. <\/p>\n\n\n\n<blockquote class=\"wp-block-quote is-layout-flow wp-block-quote-is-layout-flow\">\n<p>\u201cLa gloria que me diste, yo les he dado, para que sean uno, as\u00ed como nosotros somos uno\u201d.<\/p>\n<cite>Juan 17:22<\/cite><\/blockquote>\n\n\n\n<p><br><strong>La mente del Padre (como Dios) y la mente del Hijo (como Dios) tienen la capacidad de saber lo que uno y otro piensa<\/strong>, de tal manera que est\u00e1n sincronizados por eso el Esp\u00edritu de Cristo es el mismo que el Esp\u00edritu del Padre: <\/p>\n\n\n\n<blockquote class=\"wp-block-quote is-layout-flow wp-block-quote-is-layout-flow\">\n<p>\u201cY nosotros no hemos recibido el esp\u00edritu del mundo, sino el Esp\u00edritu que proviene de Dios, para que sepamos lo que Dios nos ha concedido\u201d. <\/p>\n<cite>1 Corintios 2:12<\/cite><\/blockquote>\n\n\n\n<p><br>Hemos recibido el Esp\u00edritu de Dios el Padre: <\/p>\n\n\n\n<blockquote class=\"wp-block-quote is-layout-flow wp-block-quote-is-layout-flow\">\n<p>\u201cPero cuando venga el Consolador, a quien yo os enviar\u00e9 del padre, el Esp\u00edritu de verdad, el cual procede del Padre, \u00e9l dar\u00e1 testimonio acerca de m\u00ed\u201d. <\/p>\n<cite>Juan 15:26<\/cite><\/blockquote>\n\n\n\n<blockquote class=\"wp-block-quote is-layout-flow wp-block-quote-is-layout-flow\">\n<p>\u201cPorque \u00bfqui\u00e9n conoci\u00f3 la mente del Se\u00f1or? \u00bfQui\u00e9n le instruir\u00e1? Mas nosotros tenemos la mente de Cristo\u201d. <\/p>\n<cite>1 Corintios 2:16<\/cite><\/blockquote>\n\n\n\n<p><br>Tenemos la mente de Cristo, es decir el Esp\u00edritu de Cristo como tambi\u00e9n dice en Romanos 8:9: <\/p>\n\n\n\n<blockquote class=\"wp-block-quote is-layout-flow wp-block-quote-is-layout-flow\">\n<p>\u201cMas vosotros no viv\u00eds seg\u00fan la carne, sino seg\u00fan el Esp\u00edritu, si es que el Esp\u00edritu de Dios mora en vosotros. Y si alguno no tiene el Esp\u00edritu de cristo, no es de \u00e9l&#8221;. <\/p>\n<\/blockquote>\n\n\n\n<p><br>Entendemos que el esp\u00edritu del Padre y del Hijo es el mismo.<br><br><\/p>\n\n\n\n<h2 class=\"has-text-align-center wp-block-heading\">\u00bfC\u00f3mo es que el Esp\u00edritu de Dios act\u00faa en el humano?<\/h2>\n\n\n\n<p><br>Es decir, c\u00f3mo es que la mentalidad de Dios act\u00faa en el humano, conforme al prop\u00f3sito que Dios tiene para cada uno de sus hijos. Veamos c\u00f3mo se da esto. Dios es soberano y \u00c9l ha actuado en la vida del humano de dos maneras: <\/p>\n\n\n\n<blockquote class=\"wp-block-quote is-layout-flow wp-block-quote-is-layout-flow\">\n<p class=\"has-text-align-left\">a) De manera directa (hablando con \u00c9l \u2013 Deuteronomio 1:6) y <br>b) a trav\u00e9s de su esp\u00edritu (1 Samuel 19:23).<\/p>\n<\/blockquote>\n\n\n\n<p><br>Cuando hablamos del Esp\u00edritu de Dios en el humano, hablamos de cuando Dios pone de su esp\u00edritu en el humano y <strong>\u00bfc\u00f3mo pone Dios de su esp\u00edritu en el humano?<\/strong>, podemos decir que Dios env\u00eda desde donde \u00c9l est\u00e1 (no viene en persona, es suficiente con que \u00c9l quiera) su influencia en el humano. <\/p>\n\n\n\n<blockquote class=\"wp-block-quote is-layout-flow wp-block-quote-is-layout-flow\">\n<p>\u201cHe aqu\u00ed, yo enviar\u00e9 la promesa de mi Padre sobre vosotros\u2026hasta que se\u00e1is investidos de poder desde lo alto\u201d. <\/p>\n<cite>Lucas 24:49<\/cite><\/blockquote>\n\n\n\n<p><br>Por lo tanto, el humano recibe una influencia externa al ser investidos; es decir cubiertos de un poder o capacidad que viene de Dios, y que se posesiona en el interior del humano: <\/p>\n\n\n\n<blockquote class=\"wp-block-quote is-layout-flow wp-block-quote-is-layout-flow\">\n<p>\u201c\u2026y habiendo cre\u00eddo en \u00e9l, fuisteis sellados con el Esp\u00edritu Santo de la promesa\u201d.<\/p>\n<cite>Efesios 1:13<\/cite><\/blockquote>\n\n\n\n<p><br>Como un sello que queda marcado en el humano porque Dios ha derramado o untado sobre sus hijos de su Esp\u00edritu: <\/p>\n\n\n\n<blockquote class=\"wp-block-quote is-layout-flow wp-block-quote-is-layout-flow\">\n<p>\u201c\u2026derramar\u00e9 de mi Esp\u00edritu sobre toda carne\u201d; y que al poseerlo le da capacidades seg\u00fan la voluntad de Dios.<\/p>\n<cite>Hechos 2:17<\/cite><\/blockquote>\n\n\n\n<p><br>Cuando hablamos de influencia estamos hablando de capacidad, que es poder para hacer algo: <\/p>\n\n\n\n<blockquote class=\"wp-block-quote is-layout-flow wp-block-quote-is-layout-flow\">\n<p>\u201cEntonces el Esp\u00edritu de Jehov\u00e1 vendr\u00e1 sobre ti con poder, y profetizar\u00e1s con ellos, y ser\u00e1s mudado en otro hombre\u201d. <\/p>\n<cite>1 Samuel 10:6<\/cite><\/blockquote>\n\n\n\n<p><br>Dios pone sobre nuestra conciencia (nuestra mente) su Esp\u00edritu (la influencia mental de Dios). <\/p>\n\n\n\n<blockquote class=\"wp-block-quote is-layout-flow wp-block-quote-is-layout-flow\">\n<p>\u201cY este ser\u00e1 mi pacto con ellos, dijo Jehov\u00e1: El esp\u00edritu m\u00edo que est\u00e1 sobre ti, y mis palabras que puse en tu boca, no faltar\u00e1n de tu boca\u2026\u201d. <\/p>\n<cite>Isa\u00edas 29:21<\/cite><\/blockquote>\n\n\n\n<p><br>Por esta raz\u00f3n, el Esp\u00edritu de Dios (las cosas que son de Dios y que est\u00e1n en nuestro ser y en nuestra mente) da testimonio a nuestra mente (nuestra conciencia) de que somos sus hijos. <\/p>\n\n\n\n<blockquote class=\"wp-block-quote is-layout-flow wp-block-quote-is-layout-flow\">\n<p>&#8220;El Esp\u00edritu mismo da testimonio a nuestro esp\u00edritu, de que somos hijos de Dios\u201d. <\/p>\n<cite>Romanos 8:16<\/cite><\/blockquote>\n\n\n\n<blockquote class=\"wp-block-quote is-layout-flow wp-block-quote-is-layout-flow\">\n<p>&#8220;Verdad digo en Cristo, no miento, y mi conciencia me da testimonio en el Esp\u00edritu Santo\u201d.<\/p>\n<cite>Romanos 9:1<\/cite><\/blockquote>\n\n\n\n<p><br>El Esp\u00edritu de Dios es la influencia de Dios o impulso (fuerza) que viene de Dios en el humano, donde Dios utiliza al humano para realizar su obra. <\/p>\n\n\n\n<blockquote class=\"wp-block-quote is-layout-flow wp-block-quote-is-layout-flow\">\n<p>&#8220;Ciertamente esp\u00edritu hay en el hombre, Y el soplo del Omnipotente le hace que entienda\u201d.<\/p>\n<cite>Job 32:8<\/cite><\/blockquote>\n\n\n\n<blockquote class=\"wp-block-quote is-layout-flow wp-block-quote-is-layout-flow\">\n<p>\u201cJes\u00fas, lleno del Esp\u00edritu Santo, volvi\u00f3 del Jord\u00e1n, y fue llevado por el Esp\u00edritu al desierto\u201d. <\/p>\n<cite>Lucas 4:1<\/cite><\/blockquote>\n\n\n\n<p><br>Es el poder de Dios sobre el humano para que realice una obra conforme a la voluntad de Dios: <\/p>\n\n\n\n<blockquote class=\"wp-block-quote is-layout-flow wp-block-quote-is-layout-flow\">\n<p>\u201cPero recibir\u00e9is poder, cuando haya venido sobre vosotros el Esp\u00edritu Santo, y me ser\u00e9is testigos en Jerusal\u00e9n, en toda Judea, en Samaria, y hasta lo \u00faltimo de la tierra\u201d. <\/p>\n<cite>Hechos 1:8<\/cite><\/blockquote>\n\n\n\n<p><br>Este poder de Dios, se puede manifestar en los hijos de Dios en inteligencia y sabidur\u00eda como lo fue en Salom\u00f3n, en fuerza como lo experiment\u00f3 Sans\u00f3n, en recordar las ense\u00f1anzas del Se\u00f1or o dirigir en su obra como sucedi\u00f3 con sus ap\u00f3stoles, y en muchas otras manifestaciones maravillosas.<\/p>\n\n\n<div class=\"wp-block-image\">\n<figure class=\"aligncenter size-large\"><img fetchpriority=\"high\" decoding=\"async\" width=\"1024\" height=\"303\" src=\"https:\/\/lasfuentesid.com\/wp-content\/uploads\/2022\/12\/El_Espiritu_De_Dios_img-1024x303.png\" alt=\"\" class=\"wp-image-5126\" srcset=\"https:\/\/lasfuentesid.com\/wp-content\/uploads\/2022\/12\/El_Espiritu_De_Dios_img-1024x303.png 1024w, https:\/\/lasfuentesid.com\/wp-content\/uploads\/2022\/12\/El_Espiritu_De_Dios_img-300x89.png 300w, https:\/\/lasfuentesid.com\/wp-content\/uploads\/2022\/12\/El_Espiritu_De_Dios_img-768x227.png 768w, https:\/\/lasfuentesid.com\/wp-content\/uploads\/2022\/12\/El_Espiritu_De_Dios_img-1536x455.png 1536w, https:\/\/lasfuentesid.com\/wp-content\/uploads\/2022\/12\/El_Espiritu_De_Dios_img-2048x606.png 2048w, https:\/\/lasfuentesid.com\/wp-content\/uploads\/2022\/12\/El_Espiritu_De_Dios_img-604x179.png 604w, https:\/\/lasfuentesid.com\/wp-content\/uploads\/2022\/12\/El_Espiritu_De_Dios_img-1320x391.png 1320w\" sizes=\"(max-width: 1024px) 100vw, 1024px\" \/><\/figure>\n<\/div>\n\n\n<p><br>El Esp\u00edritu Santo viene de la misma esencia de Dios, porque procede de \u00c9l. Dios da de su Esp\u00edritu a sus hijos, para sellarlos y reconocer que son suyos. Todos los que son guiados por el Esp\u00edritu de Dios, \u00e9stos son hijos de Dios, porque tambi\u00e9n tiene el Esp\u00edritu de Cristo.<br><br><\/p>\n","protected":false},"excerpt":{"rendered":"<p>El Esp\u00edritu Santo viene de la misma esencia de Dios, porque procede de \u00c9l. Dios da de su Esp\u00edritu a sus hijos, para sellarlos y reconocer que son suyos. Todos los que son guiados por el Esp\u00edritu de Dios, \u00e9stos son hijos de Dios.<\/p>\n","protected":false},"author":47,"featured_media":5127,"comment_status":"closed","ping_status":"closed","sticky":false,"template":"","format":"standard","meta":{"_monsterinsights_skip_tracking":false,"_monsterinsights_sitenote_active":false,"_monsterinsights_sitenote_note":"","_monsterinsights_sitenote_category":0,"footnotes":""},"categories":[28],"tags":[],"class_list":["post-5125","post","type-post","status-publish","format-standard","has-post-thumbnail","hentry","category-sana-doctrina"],"yoast_head":"<!-- This site is optimized with the Yoast SEO plugin v25.6 - https:\/\/yoast.com\/wordpress\/plugins\/seo\/ -->\n<title>De la esencia de Dios (El Esp\u00edritu de Dios) - Las Fuentes ID<\/title>\n<meta name=\"description\" content=\"El Esp\u00edritu Santo viene de la misma esencia de Dios, porque procede de \u00c9l. Dios da de su Esp\u00edritu a sus hijos, para sellarlos y reconocer que son suyos. Todos los que son guiados por el Esp\u00edritu de Dios, \u00e9stos son hijos de Dios.\" \/>\n<meta name=\"robots\" content=\"index, follow, max-snippet:-1, max-image-preview:large, max-video-preview:-1\" \/>\n<link rel=\"canonical\" href=\"https:\/\/lasfuentesid.com\/index.php\/2022\/12\/20\/de-la-esencia-de-dios-el-espiritu-de-dios\/\" \/>\n<meta property=\"og:locale\" content=\"es_ES\" \/>\n<meta property=\"og:type\" content=\"article\" \/>\n<meta property=\"og:title\" content=\"De la esencia de Dios (El Esp\u00edritu de Dios) - Las Fuentes ID\" \/>\n<meta property=\"og:description\" content=\"El Esp\u00edritu Santo viene de la misma esencia de Dios, porque procede de \u00c9l. Dios da de su Esp\u00edritu a sus hijos, para sellarlos y reconocer que son suyos. Todos los que son guiados por el Esp\u00edritu de Dios, \u00e9stos son hijos de Dios.\" \/>\n<meta property=\"og:url\" content=\"https:\/\/lasfuentesid.com\/index.php\/2022\/12\/20\/de-la-esencia-de-dios-el-espiritu-de-dios\/\" \/>\n<meta property=\"og:site_name\" content=\"Las Fuentes ID\" \/>\n<meta property=\"article:published_time\" content=\"2022-12-20T06:41:40+00:00\" \/>\n<meta property=\"article:modified_time\" content=\"2023-03-20T23:51:59+00:00\" \/>\n<meta property=\"og:image\" content=\"https:\/\/lasfuentesid.com\/wp-content\/uploads\/2022\/12\/clouds-4907646_1920.jpg\" \/>\n\t<meta property=\"og:image:width\" content=\"1920\" \/>\n\t<meta property=\"og:image:height\" content=\"1080\" \/>\n\t<meta property=\"og:image:type\" content=\"image\/jpeg\" \/>\n<meta name=\"author\" content=\"Min. Adel\u00ed Arzate\" \/>\n<meta name=\"twitter:card\" content=\"summary_large_image\" \/>\n<meta name=\"twitter:label1\" content=\"Escrito por\" \/>\n\t<meta name=\"twitter:data1\" content=\"Min. Adel\u00ed Arzate\" \/>\n\t<meta name=\"twitter:label2\" content=\"Tiempo de lectura\" \/>\n\t<meta name=\"twitter:data2\" content=\"7 minutos\" \/>\n<script type=\"application\/ld+json\" class=\"yoast-schema-graph\">{\"@context\":\"https:\/\/schema.org\",\"@graph\":[{\"@type\":\"Article\",\"@id\":\"https:\/\/lasfuentesid.com\/index.php\/2022\/12\/20\/de-la-esencia-de-dios-el-espiritu-de-dios\/#article\",\"isPartOf\":{\"@id\":\"https:\/\/lasfuentesid.com\/index.php\/2022\/12\/20\/de-la-esencia-de-dios-el-espiritu-de-dios\/\"},\"author\":{\"name\":\"Min. Adel\u00ed Arzate\",\"@id\":\"https:\/\/lasfuentesid.com\/#\/schema\/person\/d2b58ff5770b8d5c31b026003a8d0c5e\"},\"headline\":\"De la esencia de Dios (El Esp\u00edritu de Dios)\",\"datePublished\":\"2022-12-20T06:41:40+00:00\",\"dateModified\":\"2023-03-20T23:51:59+00:00\",\"mainEntityOfPage\":{\"@id\":\"https:\/\/lasfuentesid.com\/index.php\/2022\/12\/20\/de-la-esencia-de-dios-el-espiritu-de-dios\/\"},\"wordCount\":1506,\"publisher\":{\"@id\":\"https:\/\/lasfuentesid.com\/#organization\"},\"image\":{\"@id\":\"https:\/\/lasfuentesid.com\/index.php\/2022\/12\/20\/de-la-esencia-de-dios-el-espiritu-de-dios\/#primaryimage\"},\"thumbnailUrl\":\"https:\/\/lasfuentesid.com\/wp-content\/uploads\/2022\/12\/clouds-4907646_1920.jpg\",\"articleSection\":[\"Sana Doctrina\"],\"inLanguage\":\"es\"},{\"@type\":\"WebPage\",\"@id\":\"https:\/\/lasfuentesid.com\/index.php\/2022\/12\/20\/de-la-esencia-de-dios-el-espiritu-de-dios\/\",\"url\":\"https:\/\/lasfuentesid.com\/index.php\/2022\/12\/20\/de-la-esencia-de-dios-el-espiritu-de-dios\/\",\"name\":\"De la esencia de Dios (El Esp\u00edritu de Dios) - Las Fuentes ID\",\"isPartOf\":{\"@id\":\"https:\/\/lasfuentesid.com\/#website\"},\"primaryImageOfPage\":{\"@id\":\"https:\/\/lasfuentesid.com\/index.php\/2022\/12\/20\/de-la-esencia-de-dios-el-espiritu-de-dios\/#primaryimage\"},\"image\":{\"@id\":\"https:\/\/lasfuentesid.com\/index.php\/2022\/12\/20\/de-la-esencia-de-dios-el-espiritu-de-dios\/#primaryimage\"},\"thumbnailUrl\":\"https:\/\/lasfuentesid.com\/wp-content\/uploads\/2022\/12\/clouds-4907646_1920.jpg\",\"datePublished\":\"2022-12-20T06:41:40+00:00\",\"dateModified\":\"2023-03-20T23:51:59+00:00\",\"description\":\"El Esp\u00edritu Santo viene de la misma esencia de Dios, porque procede de \u00c9l. Dios da de su Esp\u00edritu a sus hijos, para sellarlos y reconocer que son suyos. Todos los que son guiados por el Esp\u00edritu de Dios, \u00e9stos son hijos de Dios.\",\"breadcrumb\":{\"@id\":\"https:\/\/lasfuentesid.com\/index.php\/2022\/12\/20\/de-la-esencia-de-dios-el-espiritu-de-dios\/#breadcrumb\"},\"inLanguage\":\"es\",\"potentialAction\":[{\"@type\":\"ReadAction\",\"target\":[\"https:\/\/lasfuentesid.com\/index.php\/2022\/12\/20\/de-la-esencia-de-dios-el-espiritu-de-dios\/\"]}]},{\"@type\":\"ImageObject\",\"inLanguage\":\"es\",\"@id\":\"https:\/\/lasfuentesid.com\/index.php\/2022\/12\/20\/de-la-esencia-de-dios-el-espiritu-de-dios\/#primaryimage\",\"url\":\"https:\/\/lasfuentesid.com\/wp-content\/uploads\/2022\/12\/clouds-4907646_1920.jpg\",\"contentUrl\":\"https:\/\/lasfuentesid.com\/wp-content\/uploads\/2022\/12\/clouds-4907646_1920.jpg\",\"width\":1920,\"height\":1080},{\"@type\":\"BreadcrumbList\",\"@id\":\"https:\/\/lasfuentesid.com\/index.php\/2022\/12\/20\/de-la-esencia-de-dios-el-espiritu-de-dios\/#breadcrumb\",\"itemListElement\":[{\"@type\":\"ListItem\",\"position\":1,\"name\":\"Portada\",\"item\":\"https:\/\/lasfuentesid.com\/\"},{\"@type\":\"ListItem\",\"position\":2,\"name\":\"De la esencia de Dios (El Esp\u00edritu de Dios)\"}]},{\"@type\":\"WebSite\",\"@id\":\"https:\/\/lasfuentesid.com\/#website\",\"url\":\"https:\/\/lasfuentesid.com\/\",\"name\":\"Iglesia de Dios Las Fuentes\",\"description\":\"Iglesia de Dios en Las Fuentes\",\"publisher\":{\"@id\":\"https:\/\/lasfuentesid.com\/#organization\"},\"potentialAction\":[{\"@type\":\"SearchAction\",\"target\":{\"@type\":\"EntryPoint\",\"urlTemplate\":\"https:\/\/lasfuentesid.com\/?s={search_term_string}\"},\"query-input\":{\"@type\":\"PropertyValueSpecification\",\"valueRequired\":true,\"valueName\":\"search_term_string\"}}],\"inLanguage\":\"es\"},{\"@type\":\"Organization\",\"@id\":\"https:\/\/lasfuentesid.com\/#organization\",\"name\":\"Iglesia de Dios en Las Fuentes\",\"url\":\"https:\/\/lasfuentesid.com\/\",\"logo\":{\"@type\":\"ImageObject\",\"inLanguage\":\"es\",\"@id\":\"https:\/\/lasfuentesid.com\/#\/schema\/logo\/image\/\",\"url\":\"\",\"contentUrl\":\"\",\"caption\":\"Iglesia de Dios en Las Fuentes\"},\"image\":{\"@id\":\"https:\/\/lasfuentesid.com\/#\/schema\/logo\/image\/\"},\"sameAs\":[\"https:\/\/www.youtube.com\/channel\/UCVMiqC-dmiK24eBW4B3_fow\"]},{\"@type\":\"Person\",\"@id\":\"https:\/\/lasfuentesid.com\/#\/schema\/person\/d2b58ff5770b8d5c31b026003a8d0c5e\",\"name\":\"Min. Adel\u00ed Arzate\",\"url\":\"https:\/\/lasfuentesid.com\/index.php\/author\/adeli\/\"}]}<\/script>\n<!-- \/ Yoast SEO plugin. -->","yoast_head_json":{"title":"De la esencia de Dios (El Esp\u00edritu de Dios) - Las Fuentes ID","description":"El Esp\u00edritu Santo viene de la misma esencia de Dios, porque procede de \u00c9l. Dios da de su Esp\u00edritu a sus hijos, para sellarlos y reconocer que son suyos. Todos los que son guiados por el Esp\u00edritu de Dios, \u00e9stos son hijos de Dios.","robots":{"index":"index","follow":"follow","max-snippet":"max-snippet:-1","max-image-preview":"max-image-preview:large","max-video-preview":"max-video-preview:-1"},"canonical":"https:\/\/lasfuentesid.com\/index.php\/2022\/12\/20\/de-la-esencia-de-dios-el-espiritu-de-dios\/","og_locale":"es_ES","og_type":"article","og_title":"De la esencia de Dios (El Esp\u00edritu de Dios) - Las Fuentes ID","og_description":"El Esp\u00edritu Santo viene de la misma esencia de Dios, porque procede de \u00c9l. Dios da de su Esp\u00edritu a sus hijos, para sellarlos y reconocer que son suyos. Todos los que son guiados por el Esp\u00edritu de Dios, \u00e9stos son hijos de Dios.","og_url":"https:\/\/lasfuentesid.com\/index.php\/2022\/12\/20\/de-la-esencia-de-dios-el-espiritu-de-dios\/","og_site_name":"Las Fuentes ID","article_published_time":"2022-12-20T06:41:40+00:00","article_modified_time":"2023-03-20T23:51:59+00:00","og_image":[{"width":1920,"height":1080,"url":"https:\/\/lasfuentesid.com\/wp-content\/uploads\/2022\/12\/clouds-4907646_1920.jpg","type":"image\/jpeg"}],"author":"Min. Adel\u00ed Arzate","twitter_card":"summary_large_image","twitter_misc":{"Escrito por":"Min. Adel\u00ed Arzate","Tiempo de lectura":"7 minutos"},"schema":{"@context":"https:\/\/schema.org","@graph":[{"@type":"Article","@id":"https:\/\/lasfuentesid.com\/index.php\/2022\/12\/20\/de-la-esencia-de-dios-el-espiritu-de-dios\/#article","isPartOf":{"@id":"https:\/\/lasfuentesid.com\/index.php\/2022\/12\/20\/de-la-esencia-de-dios-el-espiritu-de-dios\/"},"author":{"name":"Min. Adel\u00ed Arzate","@id":"https:\/\/lasfuentesid.com\/#\/schema\/person\/d2b58ff5770b8d5c31b026003a8d0c5e"},"headline":"De la esencia de Dios (El Esp\u00edritu de Dios)","datePublished":"2022-12-20T06:41:40+00:00","dateModified":"2023-03-20T23:51:59+00:00","mainEntityOfPage":{"@id":"https:\/\/lasfuentesid.com\/index.php\/2022\/12\/20\/de-la-esencia-de-dios-el-espiritu-de-dios\/"},"wordCount":1506,"publisher":{"@id":"https:\/\/lasfuentesid.com\/#organization"},"image":{"@id":"https:\/\/lasfuentesid.com\/index.php\/2022\/12\/20\/de-la-esencia-de-dios-el-espiritu-de-dios\/#primaryimage"},"thumbnailUrl":"https:\/\/lasfuentesid.com\/wp-content\/uploads\/2022\/12\/clouds-4907646_1920.jpg","articleSection":["Sana Doctrina"],"inLanguage":"es"},{"@type":"WebPage","@id":"https:\/\/lasfuentesid.com\/index.php\/2022\/12\/20\/de-la-esencia-de-dios-el-espiritu-de-dios\/","url":"https:\/\/lasfuentesid.com\/index.php\/2022\/12\/20\/de-la-esencia-de-dios-el-espiritu-de-dios\/","name":"De la esencia de Dios (El Esp\u00edritu de Dios) - Las Fuentes ID","isPartOf":{"@id":"https:\/\/lasfuentesid.com\/#website"},"primaryImageOfPage":{"@id":"https:\/\/lasfuentesid.com\/index.php\/2022\/12\/20\/de-la-esencia-de-dios-el-espiritu-de-dios\/#primaryimage"},"image":{"@id":"https:\/\/lasfuentesid.com\/index.php\/2022\/12\/20\/de-la-esencia-de-dios-el-espiritu-de-dios\/#primaryimage"},"thumbnailUrl":"https:\/\/lasfuentesid.com\/wp-content\/uploads\/2022\/12\/clouds-4907646_1920.jpg","datePublished":"2022-12-20T06:41:40+00:00","dateModified":"2023-03-20T23:51:59+00:00","description":"El Esp\u00edritu Santo viene de la misma esencia de Dios, porque procede de \u00c9l. Dios da de su Esp\u00edritu a sus hijos, para sellarlos y reconocer que son suyos. Todos los que son guiados por el Esp\u00edritu de Dios, \u00e9stos son hijos de Dios.","breadcrumb":{"@id":"https:\/\/lasfuentesid.com\/index.php\/2022\/12\/20\/de-la-esencia-de-dios-el-espiritu-de-dios\/#breadcrumb"},"inLanguage":"es","potentialAction":[{"@type":"ReadAction","target":["https:\/\/lasfuentesid.com\/index.php\/2022\/12\/20\/de-la-esencia-de-dios-el-espiritu-de-dios\/"]}]},{"@type":"ImageObject","inLanguage":"es","@id":"https:\/\/lasfuentesid.com\/index.php\/2022\/12\/20\/de-la-esencia-de-dios-el-espiritu-de-dios\/#primaryimage","url":"https:\/\/lasfuentesid.com\/wp-content\/uploads\/2022\/12\/clouds-4907646_1920.jpg","contentUrl":"https:\/\/lasfuentesid.com\/wp-content\/uploads\/2022\/12\/clouds-4907646_1920.jpg","width":1920,"height":1080},{"@type":"BreadcrumbList","@id":"https:\/\/lasfuentesid.com\/index.php\/2022\/12\/20\/de-la-esencia-de-dios-el-espiritu-de-dios\/#breadcrumb","itemListElement":[{"@type":"ListItem","position":1,"name":"Portada","item":"https:\/\/lasfuentesid.com\/"},{"@type":"ListItem","position":2,"name":"De la esencia de Dios (El Esp\u00edritu de Dios)"}]},{"@type":"WebSite","@id":"https:\/\/lasfuentesid.com\/#website","url":"https:\/\/lasfuentesid.com\/","name":"Iglesia de Dios Las Fuentes","description":"Iglesia de Dios en Las Fuentes","publisher":{"@id":"https:\/\/lasfuentesid.com\/#organization"},"potentialAction":[{"@type":"SearchAction","target":{"@type":"EntryPoint","urlTemplate":"https:\/\/lasfuentesid.com\/?s={search_term_string}"},"query-input":{"@type":"PropertyValueSpecification","valueRequired":true,"valueName":"search_term_string"}}],"inLanguage":"es"},{"@type":"Organization","@id":"https:\/\/lasfuentesid.com\/#organization","name":"Iglesia de Dios en Las Fuentes","url":"https:\/\/lasfuentesid.com\/","logo":{"@type":"ImageObject","inLanguage":"es","@id":"https:\/\/lasfuentesid.com\/#\/schema\/logo\/image\/","url":"","contentUrl":"","caption":"Iglesia de Dios en Las Fuentes"},"image":{"@id":"https:\/\/lasfuentesid.com\/#\/schema\/logo\/image\/"},"sameAs":["https:\/\/www.youtube.com\/channel\/UCVMiqC-dmiK24eBW4B3_fow"]},{"@type":"Person","@id":"https:\/\/lasfuentesid.com\/#\/schema\/person\/d2b58ff5770b8d5c31b026003a8d0c5e","name":"Min. Adel\u00ed Arzate","url":"https:\/\/lasfuentesid.com\/index.php\/author\/adeli\/"}]}},"_links":{"self":[{"href":"https:\/\/lasfuentesid.com\/index.php\/wp-json\/wp\/v2\/posts\/5125","targetHints":{"allow":["GET"]}}],"collection":[{"href":"https:\/\/lasfuentesid.com\/index.php\/wp-json\/wp\/v2\/posts"}],"about":[{"href":"https:\/\/lasfuentesid.com\/index.php\/wp-json\/wp\/v2\/types\/post"}],"author":[{"embeddable":true,"href":"https:\/\/lasfuentesid.com\/index.php\/wp-json\/wp\/v2\/users\/47"}],"replies":[{"embeddable":true,"href":"https:\/\/lasfuentesid.com\/index.php\/wp-json\/wp\/v2\/comments?post=5125"}],"version-history":[{"count":2,"href":"https:\/\/lasfuentesid.com\/index.php\/wp-json\/wp\/v2\/posts\/5125\/revisions"}],"predecessor-version":[{"id":5321,"href":"https:\/\/lasfuentesid.com\/index.php\/wp-json\/wp\/v2\/posts\/5125\/revisions\/5321"}],"wp:featuredmedia":[{"embeddable":true,"href":"https:\/\/lasfuentesid.com\/index.php\/wp-json\/wp\/v2\/media\/5127"}],"wp:attachment":[{"href":"https:\/\/lasfuentesid.com\/index.php\/wp-json\/wp\/v2\/media?parent=5125"}],"wp:term":[{"taxonomy":"category","embeddable":true,"href":"https:\/\/lasfuentesid.com\/index.php\/wp-json\/wp\/v2\/categories?post=5125"},{"taxonomy":"post_tag","embeddable":true,"href":"https:\/\/lasfuentesid.com\/index.php\/wp-json\/wp\/v2\/tags?post=5125"}],"curies":[{"name":"wp","href":"https:\/\/api.w.org\/{rel}","templated":true}]}}