{"id":4934,"date":"2022-01-13T03:32:55","date_gmt":"2022-01-13T03:32:55","guid":{"rendered":"https:\/\/lasfuentesid.com\/?p=4934"},"modified":"2022-01-13T07:08:02","modified_gmt":"2022-01-13T07:08:02","slug":"la-fe-no-es-necesaria","status":"publish","type":"post","link":"https:\/\/lasfuentesid.com\/index.php\/2022\/01\/13\/la-fe-no-es-necesaria\/","title":{"rendered":"La Fe no es necesaria"},"content":{"rendered":"\n<p>\u00bfCree usted que es necesario tener fe? \u00bfEs necesario tener fe para creer? Sin duda son preguntas que si no tenemos el conocimiento adecuado nos pueden llegar a surgir o si no tenemos una buena instrucci\u00f3n de Dios nos pueden llegar a hacer dudar o incluso alejarnos de \u00e9l. La fe es una virtud y, ahora bien, \u00bfqu\u00e9 es virtud? Aqu\u00ed resolveremos y analizaremos cada una de estas dudas para tener una idea m\u00e1s clara sobre este tema, tambi\u00e9n para saber si es importante tener fe y poder contestar con facilidad cuando alguien nos haga esta pregunta que a\u00fan que podr\u00edamos pensar que es muy sencilla influye mucho en nuestra vida siendo seguidores de Dios.<\/p>\n\n\n\n<p>Para empezar este tema debemos saber qu\u00e9 es la fe, una forma m\u00e1s expl\u00edcita para explicarla es \u00e9sta: La Fe es la virtud que hace al hombre obedecer y creer en Dios. Bueno y ahora \u00bfqu\u00e9 es virtud? La virtud es una cualidad, y \u00bfqu\u00e9 es cualidad? Es algo que nos caracteriza o algo que nos diferencie de los dem\u00e1s. Entonces la fe es una cualidad que tiene que estar en nosotros para tener una buena relaci\u00f3n con Dios, como Abraham que por la fe fue llamado amigo de Dios.<br><\/p>\n\n\n\n<div class=\"wp-block-image\"><figure class=\"aligncenter size-large\"><img fetchpriority=\"high\" decoding=\"async\" width=\"1024\" height=\"681\" src=\"https:\/\/lasfuentesid.com\/wp-content\/uploads\/2022\/01\/fe_img2-1024x681.jpg\" alt=\"\" class=\"wp-image-4928\" srcset=\"https:\/\/lasfuentesid.com\/wp-content\/uploads\/2022\/01\/fe_img2-1024x681.jpg 1024w, https:\/\/lasfuentesid.com\/wp-content\/uploads\/2022\/01\/fe_img2-300x199.jpg 300w, https:\/\/lasfuentesid.com\/wp-content\/uploads\/2022\/01\/fe_img2-768x510.jpg 768w, https:\/\/lasfuentesid.com\/wp-content\/uploads\/2022\/01\/fe_img2-1536x1021.jpg 1536w, https:\/\/lasfuentesid.com\/wp-content\/uploads\/2022\/01\/fe_img2-406x270.jpg 406w, https:\/\/lasfuentesid.com\/wp-content\/uploads\/2022\/01\/fe_img2-1320x877.jpg 1320w, https:\/\/lasfuentesid.com\/wp-content\/uploads\/2022\/01\/fe_img2.jpg 1920w\" sizes=\"(max-width: 1024px) 100vw, 1024px\" \/><\/figure><\/div>\n\n\n\n<h2 class=\"has-text-align-center wp-block-heading\">\u00bfEs necesario tener Fe?<\/h2>\n\n\n\n<p><br>La respuesta es s\u00ed, en la Biblia encontramos el por qu\u00e9: <strong><em>\u201cEmpero sin fe es imposible agradar a Dios\u201d<\/em><\/strong> (Hebreos 11:6). Esta cita es muy clara, sin fe no somos nada ante Dios; sabemos que \u00e9l nos ayuda en todo, pero si no creemos en \u00e9l \u00bfc\u00f3mo nos va a ayudar? \u00bfSe hab\u00eda puesto a pensar en eso? Nosotros le conocemos y le pedimos ayuda, bendiciones o por cualquier otra cosa, y muchos se desaniman porque no contesta inmediatamente, pero nos ponemos a ver si \u00bfrealmente tenemos fe? \u00bfO si estamos confundiendo el tener fe con conocerlo? Podremos saber de \u00e9l e ir a la iglesia cada ocho d\u00edas, pero \u00bfrealmente nos sirve solo conocerlo? Para que nos pueda ayudar y contestar es necesario tener temor y fe. Nuestra segunda pregunta nos dice \u00bfEs necesario tener fe para creer? Si no qued\u00f3 claro con la primera pregunta te dar\u00e9 otra cita: <\/p>\n\n\n\n<blockquote class=\"wp-block-quote is-layout-flow wp-block-quote-is-layout-flow\"><p>\u201cEntonces el se\u00f1or dijo: si tuviese fe como un grano de mostaza, dir\u00e9is \u00e1 este sic\u00f3moro: Desarr\u00e1igate, y pl\u00e1ntate en el mar; y os obedecer\u00e1\u201d. <\/p><cite>Lucas 17:6<\/cite><\/blockquote>\n\n\n\n<p><br>Contestando a la pregunta y a lo que nos dice esta cita la respuesta es s\u00ed, creer es saber que algo es verdadero sin tener pruebas de su certeza, para tener fe hay que creer y para creer hay que tener fe. La fe hace posible lo imposible. Debemos recordar que para decir cualquier cosa referente a la Doctrina se debe comprobar en la Biblia ya que es el libro en donde todos estos hombres que escribieron en ella fueron inspirados divinamente por Dios. Y si a\u00fan con esto no quedas convencido, veamos en la historia que los investigadores afirmaron que es el libro m\u00e1s antiguo que existe.<\/p>\n\n\n\n<p>Bueno y podr\u00e1s decir eso no me convence para saber que es verdad, pero ponte a pensar: desde peque\u00f1os estudiamos o vamos a la escuela, ah\u00ed nos hablan de historia y se nos queda hasta que somos grandes, si algo no nos convence seguimos estudiando y leyendo muchos libros hasta quedar convencidos, entonces \u00bfpor qu\u00e9 s\u00ed creer en la historia que leemos o nos ense\u00f1an? De igual manera son libros y personas que lo escribieron hace muchos a\u00f1os \u00bfpor qu\u00e9 en eso no nos cuestionamos o dudamos si es verdad?<br><\/p>\n\n\n\n<div class=\"wp-block-image\"><figure class=\"aligncenter size-large\"><img decoding=\"async\" width=\"1024\" height=\"642\" data-src=\"https:\/\/lasfuentesid.com\/wp-content\/uploads\/2022\/01\/fe_img1-1024x642.jpg\" alt=\"\" class=\"wp-image-4930 lazyload\" data-srcset=\"https:\/\/lasfuentesid.com\/wp-content\/uploads\/2022\/01\/fe_img1-1024x642.jpg 1024w, https:\/\/lasfuentesid.com\/wp-content\/uploads\/2022\/01\/fe_img1-300x188.jpg 300w, https:\/\/lasfuentesid.com\/wp-content\/uploads\/2022\/01\/fe_img1-768x482.jpg 768w, https:\/\/lasfuentesid.com\/wp-content\/uploads\/2022\/01\/fe_img1-430x270.jpg 430w, https:\/\/lasfuentesid.com\/wp-content\/uploads\/2022\/01\/fe_img1.jpg 1280w\" data-sizes=\"(max-width: 1024px) 100vw, 1024px\" src=\"data:image\/svg+xml;base64,PHN2ZyB3aWR0aD0iMSIgaGVpZ2h0PSIxIiB4bWxucz0iaHR0cDovL3d3dy53My5vcmcvMjAwMC9zdmciPjwvc3ZnPg==\" style=\"--smush-placeholder-width: 1024px; --smush-placeholder-aspect-ratio: 1024\/642;\" \/><\/figure><\/div>\n\n\n\n<h2 class=\"has-text-align-center wp-block-heading\">Conclusi\u00f3n<\/h2>\n\n\n\n<p>La fe es creer en Dios todo el tiempo porque es un Don que \u00e9l nos est\u00e1 dando, pero debemos nutrirla para mantenerla fuerte. Un ejemplo simple, pero con mucha raz\u00f3n es: Como un musculo, si se ejercita crece y se fortalece, pero si se mantiene inactiva se debilita. <\/p>\n\n\n\n<blockquote class=\"wp-block-quote is-layout-flow wp-block-quote-is-layout-flow\"><p>\u201cY Jes\u00fas le dijo: Ve, tu fe te ha hecho salvo\u201d. <\/p><cite>Lucas 18:42<\/cite><\/blockquote>\n\n\n\n<p><br>\u00bfAhora entiende cu\u00e1n importante es la fe? <strong>No lo pienses m\u00e1s y ponla en pr\u00e1ctica.<\/strong><br><br><\/p>\n\n\n\n<div class=\"wp-block-image\"><figure class=\"aligncenter size-full is-resized\"><img decoding=\"async\" data-src=\"https:\/\/lasfuentesid.com\/wp-content\/uploads\/2020\/08\/3.png\" alt=\"\" class=\"wp-image-693 lazyload\" width=\"315\" height=\"315\" data-srcset=\"https:\/\/lasfuentesid.com\/wp-content\/uploads\/2020\/08\/3.png 500w, https:\/\/lasfuentesid.com\/wp-content\/uploads\/2020\/08\/3-300x300.png 300w, https:\/\/lasfuentesid.com\/wp-content\/uploads\/2020\/08\/3-150x150.png 150w, https:\/\/lasfuentesid.com\/wp-content\/uploads\/2020\/08\/3-270x270.png 270w\" data-sizes=\"(max-width: 315px) 100vw, 315px\" src=\"data:image\/svg+xml;base64,PHN2ZyB3aWR0aD0iMSIgaGVpZ2h0PSIxIiB4bWxucz0iaHR0cDovL3d3dy53My5vcmcvMjAwMC9zdmciPjwvc3ZnPg==\" style=\"--smush-placeholder-width: 315px; --smush-placeholder-aspect-ratio: 315\/315;\" \/><\/figure><\/div>\n\n\n\n<p><br><\/p>\n","protected":false},"excerpt":{"rendered":"<p>\u00bfCree usted que es necesario tener fe? \u00bfEs necesario tener fe para creer? Sin duda son preguntas que si no tenemos el conocimiento adecuado nos pueden llegar a surgir o si no tenemos una buena instrucci\u00f3n de Dios nos pueden llegar a hacer dudar o incluso alejarnos de \u00e9l.<\/p>\n","protected":false},"author":25,"featured_media":4929,"comment_status":"closed","ping_status":"closed","sticky":false,"template":"","format":"standard","meta":{"_monsterinsights_skip_tracking":false,"_monsterinsights_sitenote_active":false,"_monsterinsights_sitenote_note":"","_monsterinsights_sitenote_category":0,"footnotes":""},"categories":[98],"tags":[],"class_list":["post-4934","post","type-post","status-publish","format-standard","has-post-thumbnail","hentry","category-fraternidad-juvenil"],"yoast_head":"<!-- This site is optimized with the Yoast SEO plugin v25.6 - https:\/\/yoast.com\/wordpress\/plugins\/seo\/ -->\n<title>La Fe no es necesaria - Las Fuentes ID<\/title>\n<meta name=\"description\" content=\"\u00bfCree usted que es necesario tener fe? \u00bfEs necesario tener fe para creer? Sin duda son preguntas que si no tenemos el conocimiento adecuado nos pueden llegar a surgir o si no tenemos una buena instrucci\u00f3n de Dios nos pueden llegar a hacer dudar o incluso alejarnos de \u00e9l.\" \/>\n<meta name=\"robots\" content=\"index, follow, max-snippet:-1, max-image-preview:large, max-video-preview:-1\" \/>\n<link rel=\"canonical\" href=\"https:\/\/lasfuentesid.com\/index.php\/2022\/01\/13\/la-fe-no-es-necesaria\/\" \/>\n<meta property=\"og:locale\" content=\"es_ES\" \/>\n<meta property=\"og:type\" content=\"article\" \/>\n<meta property=\"og:title\" content=\"La Fe no es necesaria - Las Fuentes ID\" \/>\n<meta property=\"og:description\" content=\"\u00bfCree usted que es necesario tener fe? \u00bfEs necesario tener fe para creer? Sin duda son preguntas que si no tenemos el conocimiento adecuado nos pueden llegar a surgir o si no tenemos una buena instrucci\u00f3n de Dios nos pueden llegar a hacer dudar o incluso alejarnos de \u00e9l.\" \/>\n<meta property=\"og:url\" content=\"https:\/\/lasfuentesid.com\/index.php\/2022\/01\/13\/la-fe-no-es-necesaria\/\" \/>\n<meta property=\"og:site_name\" content=\"Las Fuentes ID\" \/>\n<meta property=\"article:published_time\" content=\"2022-01-13T03:32:55+00:00\" \/>\n<meta property=\"article:modified_time\" content=\"2022-01-13T07:08:02+00:00\" \/>\n<meta property=\"og:image\" content=\"https:\/\/lasfuentesid.com\/wp-content\/uploads\/2022\/01\/fe_mini-1024x683.png\" \/>\n\t<meta property=\"og:image:width\" content=\"1024\" \/>\n\t<meta property=\"og:image:height\" content=\"683\" \/>\n\t<meta property=\"og:image:type\" content=\"image\/png\" \/>\n<meta name=\"author\" content=\"Hna. Jochebed Verd\u00edn\" \/>\n<meta name=\"twitter:card\" content=\"summary_large_image\" \/>\n<meta name=\"twitter:label1\" content=\"Escrito por\" \/>\n\t<meta name=\"twitter:data1\" content=\"Hna. Jochebed Verd\u00edn\" \/>\n\t<meta name=\"twitter:label2\" content=\"Tiempo de lectura\" \/>\n\t<meta name=\"twitter:data2\" content=\"4 minutos\" \/>\n<script type=\"application\/ld+json\" class=\"yoast-schema-graph\">{\"@context\":\"https:\/\/schema.org\",\"@graph\":[{\"@type\":\"Article\",\"@id\":\"https:\/\/lasfuentesid.com\/index.php\/2022\/01\/13\/la-fe-no-es-necesaria\/#article\",\"isPartOf\":{\"@id\":\"https:\/\/lasfuentesid.com\/index.php\/2022\/01\/13\/la-fe-no-es-necesaria\/\"},\"author\":{\"name\":\"Hna. Jochebed Verd\u00edn\",\"@id\":\"https:\/\/lasfuentesid.com\/#\/schema\/person\/9aa1e55041260ced9fc64aef2792c27c\"},\"headline\":\"La Fe no es necesaria\",\"datePublished\":\"2022-01-13T03:32:55+00:00\",\"dateModified\":\"2022-01-13T07:08:02+00:00\",\"mainEntityOfPage\":{\"@id\":\"https:\/\/lasfuentesid.com\/index.php\/2022\/01\/13\/la-fe-no-es-necesaria\/\"},\"wordCount\":693,\"publisher\":{\"@id\":\"https:\/\/lasfuentesid.com\/#organization\"},\"image\":{\"@id\":\"https:\/\/lasfuentesid.com\/index.php\/2022\/01\/13\/la-fe-no-es-necesaria\/#primaryimage\"},\"thumbnailUrl\":\"https:\/\/lasfuentesid.com\/wp-content\/uploads\/2022\/01\/fe_mini.png\",\"articleSection\":[\"Fraternidad Juvenil\"],\"inLanguage\":\"es\"},{\"@type\":\"WebPage\",\"@id\":\"https:\/\/lasfuentesid.com\/index.php\/2022\/01\/13\/la-fe-no-es-necesaria\/\",\"url\":\"https:\/\/lasfuentesid.com\/index.php\/2022\/01\/13\/la-fe-no-es-necesaria\/\",\"name\":\"La Fe no es necesaria - Las Fuentes ID\",\"isPartOf\":{\"@id\":\"https:\/\/lasfuentesid.com\/#website\"},\"primaryImageOfPage\":{\"@id\":\"https:\/\/lasfuentesid.com\/index.php\/2022\/01\/13\/la-fe-no-es-necesaria\/#primaryimage\"},\"image\":{\"@id\":\"https:\/\/lasfuentesid.com\/index.php\/2022\/01\/13\/la-fe-no-es-necesaria\/#primaryimage\"},\"thumbnailUrl\":\"https:\/\/lasfuentesid.com\/wp-content\/uploads\/2022\/01\/fe_mini.png\",\"datePublished\":\"2022-01-13T03:32:55+00:00\",\"dateModified\":\"2022-01-13T07:08:02+00:00\",\"description\":\"\u00bfCree usted que es necesario tener fe? \u00bfEs necesario tener fe para creer? Sin duda son preguntas que si no tenemos el conocimiento adecuado nos pueden llegar a surgir o si no tenemos una buena instrucci\u00f3n de Dios nos pueden llegar a hacer dudar o incluso alejarnos de \u00e9l.\",\"breadcrumb\":{\"@id\":\"https:\/\/lasfuentesid.com\/index.php\/2022\/01\/13\/la-fe-no-es-necesaria\/#breadcrumb\"},\"inLanguage\":\"es\",\"potentialAction\":[{\"@type\":\"ReadAction\",\"target\":[\"https:\/\/lasfuentesid.com\/index.php\/2022\/01\/13\/la-fe-no-es-necesaria\/\"]}]},{\"@type\":\"ImageObject\",\"inLanguage\":\"es\",\"@id\":\"https:\/\/lasfuentesid.com\/index.php\/2022\/01\/13\/la-fe-no-es-necesaria\/#primaryimage\",\"url\":\"https:\/\/lasfuentesid.com\/wp-content\/uploads\/2022\/01\/fe_mini.png\",\"contentUrl\":\"https:\/\/lasfuentesid.com\/wp-content\/uploads\/2022\/01\/fe_mini.png\",\"width\":1920,\"height\":1280},{\"@type\":\"BreadcrumbList\",\"@id\":\"https:\/\/lasfuentesid.com\/index.php\/2022\/01\/13\/la-fe-no-es-necesaria\/#breadcrumb\",\"itemListElement\":[{\"@type\":\"ListItem\",\"position\":1,\"name\":\"Portada\",\"item\":\"https:\/\/lasfuentesid.com\/\"},{\"@type\":\"ListItem\",\"position\":2,\"name\":\"La Fe no es necesaria\"}]},{\"@type\":\"WebSite\",\"@id\":\"https:\/\/lasfuentesid.com\/#website\",\"url\":\"https:\/\/lasfuentesid.com\/\",\"name\":\"Iglesia de Dios Las Fuentes\",\"description\":\"Iglesia de Dios en Las Fuentes\",\"publisher\":{\"@id\":\"https:\/\/lasfuentesid.com\/#organization\"},\"potentialAction\":[{\"@type\":\"SearchAction\",\"target\":{\"@type\":\"EntryPoint\",\"urlTemplate\":\"https:\/\/lasfuentesid.com\/?s={search_term_string}\"},\"query-input\":{\"@type\":\"PropertyValueSpecification\",\"valueRequired\":true,\"valueName\":\"search_term_string\"}}],\"inLanguage\":\"es\"},{\"@type\":\"Organization\",\"@id\":\"https:\/\/lasfuentesid.com\/#organization\",\"name\":\"Iglesia de Dios en Las Fuentes\",\"url\":\"https:\/\/lasfuentesid.com\/\",\"logo\":{\"@type\":\"ImageObject\",\"inLanguage\":\"es\",\"@id\":\"https:\/\/lasfuentesid.com\/#\/schema\/logo\/image\/\",\"url\":\"\",\"contentUrl\":\"\",\"caption\":\"Iglesia de Dios en Las Fuentes\"},\"image\":{\"@id\":\"https:\/\/lasfuentesid.com\/#\/schema\/logo\/image\/\"},\"sameAs\":[\"https:\/\/www.youtube.com\/channel\/UCVMiqC-dmiK24eBW4B3_fow\"]},{\"@type\":\"Person\",\"@id\":\"https:\/\/lasfuentesid.com\/#\/schema\/person\/9aa1e55041260ced9fc64aef2792c27c\",\"name\":\"Hna. Jochebed Verd\u00edn\",\"url\":\"https:\/\/lasfuentesid.com\/index.php\/author\/jochebed\/\"}]}<\/script>\n<!-- \/ Yoast SEO plugin. -->","yoast_head_json":{"title":"La Fe no es necesaria - Las Fuentes ID","description":"\u00bfCree usted que es necesario tener fe? \u00bfEs necesario tener fe para creer? Sin duda son preguntas que si no tenemos el conocimiento adecuado nos pueden llegar a surgir o si no tenemos una buena instrucci\u00f3n de Dios nos pueden llegar a hacer dudar o incluso alejarnos de \u00e9l.","robots":{"index":"index","follow":"follow","max-snippet":"max-snippet:-1","max-image-preview":"max-image-preview:large","max-video-preview":"max-video-preview:-1"},"canonical":"https:\/\/lasfuentesid.com\/index.php\/2022\/01\/13\/la-fe-no-es-necesaria\/","og_locale":"es_ES","og_type":"article","og_title":"La Fe no es necesaria - Las Fuentes ID","og_description":"\u00bfCree usted que es necesario tener fe? \u00bfEs necesario tener fe para creer? Sin duda son preguntas que si no tenemos el conocimiento adecuado nos pueden llegar a surgir o si no tenemos una buena instrucci\u00f3n de Dios nos pueden llegar a hacer dudar o incluso alejarnos de \u00e9l.","og_url":"https:\/\/lasfuentesid.com\/index.php\/2022\/01\/13\/la-fe-no-es-necesaria\/","og_site_name":"Las Fuentes ID","article_published_time":"2022-01-13T03:32:55+00:00","article_modified_time":"2022-01-13T07:08:02+00:00","og_image":[{"width":1024,"height":683,"url":"https:\/\/lasfuentesid.com\/wp-content\/uploads\/2022\/01\/fe_mini-1024x683.png","type":"image\/png"}],"author":"Hna. Jochebed Verd\u00edn","twitter_card":"summary_large_image","twitter_misc":{"Escrito por":"Hna. Jochebed Verd\u00edn","Tiempo de lectura":"4 minutos"},"schema":{"@context":"https:\/\/schema.org","@graph":[{"@type":"Article","@id":"https:\/\/lasfuentesid.com\/index.php\/2022\/01\/13\/la-fe-no-es-necesaria\/#article","isPartOf":{"@id":"https:\/\/lasfuentesid.com\/index.php\/2022\/01\/13\/la-fe-no-es-necesaria\/"},"author":{"name":"Hna. Jochebed Verd\u00edn","@id":"https:\/\/lasfuentesid.com\/#\/schema\/person\/9aa1e55041260ced9fc64aef2792c27c"},"headline":"La Fe no es necesaria","datePublished":"2022-01-13T03:32:55+00:00","dateModified":"2022-01-13T07:08:02+00:00","mainEntityOfPage":{"@id":"https:\/\/lasfuentesid.com\/index.php\/2022\/01\/13\/la-fe-no-es-necesaria\/"},"wordCount":693,"publisher":{"@id":"https:\/\/lasfuentesid.com\/#organization"},"image":{"@id":"https:\/\/lasfuentesid.com\/index.php\/2022\/01\/13\/la-fe-no-es-necesaria\/#primaryimage"},"thumbnailUrl":"https:\/\/lasfuentesid.com\/wp-content\/uploads\/2022\/01\/fe_mini.png","articleSection":["Fraternidad Juvenil"],"inLanguage":"es"},{"@type":"WebPage","@id":"https:\/\/lasfuentesid.com\/index.php\/2022\/01\/13\/la-fe-no-es-necesaria\/","url":"https:\/\/lasfuentesid.com\/index.php\/2022\/01\/13\/la-fe-no-es-necesaria\/","name":"La Fe no es necesaria - Las Fuentes ID","isPartOf":{"@id":"https:\/\/lasfuentesid.com\/#website"},"primaryImageOfPage":{"@id":"https:\/\/lasfuentesid.com\/index.php\/2022\/01\/13\/la-fe-no-es-necesaria\/#primaryimage"},"image":{"@id":"https:\/\/lasfuentesid.com\/index.php\/2022\/01\/13\/la-fe-no-es-necesaria\/#primaryimage"},"thumbnailUrl":"https:\/\/lasfuentesid.com\/wp-content\/uploads\/2022\/01\/fe_mini.png","datePublished":"2022-01-13T03:32:55+00:00","dateModified":"2022-01-13T07:08:02+00:00","description":"\u00bfCree usted que es necesario tener fe? \u00bfEs necesario tener fe para creer? Sin duda son preguntas que si no tenemos el conocimiento adecuado nos pueden llegar a surgir o si no tenemos una buena instrucci\u00f3n de Dios nos pueden llegar a hacer dudar o incluso alejarnos de \u00e9l.","breadcrumb":{"@id":"https:\/\/lasfuentesid.com\/index.php\/2022\/01\/13\/la-fe-no-es-necesaria\/#breadcrumb"},"inLanguage":"es","potentialAction":[{"@type":"ReadAction","target":["https:\/\/lasfuentesid.com\/index.php\/2022\/01\/13\/la-fe-no-es-necesaria\/"]}]},{"@type":"ImageObject","inLanguage":"es","@id":"https:\/\/lasfuentesid.com\/index.php\/2022\/01\/13\/la-fe-no-es-necesaria\/#primaryimage","url":"https:\/\/lasfuentesid.com\/wp-content\/uploads\/2022\/01\/fe_mini.png","contentUrl":"https:\/\/lasfuentesid.com\/wp-content\/uploads\/2022\/01\/fe_mini.png","width":1920,"height":1280},{"@type":"BreadcrumbList","@id":"https:\/\/lasfuentesid.com\/index.php\/2022\/01\/13\/la-fe-no-es-necesaria\/#breadcrumb","itemListElement":[{"@type":"ListItem","position":1,"name":"Portada","item":"https:\/\/lasfuentesid.com\/"},{"@type":"ListItem","position":2,"name":"La Fe no es necesaria"}]},{"@type":"WebSite","@id":"https:\/\/lasfuentesid.com\/#website","url":"https:\/\/lasfuentesid.com\/","name":"Iglesia de Dios Las Fuentes","description":"Iglesia de Dios en Las Fuentes","publisher":{"@id":"https:\/\/lasfuentesid.com\/#organization"},"potentialAction":[{"@type":"SearchAction","target":{"@type":"EntryPoint","urlTemplate":"https:\/\/lasfuentesid.com\/?s={search_term_string}"},"query-input":{"@type":"PropertyValueSpecification","valueRequired":true,"valueName":"search_term_string"}}],"inLanguage":"es"},{"@type":"Organization","@id":"https:\/\/lasfuentesid.com\/#organization","name":"Iglesia de Dios en Las Fuentes","url":"https:\/\/lasfuentesid.com\/","logo":{"@type":"ImageObject","inLanguage":"es","@id":"https:\/\/lasfuentesid.com\/#\/schema\/logo\/image\/","url":"","contentUrl":"","caption":"Iglesia de Dios en Las Fuentes"},"image":{"@id":"https:\/\/lasfuentesid.com\/#\/schema\/logo\/image\/"},"sameAs":["https:\/\/www.youtube.com\/channel\/UCVMiqC-dmiK24eBW4B3_fow"]},{"@type":"Person","@id":"https:\/\/lasfuentesid.com\/#\/schema\/person\/9aa1e55041260ced9fc64aef2792c27c","name":"Hna. Jochebed Verd\u00edn","url":"https:\/\/lasfuentesid.com\/index.php\/author\/jochebed\/"}]}},"_links":{"self":[{"href":"https:\/\/lasfuentesid.com\/index.php\/wp-json\/wp\/v2\/posts\/4934","targetHints":{"allow":["GET"]}}],"collection":[{"href":"https:\/\/lasfuentesid.com\/index.php\/wp-json\/wp\/v2\/posts"}],"about":[{"href":"https:\/\/lasfuentesid.com\/index.php\/wp-json\/wp\/v2\/types\/post"}],"author":[{"embeddable":true,"href":"https:\/\/lasfuentesid.com\/index.php\/wp-json\/wp\/v2\/users\/25"}],"replies":[{"embeddable":true,"href":"https:\/\/lasfuentesid.com\/index.php\/wp-json\/wp\/v2\/comments?post=4934"}],"version-history":[{"count":2,"href":"https:\/\/lasfuentesid.com\/index.php\/wp-json\/wp\/v2\/posts\/4934\/revisions"}],"predecessor-version":[{"id":4937,"href":"https:\/\/lasfuentesid.com\/index.php\/wp-json\/wp\/v2\/posts\/4934\/revisions\/4937"}],"wp:featuredmedia":[{"embeddable":true,"href":"https:\/\/lasfuentesid.com\/index.php\/wp-json\/wp\/v2\/media\/4929"}],"wp:attachment":[{"href":"https:\/\/lasfuentesid.com\/index.php\/wp-json\/wp\/v2\/media?parent=4934"}],"wp:term":[{"taxonomy":"category","embeddable":true,"href":"https:\/\/lasfuentesid.com\/index.php\/wp-json\/wp\/v2\/categories?post=4934"},{"taxonomy":"post_tag","embeddable":true,"href":"https:\/\/lasfuentesid.com\/index.php\/wp-json\/wp\/v2\/tags?post=4934"}],"curies":[{"name":"wp","href":"https:\/\/api.w.org\/{rel}","templated":true}]}}