{"id":4575,"date":"2021-09-15T01:58:06","date_gmt":"2021-09-15T01:58:06","guid":{"rendered":"https:\/\/lasfuentesid.com\/?p=4575"},"modified":"2021-09-15T01:58:07","modified_gmt":"2021-09-15T01:58:07","slug":"remembranza-convocacion-nacional-juvenil","status":"publish","type":"post","link":"https:\/\/lasfuentesid.com\/index.php\/2021\/09\/15\/remembranza-convocacion-nacional-juvenil\/","title":{"rendered":"Remembranza de la 34\u00b0 Convocaci\u00f3n Nacional Juvenil"},"content":{"rendered":"\n<p><br>La Convocaci\u00f3n Nacional Juvenil es una reuni\u00f3n anual llevada a cabo por el CONAJUV, \u00f3rgano de integraci\u00f3n y gesti\u00f3n de todas las Fraternidades Juveniles a nivel nacional y representante de la juventud cristiana en M\u00e9xico para otros pa\u00edses que comparten la Doctrina Verdadera. Esta reuni\u00f3n, realizada en su conjunto con el Consistorio de Ancianos, junta m\u00e1xima de ministros donde recae la autoridad de Dios, tiene como objetivo principal &#8220;<em>hacer prosperar la obra en la FJC y aspiran a encontrar su salvaci\u00f3n, en un marco de convivencia fraterna y espiritual<\/em>&#8220;.<\/p>\n\n\n\n<p>Los par\u00e1metros de admisi\u00f3n son entrar en el rango de edad admisible (entre 15 y 30 a\u00f1os), ser miembros activos en su Fraternidad local y que la misma Fraternidad est\u00e9 dentro de la Rep\u00fablica mexicana, salvo excepciones previstas con antelaci\u00f3n. As\u00ed pues, la CNJ, siglas de esta reuni\u00f3n nacional, es el macro evento juvenil autorizado por la Conferencia General de la Iglesia de Dios para la fructificaci\u00f3n de nuestras bases de ense\u00f1anza de la Doctrina del Creador, dando seguimiento al mandato de Jesucristo de predicar La Palabra por todo el mundo.<br><br><\/p>\n\n\n\n<div class=\"wp-block-image\"><figure class=\"aligncenter size-large\"><img fetchpriority=\"high\" decoding=\"async\" width=\"767\" height=\"1024\" src=\"https:\/\/lasfuentesid.com\/wp-content\/uploads\/2021\/09\/Info_CNJ-767x1024.jpg\" alt=\"\" class=\"wp-image-4578\" srcset=\"https:\/\/lasfuentesid.com\/wp-content\/uploads\/2021\/09\/Info_CNJ-767x1024.jpg 767w, https:\/\/lasfuentesid.com\/wp-content\/uploads\/2021\/09\/Info_CNJ-225x300.jpg 225w, https:\/\/lasfuentesid.com\/wp-content\/uploads\/2021\/09\/Info_CNJ-768x1025.jpg 768w, https:\/\/lasfuentesid.com\/wp-content\/uploads\/2021\/09\/Info_CNJ-202x270.jpg 202w, https:\/\/lasfuentesid.com\/wp-content\/uploads\/2021\/09\/Info_CNJ.jpg 843w\" sizes=\"(max-width: 767px) 100vw, 767px\" \/><\/figure><\/div>\n\n\n\n<p><br>En esta ocasi\u00f3n, veremos la edici\u00f3n n\u00famero 34 de esta reuni\u00f3n anual, con cita base en el Salmo 86:11 parte b, la cual dice a la letra: &#8220;<em>Consolida Mi Coraz\u00f3n Para Que Tema Tu Nombre<\/em>&#8220;, la cual se llev\u00f3 a cabo bajo una modalidad distinta a la que se llevaba desde sus inicios hasta 2019, en condiciones diferentes a las anteriores, demostrando que no hay l\u00edmites para realizar dicho tipo de eventos, mientras se tenga plena confianza en Dios, pero tambi\u00e9n haci\u00e9ndolo decentemente y en orden.<\/p>\n\n\n\n<p>Domingo, Julio 25, 2021. El d\u00eda ha llegado. En medio de la situaci\u00f3n adversa originada por la variante india del virus que provoca a la enfermedad del COVID-19, las gestiones entre ministerio y juventud han llegado al filamento que alumbra a la bombilla de las ideas para acordar una modalidad de reuni\u00f3n que mezcle la presencial con la &#8220;<em>online<\/em>&#8220;, teniendo todos los cuidados sanitarios como la mascarilla, el alcohol en gel, entre otras recomendaciones para quienes est\u00e9n presencialmente, ya sea individualmente, por c\u00e9lulas, localidades o regiones, quienes deber\u00edan conectarse a trav\u00e9s de una sala de reuniones virtual en la plataforma de Zoom, con la alternativa de ahorro de datos m\u00f3viles o internet de ver la reuni\u00f3n por medio de Facebook a trav\u00e9s de una transmisi\u00f3n en vivo.<\/p>\n\n\n\n<p>La videoconferencia inicia a las 9:45 a.m., para lo cual, las sedes o las personas podr\u00edan acceder a tal hora, contando con una tolerancia de 15 minutos efectivos, lo mismo en Zoom que en Facebook; este par\u00e1metro invit\u00f3 a los 3 modos de reuni\u00f3n grupal a una cita previa al inicio de la reuni\u00f3n, es decir, deb\u00edan encontrarse por lo menos a las 9:30, 15 minutos antes de la invitaci\u00f3n programada. En el caso particular de la FJC de Las Fuentes, sucedi\u00f3 grupalmente como localidad, teniendo como cita previa el horario sugerido por el director para entrar a la reuni\u00f3n virtual antes de la hora de inicio (10:00 a.m.); los reunidos en el sal\u00f3n de reuniones en el Templo de la localidad fuimos 14 j\u00f3venes, con Biblia y orden del d\u00eda en mano, un gafete sencillo colgando de nuestros cuellos y el cubrebocas bien puesto.<br><br><\/p>\n\n\n\n<blockquote class=\"instagram-media\" data-instgrm-captioned=\"\" data-instgrm-permalink=\"https:\/\/www.instagram.com\/p\/CR7BdC2JFFY\/?utm_source=ig_embed&amp;utm_campaign=loading\" data-instgrm-version=\"13\" style=\" background:#FFF; border:0; border-radius:3px; box-shadow:0 0 1px 0 rgba(0,0,0,0.5),0 1px 10px 0 rgba(0,0,0,0.15); margin: 1px; max-width:540px; min-width:326px; padding:0; width:99.375%; width:-webkit-calc(100% - 2px); width:calc(100% - 2px);\"><div style=\"padding:16px;\"> <a href=\"https:\/\/www.instagram.com\/p\/CR7BdC2JFFY\/?utm_source=ig_embed&amp;utm_campaign=loading\" style=\" background:#FFFFFF; line-height:0; padding:0 0; text-align:center; text-decoration:none; width:100%;\" target=\"_blank\" rel=\"noopener\"> <div style=\" display: flex; flex-direction: row; align-items: center;\"> <div style=\"background-color: #F4F4F4; border-radius: 50%; flex-grow: 0; height: 40px; margin-right: 14px; width: 40px;\"><\/div> <div style=\"display: flex; flex-direction: column; flex-grow: 1; justify-content: center;\"> <div style=\" background-color: #F4F4F4; border-radius: 4px; flex-grow: 0; height: 14px; margin-bottom: 6px; width: 100px;\"><\/div> <div style=\" background-color: #F4F4F4; border-radius: 4px; flex-grow: 0; height: 14px; width: 60px;\"><\/div><\/div><\/div><div style=\"padding: 19% 0;\"><\/div> <div style=\"display:block; height:50px; margin:0 auto 12px; width:50px;\"><svg width=\"50px\" height=\"50px\" viewBox=\"0 0 60 60\" version=\"1.1\" xmlns=\"https:\/\/www.w3.org\/2000\/svg\" xmlns:xlink=\"https:\/\/www.w3.org\/1999\/xlink\"><g stroke=\"none\" stroke-width=\"1\" fill=\"none\" fill-rule=\"evenodd\"><g transform=\"translate(-511.000000, -20.000000)\" fill=\"#000000\"><g><path d=\"M556.869,30.41 C554.814,30.41 553.148,32.076 553.148,34.131 C553.148,36.186 554.814,37.852 556.869,37.852 C558.924,37.852 560.59,36.186 560.59,34.131 C560.59,32.076 558.924,30.41 556.869,30.41 M541,60.657 C535.114,60.657 530.342,55.887 530.342,50 C530.342,44.114 535.114,39.342 541,39.342 C546.887,39.342 551.658,44.114 551.658,50 C551.658,55.887 546.887,60.657 541,60.657 M541,33.886 C532.1,33.886 524.886,41.1 524.886,50 C524.886,58.899 532.1,66.113 541,66.113 C549.9,66.113 557.115,58.899 557.115,50 C557.115,41.1 549.9,33.886 541,33.886 M565.378,62.101 C565.244,65.022 564.756,66.606 564.346,67.663 C563.803,69.06 563.154,70.057 562.106,71.106 C561.058,72.155 560.06,72.803 558.662,73.347 C557.607,73.757 556.021,74.244 553.102,74.378 C549.944,74.521 548.997,74.552 541,74.552 C533.003,74.552 532.056,74.521 528.898,74.378 C525.979,74.244 524.393,73.757 523.338,73.347 C521.94,72.803 520.942,72.155 519.894,71.106 C518.846,70.057 518.197,69.06 517.654,67.663 C517.244,66.606 516.755,65.022 516.623,62.101 C516.479,58.943 516.448,57.996 516.448,50 C516.448,42.003 516.479,41.056 516.623,37.899 C516.755,34.978 517.244,33.391 517.654,32.338 C518.197,30.938 518.846,29.942 519.894,28.894 C520.942,27.846 521.94,27.196 523.338,26.654 C524.393,26.244 525.979,25.756 528.898,25.623 C532.057,25.479 533.004,25.448 541,25.448 C548.997,25.448 549.943,25.479 553.102,25.623 C556.021,25.756 557.607,26.244 558.662,26.654 C560.06,27.196 561.058,27.846 562.106,28.894 C563.154,29.942 563.803,30.938 564.346,32.338 C564.756,33.391 565.244,34.978 565.378,37.899 C565.522,41.056 565.552,42.003 565.552,50 C565.552,57.996 565.522,58.943 565.378,62.101 M570.82,37.631 C570.674,34.438 570.167,32.258 569.425,30.349 C568.659,28.377 567.633,26.702 565.965,25.035 C564.297,23.368 562.623,22.342 560.652,21.575 C558.743,20.834 556.562,20.326 553.369,20.18 C550.169,20.033 549.148,20 541,20 C532.853,20 531.831,20.033 528.631,20.18 C525.438,20.326 523.257,20.834 521.349,21.575 C519.376,22.342 517.703,23.368 516.035,25.035 C514.368,26.702 513.342,28.377 512.574,30.349 C511.834,32.258 511.326,34.438 511.181,37.631 C511.035,40.831 511,41.851 511,50 C511,58.147 511.035,59.17 511.181,62.369 C511.326,65.562 511.834,67.743 512.574,69.651 C513.342,71.625 514.368,73.296 516.035,74.965 C517.703,76.634 519.376,77.658 521.349,78.425 C523.257,79.167 525.438,79.673 528.631,79.82 C531.831,79.965 532.853,80.001 541,80.001 C549.148,80.001 550.169,79.965 553.369,79.82 C556.562,79.673 558.743,79.167 560.652,78.425 C562.623,77.658 564.297,76.634 565.965,74.965 C567.633,73.296 568.659,71.625 569.425,69.651 C570.167,67.743 570.674,65.562 570.82,62.369 C570.966,59.17 571,58.147 571,50 C571,41.851 570.966,40.831 570.82,37.631\"><\/path><\/g><\/g><\/g><\/svg><\/div><div style=\"padding-top: 8px;\"> <div style=\" color:#3897f0; font-family:Arial,sans-serif; font-size:14px; font-style:normal; font-weight:550; line-height:18px;\"> Ver esta publicaci\u00f3n en Instagram<\/div><\/div><div style=\"padding: 12.5% 0;\"><\/div> <div style=\"display: flex; flex-direction: row; margin-bottom: 14px; align-items: center;\"><div> <div style=\"background-color: #F4F4F4; border-radius: 50%; height: 12.5px; width: 12.5px; transform: translateX(0px) translateY(7px);\"><\/div> <div style=\"background-color: #F4F4F4; height: 12.5px; transform: rotate(-45deg) translateX(3px) translateY(1px); width: 12.5px; flex-grow: 0; margin-right: 14px; margin-left: 2px;\"><\/div> <div style=\"background-color: #F4F4F4; border-radius: 50%; height: 12.5px; width: 12.5px; transform: translateX(9px) translateY(-18px);\"><\/div><\/div><div style=\"margin-left: 8px;\"> <div style=\" background-color: #F4F4F4; border-radius: 50%; flex-grow: 0; height: 20px; width: 20px;\"><\/div> <div style=\" width: 0; height: 0; border-top: 2px solid transparent; border-left: 6px solid #f4f4f4; border-bottom: 2px solid transparent; transform: translateX(16px) translateY(-4px) rotate(30deg)\"><\/div><\/div><div style=\"margin-left: auto;\"> <div style=\" width: 0px; border-top: 8px solid #F4F4F4; border-right: 8px solid transparent; transform: translateY(16px);\"><\/div> <div style=\" background-color: #F4F4F4; flex-grow: 0; height: 12px; width: 16px; transform: translateY(-4px);\"><\/div> <div style=\" width: 0; height: 0; border-top: 8px solid #F4F4F4; border-left: 8px solid transparent; transform: translateY(-4px) translateX(8px);\"><\/div><\/div><\/div> <div style=\"display: flex; flex-direction: column; flex-grow: 1; justify-content: center; margin-bottom: 24px;\"> <div style=\" background-color: #F4F4F4; border-radius: 4px; flex-grow: 0; height: 14px; margin-bottom: 6px; width: 224px;\"><\/div> <div style=\" background-color: #F4F4F4; border-radius: 4px; flex-grow: 0; height: 14px; width: 144px;\"><\/div><\/div><\/a><p style=\" color:#c9c8cd; font-family:Arial,sans-serif; font-size:14px; line-height:17px; margin-bottom:0; margin-top:8px; overflow:hidden; padding:8px 0 7px; text-align:center; text-overflow:ellipsis; white-space:nowrap;\"><a href=\"https:\/\/www.instagram.com\/p\/CR7BdC2JFFY\/?utm_source=ig_embed&amp;utm_campaign=loading\" style=\" color:#c9c8cd; font-family:Arial,sans-serif; font-size:14px; font-style:normal; font-weight:normal; line-height:17px; text-decoration:none;\" target=\"_blank\" rel=\"noopener\">Una publicaci\u00f3n compartida por FJC Fuentes (@fuentesfjc_)<\/a><\/p><\/div><\/blockquote> <script async=\"\" src=\"\/\/www.instagram.com\/embed.js\"><\/script>\n\n\n\n<p><br>A la entrada del sal\u00f3n juvenil dentro del edificio, cada joven deb\u00eda tener en sus manos un poco de gel sanitizante para desinfectar sus manos y el sal\u00f3n deb\u00eda ser sanitizado previamente antes del inicio de la reuni\u00f3n. Pasados no pocos minutos despu\u00e9s de las 10:00 a.m., la reuni\u00f3n dio inicio con la interpretaci\u00f3n de algunos cantos espirituales de uso juvenil, una oraci\u00f3n de bienvenida al evento y la lectura base del mismo que es el Salmo 86.1-13, del cual se rescata la cita clave (v. 11 b); al paso de estas actividades, el primer serm\u00f3n estuvo a cargo del Presidente de la Conferencia General de la Iglesia de Dios, nuestro hno. Min. Lorenzo Rivas bajo el tema &#8220;<em>Ninguno Que Mira Atr\u00e1s, Es Apto Para El Reino De Dios<\/em>&#8220;, con cita base en Lucas 9.57-62 y citas de desarrollo en 1 Samuel 17.35-37 (Elecci\u00f3n de Eliseo como profeta) y Rut 1.14 (No abandonar a Dios).<\/p>\n\n\n\n<p>Luego de m\u00e1s alabanzas, avanzado el mediod\u00eda, se present\u00f3 el segundo serm\u00f3n relacionado al pasaje clave &#8220;<em>Consolida Mi Coraz\u00f3n Para Que Tema Tu Nombre<\/em>&#8220;, bajo la tutela de pr\u00e9dica de nuestro hno. Min. Encarnaci\u00f3n Gonz\u00e1lez. 3 cantos espirituales, el cambio de gabinete del CONAJUV y una oraci\u00f3n de suspensi\u00f3n de actividades temporal fueron los \u00faltimos n\u00fameros del culto extraordinario para pasar al tiempo de alimentaci\u00f3n por aproximadamente 1 hora. La segunda parte de la reuni\u00f3n dio inicio con la interpretaci\u00f3n de algunos cantos, incluido el canto estandarte del evento para dar paso a una exposici\u00f3n simult\u00e1nea de 3 temas explicados por 3 hermanos aisladamente, he aqu\u00ed la relaci\u00f3n de cada uno:<\/p>\n\n\n\n<blockquote class=\"wp-block-quote is-layout-flow wp-block-quote-is-layout-flow\"><p>Tiempos Peligrosos, Hno. Min. Hubert Medina<br><br>Y Ser\u00e1 Predicado El Evangelio Del Reino En Todo El Mundo, Hno. Min. Jared Mendiola<br><br>Mi Tiempo Para Dios, Hno. Ob Roger Ram\u00edrez<\/p><\/blockquote>\n\n\n\n<p><br>Para esta ocasi\u00f3n, recibimos el serm\u00f3n tercero con el expositor mencionado previamente como sustituto, ya que el expositor original estuvo enfermo en esa fecha. &#8220;<em>Mi Tiempo Para Dios<\/em>&#8221; fue una comprensi\u00f3n de la importancia de dedicar el tiempo completamente a Dios tan s\u00f3lo en el pensamiento dado que Dios y su existencia gigantesca son manifiestas en cualquier parte, queriendo decir que nadie puede esconderse de su presencia. Los \u00faltimos n\u00fameros del culto fueron unas cuantas alabanzas, indicaciones algunas de la fotograf\u00eda oficial de la Convocaci\u00f3n en el modo al que asistieron a la misma, una oraci\u00f3n de clausura y cierre de actividades, la bendici\u00f3n ministerial y una temporada de saludos. La reuni\u00f3n finaliz\u00f3 hacia las 6:45 p.m. despu\u00e9s de la bendici\u00f3n ministerial.<br><br><\/p>\n\n\n\n<iframe data-src=\"https:\/\/www.facebook.com\/plugins\/video.php?height=314&#038;href=https%3A%2F%2Fwww.facebook.com%2F1398923737066343%2Fvideos%2F171796518286462%2F&#038;show_text=true&#038;width=560&#038;t=0\" width=\"560\" height=\"429\" style=\"border:none;overflow:hidden\" scrolling=\"no\" frameborder=\"0\" allowfullscreen=\"true\" allow=\"autoplay; clipboard-write; encrypted-media; picture-in-picture; web-share\" allowFullScreen=\"true\" src=\"data:image\/svg+xml;base64,PHN2ZyB3aWR0aD0iMSIgaGVpZ2h0PSIxIiB4bWxucz0iaHR0cDovL3d3dy53My5vcmcvMjAwMC9zdmciPjwvc3ZnPg==\" class=\"lazyload\" data-load-mode=\"1\"><\/iframe>\n\n\n\n<p><br><br><br><\/p>\n","protected":false},"excerpt":{"rendered":"<p>La Convocaci\u00f3n Nacional Juvenil es una reuni\u00f3n anual llevada a cabo por el CONAJUV, \u00f3rgano de integraci\u00f3n y gesti\u00f3n de todas las Fraternidades Juveniles a nivel nacional y representante de la juventud cristiana en M\u00e9xico para otros pa\u00edses que comparten la Doctrina Verdadera. Esta reuni\u00f3n, realizada en su conjunto con el Consistorio de Ancianos, junta m\u00e1xima de ministros donde recae la autoridad de Dios, tiene como objetivo principal &#8220;hacer prosperar la obra en la FJC y aspiran a encontrar su salvaci\u00f3n, en un marco de convivencia fraterna y espiritual&#8221;.<\/p>\n","protected":false},"author":10,"featured_media":4592,"comment_status":"closed","ping_status":"closed","sticky":false,"template":"","format":"standard","meta":{"_monsterinsights_skip_tracking":false,"_monsterinsights_sitenote_active":false,"_monsterinsights_sitenote_note":"","_monsterinsights_sitenote_category":0,"footnotes":""},"categories":[98],"tags":[],"class_list":["post-4575","post","type-post","status-publish","format-standard","has-post-thumbnail","hentry","category-fraternidad-juvenil"],"yoast_head":"<!-- This site is optimized with the Yoast SEO plugin v25.6 - https:\/\/yoast.com\/wordpress\/plugins\/seo\/ -->\n<title>Remembranza de la 34\u00b0 Convocaci\u00f3n Nacional Juvenil - Las Fuentes ID<\/title>\n<meta name=\"description\" content=\"La Convocaci\u00f3n Nacional Juvenil es una reuni\u00f3n anual llevada a cabo por el CONAJUV, \u00f3rgano de integraci\u00f3n y gesti\u00f3n de todas las Fraternidades Juveniles a nivel nacional y representante de la juventud cristiana en M\u00e9xico para otros pa\u00edses que comparten la Doctrina Verdadera. Esta reuni\u00f3n, realizada en su conjunto con el Consistorio de Ancianos, junta m\u00e1xima de ministros donde recae la autoridad de Dios, tiene como objetivo principal &quot;hacer prosperar la obra en la FJC y aspiran a encontrar su salvaci\u00f3n, en un marco de convivencia fraterna y espiritual&quot;.\" \/>\n<meta name=\"robots\" content=\"index, follow, max-snippet:-1, max-image-preview:large, max-video-preview:-1\" \/>\n<link rel=\"canonical\" href=\"https:\/\/lasfuentesid.com\/index.php\/2021\/09\/15\/remembranza-convocacion-nacional-juvenil\/\" \/>\n<meta property=\"og:locale\" content=\"es_ES\" \/>\n<meta property=\"og:type\" content=\"article\" \/>\n<meta property=\"og:title\" content=\"Remembranza de la 34\u00b0 Convocaci\u00f3n Nacional Juvenil - Las Fuentes ID\" \/>\n<meta property=\"og:description\" content=\"La Convocaci\u00f3n Nacional Juvenil es una reuni\u00f3n anual llevada a cabo por el CONAJUV, \u00f3rgano de integraci\u00f3n y gesti\u00f3n de todas las Fraternidades Juveniles a nivel nacional y representante de la juventud cristiana en M\u00e9xico para otros pa\u00edses que comparten la Doctrina Verdadera. Esta reuni\u00f3n, realizada en su conjunto con el Consistorio de Ancianos, junta m\u00e1xima de ministros donde recae la autoridad de Dios, tiene como objetivo principal &quot;hacer prosperar la obra en la FJC y aspiran a encontrar su salvaci\u00f3n, en un marco de convivencia fraterna y espiritual&quot;.\" \/>\n<meta property=\"og:url\" content=\"https:\/\/lasfuentesid.com\/index.php\/2021\/09\/15\/remembranza-convocacion-nacional-juvenil\/\" \/>\n<meta property=\"og:site_name\" content=\"Las Fuentes ID\" \/>\n<meta property=\"article:published_time\" content=\"2021-09-15T01:58:06+00:00\" \/>\n<meta property=\"article:modified_time\" content=\"2021-09-15T01:58:07+00:00\" \/>\n<meta property=\"og:image\" content=\"https:\/\/lasfuentesid.com\/wp-content\/uploads\/2021\/09\/Resena_CNJ_34.jpg\" \/>\n\t<meta property=\"og:image:width\" content=\"1280\" \/>\n\t<meta property=\"og:image:height\" content=\"853\" \/>\n\t<meta property=\"og:image:type\" content=\"image\/jpeg\" \/>\n<meta name=\"author\" content=\"Hno. Johan Flores\" \/>\n<meta name=\"twitter:card\" content=\"summary_large_image\" \/>\n<meta name=\"twitter:label1\" content=\"Escrito por\" \/>\n\t<meta name=\"twitter:data1\" content=\"Hno. Johan Flores\" \/>\n\t<meta name=\"twitter:label2\" content=\"Tiempo de lectura\" \/>\n\t<meta name=\"twitter:data2\" content=\"5 minutos\" \/>\n<script type=\"application\/ld+json\" class=\"yoast-schema-graph\">{\"@context\":\"https:\/\/schema.org\",\"@graph\":[{\"@type\":\"Article\",\"@id\":\"https:\/\/lasfuentesid.com\/index.php\/2021\/09\/15\/remembranza-convocacion-nacional-juvenil\/#article\",\"isPartOf\":{\"@id\":\"https:\/\/lasfuentesid.com\/index.php\/2021\/09\/15\/remembranza-convocacion-nacional-juvenil\/\"},\"author\":{\"name\":\"Hno. Johan Flores\",\"@id\":\"https:\/\/lasfuentesid.com\/#\/schema\/person\/05f3d6e6943eb2f265eb3c3c19372886\"},\"headline\":\"Remembranza de la 34\u00b0 Convocaci\u00f3n Nacional Juvenil\",\"datePublished\":\"2021-09-15T01:58:06+00:00\",\"dateModified\":\"2021-09-15T01:58:07+00:00\",\"mainEntityOfPage\":{\"@id\":\"https:\/\/lasfuentesid.com\/index.php\/2021\/09\/15\/remembranza-convocacion-nacional-juvenil\/\"},\"wordCount\":1044,\"publisher\":{\"@id\":\"https:\/\/lasfuentesid.com\/#organization\"},\"image\":{\"@id\":\"https:\/\/lasfuentesid.com\/index.php\/2021\/09\/15\/remembranza-convocacion-nacional-juvenil\/#primaryimage\"},\"thumbnailUrl\":\"https:\/\/lasfuentesid.com\/wp-content\/uploads\/2021\/09\/Resena_CNJ_34.jpg\",\"articleSection\":[\"Fraternidad Juvenil\"],\"inLanguage\":\"es\"},{\"@type\":\"WebPage\",\"@id\":\"https:\/\/lasfuentesid.com\/index.php\/2021\/09\/15\/remembranza-convocacion-nacional-juvenil\/\",\"url\":\"https:\/\/lasfuentesid.com\/index.php\/2021\/09\/15\/remembranza-convocacion-nacional-juvenil\/\",\"name\":\"Remembranza de la 34\u00b0 Convocaci\u00f3n Nacional Juvenil - Las Fuentes ID\",\"isPartOf\":{\"@id\":\"https:\/\/lasfuentesid.com\/#website\"},\"primaryImageOfPage\":{\"@id\":\"https:\/\/lasfuentesid.com\/index.php\/2021\/09\/15\/remembranza-convocacion-nacional-juvenil\/#primaryimage\"},\"image\":{\"@id\":\"https:\/\/lasfuentesid.com\/index.php\/2021\/09\/15\/remembranza-convocacion-nacional-juvenil\/#primaryimage\"},\"thumbnailUrl\":\"https:\/\/lasfuentesid.com\/wp-content\/uploads\/2021\/09\/Resena_CNJ_34.jpg\",\"datePublished\":\"2021-09-15T01:58:06+00:00\",\"dateModified\":\"2021-09-15T01:58:07+00:00\",\"description\":\"La Convocaci\u00f3n Nacional Juvenil es una reuni\u00f3n anual llevada a cabo por el CONAJUV, \u00f3rgano de integraci\u00f3n y gesti\u00f3n de todas las Fraternidades Juveniles a nivel nacional y representante de la juventud cristiana en M\u00e9xico para otros pa\u00edses que comparten la Doctrina Verdadera. Esta reuni\u00f3n, realizada en su conjunto con el Consistorio de Ancianos, junta m\u00e1xima de ministros donde recae la autoridad de Dios, tiene como objetivo principal \\\"hacer prosperar la obra en la FJC y aspiran a encontrar su salvaci\u00f3n, en un marco de convivencia fraterna y espiritual\\\".\",\"breadcrumb\":{\"@id\":\"https:\/\/lasfuentesid.com\/index.php\/2021\/09\/15\/remembranza-convocacion-nacional-juvenil\/#breadcrumb\"},\"inLanguage\":\"es\",\"potentialAction\":[{\"@type\":\"ReadAction\",\"target\":[\"https:\/\/lasfuentesid.com\/index.php\/2021\/09\/15\/remembranza-convocacion-nacional-juvenil\/\"]}]},{\"@type\":\"ImageObject\",\"inLanguage\":\"es\",\"@id\":\"https:\/\/lasfuentesid.com\/index.php\/2021\/09\/15\/remembranza-convocacion-nacional-juvenil\/#primaryimage\",\"url\":\"https:\/\/lasfuentesid.com\/wp-content\/uploads\/2021\/09\/Resena_CNJ_34.jpg\",\"contentUrl\":\"https:\/\/lasfuentesid.com\/wp-content\/uploads\/2021\/09\/Resena_CNJ_34.jpg\",\"width\":1280,\"height\":853},{\"@type\":\"BreadcrumbList\",\"@id\":\"https:\/\/lasfuentesid.com\/index.php\/2021\/09\/15\/remembranza-convocacion-nacional-juvenil\/#breadcrumb\",\"itemListElement\":[{\"@type\":\"ListItem\",\"position\":1,\"name\":\"Portada\",\"item\":\"https:\/\/lasfuentesid.com\/\"},{\"@type\":\"ListItem\",\"position\":2,\"name\":\"Remembranza de la 34\u00b0 Convocaci\u00f3n Nacional Juvenil\"}]},{\"@type\":\"WebSite\",\"@id\":\"https:\/\/lasfuentesid.com\/#website\",\"url\":\"https:\/\/lasfuentesid.com\/\",\"name\":\"Iglesia de Dios Las Fuentes\",\"description\":\"Iglesia de Dios en Las Fuentes\",\"publisher\":{\"@id\":\"https:\/\/lasfuentesid.com\/#organization\"},\"potentialAction\":[{\"@type\":\"SearchAction\",\"target\":{\"@type\":\"EntryPoint\",\"urlTemplate\":\"https:\/\/lasfuentesid.com\/?s={search_term_string}\"},\"query-input\":{\"@type\":\"PropertyValueSpecification\",\"valueRequired\":true,\"valueName\":\"search_term_string\"}}],\"inLanguage\":\"es\"},{\"@type\":\"Organization\",\"@id\":\"https:\/\/lasfuentesid.com\/#organization\",\"name\":\"Iglesia de Dios en Las Fuentes\",\"url\":\"https:\/\/lasfuentesid.com\/\",\"logo\":{\"@type\":\"ImageObject\",\"inLanguage\":\"es\",\"@id\":\"https:\/\/lasfuentesid.com\/#\/schema\/logo\/image\/\",\"url\":\"\",\"contentUrl\":\"\",\"caption\":\"Iglesia de Dios en Las Fuentes\"},\"image\":{\"@id\":\"https:\/\/lasfuentesid.com\/#\/schema\/logo\/image\/\"},\"sameAs\":[\"https:\/\/www.youtube.com\/channel\/UCVMiqC-dmiK24eBW4B3_fow\"]},{\"@type\":\"Person\",\"@id\":\"https:\/\/lasfuentesid.com\/#\/schema\/person\/05f3d6e6943eb2f265eb3c3c19372886\",\"name\":\"Hno. Johan Flores\",\"url\":\"https:\/\/lasfuentesid.com\/index.php\/author\/johan\/\"}]}<\/script>\n<!-- \/ Yoast SEO plugin. -->","yoast_head_json":{"title":"Remembranza de la 34\u00b0 Convocaci\u00f3n Nacional Juvenil - Las Fuentes ID","description":"La Convocaci\u00f3n Nacional Juvenil es una reuni\u00f3n anual llevada a cabo por el CONAJUV, \u00f3rgano de integraci\u00f3n y gesti\u00f3n de todas las Fraternidades Juveniles a nivel nacional y representante de la juventud cristiana en M\u00e9xico para otros pa\u00edses que comparten la Doctrina Verdadera. Esta reuni\u00f3n, realizada en su conjunto con el Consistorio de Ancianos, junta m\u00e1xima de ministros donde recae la autoridad de Dios, tiene como objetivo principal \"hacer prosperar la obra en la FJC y aspiran a encontrar su salvaci\u00f3n, en un marco de convivencia fraterna y espiritual\".","robots":{"index":"index","follow":"follow","max-snippet":"max-snippet:-1","max-image-preview":"max-image-preview:large","max-video-preview":"max-video-preview:-1"},"canonical":"https:\/\/lasfuentesid.com\/index.php\/2021\/09\/15\/remembranza-convocacion-nacional-juvenil\/","og_locale":"es_ES","og_type":"article","og_title":"Remembranza de la 34\u00b0 Convocaci\u00f3n Nacional Juvenil - Las Fuentes ID","og_description":"La Convocaci\u00f3n Nacional Juvenil es una reuni\u00f3n anual llevada a cabo por el CONAJUV, \u00f3rgano de integraci\u00f3n y gesti\u00f3n de todas las Fraternidades Juveniles a nivel nacional y representante de la juventud cristiana en M\u00e9xico para otros pa\u00edses que comparten la Doctrina Verdadera. Esta reuni\u00f3n, realizada en su conjunto con el Consistorio de Ancianos, junta m\u00e1xima de ministros donde recae la autoridad de Dios, tiene como objetivo principal \"hacer prosperar la obra en la FJC y aspiran a encontrar su salvaci\u00f3n, en un marco de convivencia fraterna y espiritual\".","og_url":"https:\/\/lasfuentesid.com\/index.php\/2021\/09\/15\/remembranza-convocacion-nacional-juvenil\/","og_site_name":"Las Fuentes ID","article_published_time":"2021-09-15T01:58:06+00:00","article_modified_time":"2021-09-15T01:58:07+00:00","og_image":[{"width":1280,"height":853,"url":"https:\/\/lasfuentesid.com\/wp-content\/uploads\/2021\/09\/Resena_CNJ_34.jpg","type":"image\/jpeg"}],"author":"Hno. Johan Flores","twitter_card":"summary_large_image","twitter_misc":{"Escrito por":"Hno. Johan Flores","Tiempo de lectura":"5 minutos"},"schema":{"@context":"https:\/\/schema.org","@graph":[{"@type":"Article","@id":"https:\/\/lasfuentesid.com\/index.php\/2021\/09\/15\/remembranza-convocacion-nacional-juvenil\/#article","isPartOf":{"@id":"https:\/\/lasfuentesid.com\/index.php\/2021\/09\/15\/remembranza-convocacion-nacional-juvenil\/"},"author":{"name":"Hno. Johan Flores","@id":"https:\/\/lasfuentesid.com\/#\/schema\/person\/05f3d6e6943eb2f265eb3c3c19372886"},"headline":"Remembranza de la 34\u00b0 Convocaci\u00f3n Nacional Juvenil","datePublished":"2021-09-15T01:58:06+00:00","dateModified":"2021-09-15T01:58:07+00:00","mainEntityOfPage":{"@id":"https:\/\/lasfuentesid.com\/index.php\/2021\/09\/15\/remembranza-convocacion-nacional-juvenil\/"},"wordCount":1044,"publisher":{"@id":"https:\/\/lasfuentesid.com\/#organization"},"image":{"@id":"https:\/\/lasfuentesid.com\/index.php\/2021\/09\/15\/remembranza-convocacion-nacional-juvenil\/#primaryimage"},"thumbnailUrl":"https:\/\/lasfuentesid.com\/wp-content\/uploads\/2021\/09\/Resena_CNJ_34.jpg","articleSection":["Fraternidad Juvenil"],"inLanguage":"es"},{"@type":"WebPage","@id":"https:\/\/lasfuentesid.com\/index.php\/2021\/09\/15\/remembranza-convocacion-nacional-juvenil\/","url":"https:\/\/lasfuentesid.com\/index.php\/2021\/09\/15\/remembranza-convocacion-nacional-juvenil\/","name":"Remembranza de la 34\u00b0 Convocaci\u00f3n Nacional Juvenil - Las Fuentes ID","isPartOf":{"@id":"https:\/\/lasfuentesid.com\/#website"},"primaryImageOfPage":{"@id":"https:\/\/lasfuentesid.com\/index.php\/2021\/09\/15\/remembranza-convocacion-nacional-juvenil\/#primaryimage"},"image":{"@id":"https:\/\/lasfuentesid.com\/index.php\/2021\/09\/15\/remembranza-convocacion-nacional-juvenil\/#primaryimage"},"thumbnailUrl":"https:\/\/lasfuentesid.com\/wp-content\/uploads\/2021\/09\/Resena_CNJ_34.jpg","datePublished":"2021-09-15T01:58:06+00:00","dateModified":"2021-09-15T01:58:07+00:00","description":"La Convocaci\u00f3n Nacional Juvenil es una reuni\u00f3n anual llevada a cabo por el CONAJUV, \u00f3rgano de integraci\u00f3n y gesti\u00f3n de todas las Fraternidades Juveniles a nivel nacional y representante de la juventud cristiana en M\u00e9xico para otros pa\u00edses que comparten la Doctrina Verdadera. Esta reuni\u00f3n, realizada en su conjunto con el Consistorio de Ancianos, junta m\u00e1xima de ministros donde recae la autoridad de Dios, tiene como objetivo principal \"hacer prosperar la obra en la FJC y aspiran a encontrar su salvaci\u00f3n, en un marco de convivencia fraterna y espiritual\".","breadcrumb":{"@id":"https:\/\/lasfuentesid.com\/index.php\/2021\/09\/15\/remembranza-convocacion-nacional-juvenil\/#breadcrumb"},"inLanguage":"es","potentialAction":[{"@type":"ReadAction","target":["https:\/\/lasfuentesid.com\/index.php\/2021\/09\/15\/remembranza-convocacion-nacional-juvenil\/"]}]},{"@type":"ImageObject","inLanguage":"es","@id":"https:\/\/lasfuentesid.com\/index.php\/2021\/09\/15\/remembranza-convocacion-nacional-juvenil\/#primaryimage","url":"https:\/\/lasfuentesid.com\/wp-content\/uploads\/2021\/09\/Resena_CNJ_34.jpg","contentUrl":"https:\/\/lasfuentesid.com\/wp-content\/uploads\/2021\/09\/Resena_CNJ_34.jpg","width":1280,"height":853},{"@type":"BreadcrumbList","@id":"https:\/\/lasfuentesid.com\/index.php\/2021\/09\/15\/remembranza-convocacion-nacional-juvenil\/#breadcrumb","itemListElement":[{"@type":"ListItem","position":1,"name":"Portada","item":"https:\/\/lasfuentesid.com\/"},{"@type":"ListItem","position":2,"name":"Remembranza de la 34\u00b0 Convocaci\u00f3n Nacional Juvenil"}]},{"@type":"WebSite","@id":"https:\/\/lasfuentesid.com\/#website","url":"https:\/\/lasfuentesid.com\/","name":"Iglesia de Dios Las Fuentes","description":"Iglesia de Dios en Las Fuentes","publisher":{"@id":"https:\/\/lasfuentesid.com\/#organization"},"potentialAction":[{"@type":"SearchAction","target":{"@type":"EntryPoint","urlTemplate":"https:\/\/lasfuentesid.com\/?s={search_term_string}"},"query-input":{"@type":"PropertyValueSpecification","valueRequired":true,"valueName":"search_term_string"}}],"inLanguage":"es"},{"@type":"Organization","@id":"https:\/\/lasfuentesid.com\/#organization","name":"Iglesia de Dios en Las Fuentes","url":"https:\/\/lasfuentesid.com\/","logo":{"@type":"ImageObject","inLanguage":"es","@id":"https:\/\/lasfuentesid.com\/#\/schema\/logo\/image\/","url":"","contentUrl":"","caption":"Iglesia de Dios en Las Fuentes"},"image":{"@id":"https:\/\/lasfuentesid.com\/#\/schema\/logo\/image\/"},"sameAs":["https:\/\/www.youtube.com\/channel\/UCVMiqC-dmiK24eBW4B3_fow"]},{"@type":"Person","@id":"https:\/\/lasfuentesid.com\/#\/schema\/person\/05f3d6e6943eb2f265eb3c3c19372886","name":"Hno. Johan Flores","url":"https:\/\/lasfuentesid.com\/index.php\/author\/johan\/"}]}},"_links":{"self":[{"href":"https:\/\/lasfuentesid.com\/index.php\/wp-json\/wp\/v2\/posts\/4575","targetHints":{"allow":["GET"]}}],"collection":[{"href":"https:\/\/lasfuentesid.com\/index.php\/wp-json\/wp\/v2\/posts"}],"about":[{"href":"https:\/\/lasfuentesid.com\/index.php\/wp-json\/wp\/v2\/types\/post"}],"author":[{"embeddable":true,"href":"https:\/\/lasfuentesid.com\/index.php\/wp-json\/wp\/v2\/users\/10"}],"replies":[{"embeddable":true,"href":"https:\/\/lasfuentesid.com\/index.php\/wp-json\/wp\/v2\/comments?post=4575"}],"version-history":[{"count":10,"href":"https:\/\/lasfuentesid.com\/index.php\/wp-json\/wp\/v2\/posts\/4575\/revisions"}],"predecessor-version":[{"id":4595,"href":"https:\/\/lasfuentesid.com\/index.php\/wp-json\/wp\/v2\/posts\/4575\/revisions\/4595"}],"wp:featuredmedia":[{"embeddable":true,"href":"https:\/\/lasfuentesid.com\/index.php\/wp-json\/wp\/v2\/media\/4592"}],"wp:attachment":[{"href":"https:\/\/lasfuentesid.com\/index.php\/wp-json\/wp\/v2\/media?parent=4575"}],"wp:term":[{"taxonomy":"category","embeddable":true,"href":"https:\/\/lasfuentesid.com\/index.php\/wp-json\/wp\/v2\/categories?post=4575"},{"taxonomy":"post_tag","embeddable":true,"href":"https:\/\/lasfuentesid.com\/index.php\/wp-json\/wp\/v2\/tags?post=4575"}],"curies":[{"name":"wp","href":"https:\/\/api.w.org\/{rel}","templated":true}]}}