{"id":4211,"date":"2021-06-13T00:01:10","date_gmt":"2021-06-13T00:01:10","guid":{"rendered":"https:\/\/lasfuentesid.com\/?p=4211"},"modified":"2021-06-13T00:03:16","modified_gmt":"2021-06-13T00:03:16","slug":"importancia-de-la-musica","status":"publish","type":"post","link":"https:\/\/lasfuentesid.com\/index.php\/2021\/06\/13\/importancia-de-la-musica\/","title":{"rendered":"La importancia de la m\u00fasica"},"content":{"rendered":"\n<p><br>La m\u00fasica seg\u00fan el diccionario es el arte de combinar los sonidos en una secuencia temporal atendiendo a las leyes de la armon\u00eda, la melod\u00eda y el ritmo, o de producirlos con instrumentos musicales. Pero para entenderlo mejor diremos que es el arte de producir <strong><em>sonidos agradables al o\u00eddo<\/em><\/strong>. La m\u00fasica ha estado presente desde el principio, tambi\u00e9n encontramos un registro en la Biblia, en el libro G\u00e9nesis que dice: <\/p>\n\n\n\n<blockquote class=\"wp-block-quote is-layout-flow wp-block-quote-is-layout-flow\"><p>\u201cY el nombre de su hermano fue Jubal, el cual fue padre de todos los que manejan arpa y flauta\u201d. <\/p><cite>G\u00e9nesis 4:21<\/cite><\/blockquote>\n\n\n\n<p><br>Jubal fue el primer m\u00fasico que se menciona en la Biblia y era descendiente de Ca\u00edn, hijo de Lamech y Adah, hermano de Jabal, y medio hermano de Tubalca\u00edn y Naama. Tambi\u00e9n podemos encontrar una referencia a la m\u00fasica en el libro de Am\u00f3s, en el cual menciona:<\/p>\n\n\n\n<blockquote class=\"wp-block-quote is-layout-flow wp-block-quote-is-layout-flow\"><p>\u201cInventan instrumentos musicales, como David\u201d.<\/p><cite>Am\u00f3s 6:5<\/cite><\/blockquote>\n\n\n\n<p><br>Por lo anterior, sabemos que el rey David inventaba sus instrumentos, y en el segundo libro de Samuel observamos lo siguiente:<\/p>\n\n\n\n<blockquote class=\"wp-block-quote is-layout-flow wp-block-quote-is-layout-flow\"><p>\u201cY David con toda la casa de Israel danzaban delante de Jehov\u00e1 con toda clase de instrumentos de madera que haya; con arpas, salterios, panderos, flautas y c\u00edmbalos\u201d. <\/p><cite>2 Samuel 6:5<\/cite><\/blockquote>\n\n\n\n<p><br>Con el pasaje anterior, vemos que ten\u00edan todo para hacer una orquesta ya que en ese tiempo la mayor\u00eda de instrumentos eran fabricados con madera, pero hoy en d\u00eda muchos de ellos son fabricados con metal debido a que as\u00ed son m\u00e1s resistentes. Como en el caso de las flautas, las cuales siguen perteneciendo a la secci\u00f3n de <strong><em>alientos-madera<\/em><\/strong> y no a la de <strong><em>alientos-metal<\/em><\/strong> a pesar de estar hechas la mayor\u00eda de metal. Ahora daremos una breve explicaci\u00f3n de los instrumentos que se mencionan en el pasaje del segundo libro de Samuel:<\/p>\n\n\n\n<ul class=\"wp-block-list\"><li><strong><em>Arpa:<\/em><\/strong> De cuerda pulsada, su vibraci\u00f3n se produce con los dedos y tiene cuerdas tensadas.<br><br><\/li><li><strong><em>Salterio:<\/em><\/strong> Instrumento triangular de cuerdas parecido al arpa, pero tiene caja de resonancia.<br><br><\/li><li><strong><em>Pandero:<\/em><\/strong> Pertenece al grupo de los tambores, es un instrumento de percusi\u00f3n.<br><br><\/li><li><strong><em>Flauta:<\/em><\/strong> Es un instrumento musical de viento.<br><br><\/li><li><strong><em>C\u00edmbalo:<\/em><\/strong> Instrumento de cuerda que se ejecuta con un par de mazos en ambas manos, la cual debe golpear las cuerdas para hacerlas sonar.<\/li><\/ul>\n\n\n\n<p><br><\/p>\n\n\n\n<div class=\"wp-block-image\"><figure class=\"aligncenter size-large\"><img fetchpriority=\"high\" decoding=\"async\" width=\"1024\" height=\"683\" src=\"https:\/\/lasfuentesid.com\/wp-content\/uploads\/2021\/06\/AF_Musica_img1-1024x683.jpg\" alt=\"\" class=\"wp-image-4206\" srcset=\"https:\/\/lasfuentesid.com\/wp-content\/uploads\/2021\/06\/AF_Musica_img1-1024x683.jpg 1024w, https:\/\/lasfuentesid.com\/wp-content\/uploads\/2021\/06\/AF_Musica_img1-300x200.jpg 300w, https:\/\/lasfuentesid.com\/wp-content\/uploads\/2021\/06\/AF_Musica_img1-768x512.jpg 768w, https:\/\/lasfuentesid.com\/wp-content\/uploads\/2021\/06\/AF_Musica_img1-1536x1024.jpg 1536w, https:\/\/lasfuentesid.com\/wp-content\/uploads\/2021\/06\/AF_Musica_img1-405x270.jpg 405w, https:\/\/lasfuentesid.com\/wp-content\/uploads\/2021\/06\/AF_Musica_img1-1320x880.jpg 1320w, https:\/\/lasfuentesid.com\/wp-content\/uploads\/2021\/06\/AF_Musica_img1.jpg 1920w\" sizes=\"(max-width: 1024px) 100vw, 1024px\" \/><\/figure><\/div>\n\n\n\n<h2 class=\"has-text-align-center wp-block-heading\">La alabanza<\/h2>\n\n\n\n<p><br>Para continuar dejaremos claro que la alabanza es una expresi\u00f3n que manifiesta la exaltaci\u00f3n a Dios.<\/p>\n\n\n\n<blockquote class=\"wp-block-quote is-layout-flow wp-block-quote-is-layout-flow\"><p>\u201cSea llena mi boca de tu alabanza, de tu gloria todo el d\u00eda\u201d.<\/p><cite>Salmo 71:8<\/cite><\/blockquote>\n\n\n\n<p><br>En la Biblia encontramos varios pasajes que nos hablan de la alabanza a Dios, pero espec\u00edficamente en unos nos habla de la alabanza con c\u00e1nticos, en esta ocasi\u00f3n nos enfocaremos en los siguientes vers\u00edculos.<\/p>\n\n\n\n<figure class=\"wp-block-table is-style-stripes\"><table class=\"has-fixed-layout\"><tbody><tr><td class=\"has-text-align-center\" data-align=\"center\">1 Cr\u00f3nicas 23:5<\/td><td>Este pasaje menciona que el rey David dijo que <strong><em>alabaran<\/em><\/strong> a Jehov\u00e1 con los <strong><em>instrumentos<\/em><\/strong>.<\/td><\/tr><tr><td class=\"has-text-align-center\" data-align=\"center\">2 Cr\u00f3nicas 23:13<\/td><td>Este pasaje nos dice que en la <strong><em>Casa de Jehov\u00e1<\/em><\/strong> estaban los pr\u00edncipes y las trompetas, sonaban bocinas y cantaban con instrumentos de m\u00fasica los que sab\u00edan alabar.<\/td><\/tr><tr><td class=\"has-text-align-center\" data-align=\"center\">Nehem\u00edas 12:46<\/td><td>Desde el tiempo del rey David hab\u00eda <strong><em>pr\u00edncipes cantores<\/em><\/strong>, c\u00e1nticos y alabanza a Dios.<\/td><\/tr><tr><td class=\"has-text-align-center\" data-align=\"center\">Salmo 40:3<\/td><td>\u201c<strong><em>Canci\u00f3n<\/em><\/strong> nueva, alabanza a nuestro Dios\u201d.<\/td><\/tr><tr><td class=\"has-text-align-center\" data-align=\"center\">Salmo 69:30<\/td><td>\u201cAlabar\u00e9 yo el nombre de Jehov\u00e1 con <strong><em>c\u00e1ntico<\/em><\/strong>\u201d.<\/td><\/tr><tr><td class=\"has-text-align-center\" data-align=\"center\">Salmo 106:12<\/td><td>\u201cCantaron su alabanza\u201d.<\/td><\/tr><\/tbody><\/table><\/figure>\n\n\n\n<p><br><br><br><\/p>\n\n\n\n<div class=\"wp-block-image\"><figure class=\"aligncenter size-large\"><img decoding=\"async\" width=\"1024\" height=\"681\" data-src=\"https:\/\/lasfuentesid.com\/wp-content\/uploads\/2021\/06\/AF_Musica_img3-1024x681.jpg\" alt=\"\" class=\"wp-image-4208 lazyload\" data-srcset=\"https:\/\/lasfuentesid.com\/wp-content\/uploads\/2021\/06\/AF_Musica_img3-1024x681.jpg 1024w, https:\/\/lasfuentesid.com\/wp-content\/uploads\/2021\/06\/AF_Musica_img3-300x200.jpg 300w, https:\/\/lasfuentesid.com\/wp-content\/uploads\/2021\/06\/AF_Musica_img3-768x511.jpg 768w, https:\/\/lasfuentesid.com\/wp-content\/uploads\/2021\/06\/AF_Musica_img3-1536x1022.jpg 1536w, https:\/\/lasfuentesid.com\/wp-content\/uploads\/2021\/06\/AF_Musica_img3-406x270.jpg 406w, https:\/\/lasfuentesid.com\/wp-content\/uploads\/2021\/06\/AF_Musica_img3-1320x878.jpg 1320w, https:\/\/lasfuentesid.com\/wp-content\/uploads\/2021\/06\/AF_Musica_img3.jpg 1920w\" data-sizes=\"(max-width: 1024px) 100vw, 1024px\" src=\"data:image\/svg+xml;base64,PHN2ZyB3aWR0aD0iMSIgaGVpZ2h0PSIxIiB4bWxucz0iaHR0cDovL3d3dy53My5vcmcvMjAwMC9zdmciPjwvc3ZnPg==\" style=\"--smush-placeholder-width: 1024px; --smush-placeholder-aspect-ratio: 1024\/681;\" \/><\/figure><\/div>\n\n\n\n<h2 class=\"has-text-align-center wp-block-heading\">Los c\u00e1nticos<\/h2>\n\n\n\n<p><br>Como vemos, la alabanza con c\u00e1nticos es importante para aclamar a Dios, exaltar su nombre y acompa\u00f1ada de instrumentos forman un conjunto musical, lo cual, seguimos practicando en la Iglesia de Dios. En especial, en el Culto de alabanza en el cual nos gozamos delante del Se\u00f1or.<\/p>\n\n\n\n<p>Es importante saber que cada canto, expresa la gloria de Dios la cual es inmensurable; existen cantos acordes para cada ocasi\u00f3n y as\u00ed como las letras nos hablan de diferentes tem\u00e1ticas, la melod\u00eda tiene que ir de acuerdo a la letra para poder expresar nuestro sentir. Para finalizar con esta lectura, te invito a leer el Salmo 150, el cual incita a todo aquel que respira a alabar a Dios.<\/p>\n\n\n\n<blockquote class=\"wp-block-quote is-layout-flow wp-block-quote-is-layout-flow\"><p>\u201cAlabad \u00e1 Dios en su santuario:<br>Alabadle en la extensi\u00f3n de su fortaleza.<br>Alabadle por sus proezas.<br>Alabadle conforme \u00e1 la muchedumbre de su grandeza.<br>Alabadle a son de bocina:<br>Alabadle con salterio y arpa.<br>Alabadle con adufe y flauta:<br>Alabadle con cuerdas y \u00f3rganos.<br>Alabadle con c\u00edmbalos resonantes:<br>Alabadle con c\u00edmbalos de j\u00fabilo.<br>Todo lo que respira alabe a JAH.\u201d<\/p><cite>Salmo 150<\/cite><\/blockquote>\n\n\n\n<p><br><\/p>\n\n\n\n<h4 class=\"has-text-align-right wp-block-heading\"><em><strong>Atentamente<\/strong><\/em>,<br><br>\u00c1rea de M\u00fasica<br>Fraternidad Juvenil<\/h4>\n\n\n\n<p><br><\/p>\n\n\n\n<div class=\"wp-block-image\"><figure class=\"aligncenter size-large is-resized\"><img decoding=\"async\" data-src=\"https:\/\/lasfuentesid.com\/wp-content\/uploads\/2020\/08\/3.png\" alt=\"\" class=\"wp-image-693 lazyload\" width=\"282\" height=\"282\" data-srcset=\"https:\/\/lasfuentesid.com\/wp-content\/uploads\/2020\/08\/3.png 500w, https:\/\/lasfuentesid.com\/wp-content\/uploads\/2020\/08\/3-300x300.png 300w, https:\/\/lasfuentesid.com\/wp-content\/uploads\/2020\/08\/3-150x150.png 150w, https:\/\/lasfuentesid.com\/wp-content\/uploads\/2020\/08\/3-270x270.png 270w\" data-sizes=\"(max-width: 282px) 100vw, 282px\" src=\"data:image\/svg+xml;base64,PHN2ZyB3aWR0aD0iMSIgaGVpZ2h0PSIxIiB4bWxucz0iaHR0cDovL3d3dy53My5vcmcvMjAwMC9zdmciPjwvc3ZnPg==\" style=\"--smush-placeholder-width: 282px; --smush-placeholder-aspect-ratio: 282\/282;\" \/><\/figure><\/div>\n\n\n\n<p><br><\/p>\n","protected":false},"excerpt":{"rendered":"<p>\u00bfSe ha preguntado de d\u00f3nde salieron los m\u00fasicos, cu\u00e1l es la importancia de ellos dentro de la Iglesia de Dios y que instrumentos tocan? En este art\u00edculo el \u00c1rea de M\u00fasica de la Fraternidad Juvenil responder\u00e1 estas y m\u00e1s preguntas.<\/p>\n","protected":false},"author":38,"featured_media":4209,"comment_status":"closed","ping_status":"closed","sticky":false,"template":"","format":"standard","meta":{"_monsterinsights_skip_tracking":false,"_monsterinsights_sitenote_active":false,"_monsterinsights_sitenote_note":"","_monsterinsights_sitenote_category":0,"footnotes":""},"categories":[98],"tags":[],"class_list":["post-4211","post","type-post","status-publish","format-standard","has-post-thumbnail","hentry","category-fraternidad-juvenil"],"yoast_head":"<!-- This site is optimized with the Yoast SEO plugin v25.6 - https:\/\/yoast.com\/wordpress\/plugins\/seo\/ -->\n<title>La importancia de la m\u00fasica - Las Fuentes ID<\/title>\n<meta name=\"description\" content=\"\u00bfSe ha preguntado de d\u00f3nde salieron los m\u00fasicos, cu\u00e1l es la importancia de ellos dentro de la Iglesia de Dios y que instrumentos tocan? En este art\u00edculo el \u00c1rea de M\u00fasica de la Fraternidad Juvenil responder\u00e1 estas y m\u00e1s preguntas.\" \/>\n<meta name=\"robots\" content=\"index, follow, max-snippet:-1, max-image-preview:large, max-video-preview:-1\" \/>\n<link rel=\"canonical\" href=\"https:\/\/lasfuentesid.com\/index.php\/2021\/06\/13\/importancia-de-la-musica\/\" \/>\n<meta property=\"og:locale\" content=\"es_ES\" \/>\n<meta property=\"og:type\" content=\"article\" \/>\n<meta property=\"og:title\" content=\"La importancia de la m\u00fasica - Las Fuentes ID\" \/>\n<meta property=\"og:description\" content=\"\u00bfSe ha preguntado de d\u00f3nde salieron los m\u00fasicos, cu\u00e1l es la importancia de ellos dentro de la Iglesia de Dios y que instrumentos tocan? En este art\u00edculo el \u00c1rea de M\u00fasica de la Fraternidad Juvenil responder\u00e1 estas y m\u00e1s preguntas.\" \/>\n<meta property=\"og:url\" content=\"https:\/\/lasfuentesid.com\/index.php\/2021\/06\/13\/importancia-de-la-musica\/\" \/>\n<meta property=\"og:site_name\" content=\"Las Fuentes ID\" \/>\n<meta property=\"article:published_time\" content=\"2021-06-13T00:01:10+00:00\" \/>\n<meta property=\"article:modified_time\" content=\"2021-06-13T00:03:16+00:00\" \/>\n<meta property=\"og:image\" content=\"https:\/\/lasfuentesid.com\/wp-content\/uploads\/2021\/06\/AF_Musica_mini.jpg\" \/>\n\t<meta property=\"og:image:width\" content=\"1920\" \/>\n\t<meta property=\"og:image:height\" content=\"1080\" \/>\n\t<meta property=\"og:image:type\" content=\"image\/jpeg\" \/>\n<meta name=\"author\" content=\"Hna. Esmeralda Verd\u00edn\" \/>\n<meta name=\"twitter:card\" content=\"summary_large_image\" \/>\n<meta name=\"twitter:label1\" content=\"Escrito por\" \/>\n\t<meta name=\"twitter:data1\" content=\"Hna. Esmeralda Verd\u00edn\" \/>\n\t<meta name=\"twitter:label2\" content=\"Tiempo de lectura\" \/>\n\t<meta name=\"twitter:data2\" content=\"4 minutos\" \/>\n<script type=\"application\/ld+json\" class=\"yoast-schema-graph\">{\"@context\":\"https:\/\/schema.org\",\"@graph\":[{\"@type\":\"Article\",\"@id\":\"https:\/\/lasfuentesid.com\/index.php\/2021\/06\/13\/importancia-de-la-musica\/#article\",\"isPartOf\":{\"@id\":\"https:\/\/lasfuentesid.com\/index.php\/2021\/06\/13\/importancia-de-la-musica\/\"},\"author\":{\"name\":\"Hna. Esmeralda Verd\u00edn\",\"@id\":\"https:\/\/lasfuentesid.com\/#\/schema\/person\/69beb18e54dd595d81e6f31e1be8ad31\"},\"headline\":\"La importancia de la m\u00fasica\",\"datePublished\":\"2021-06-13T00:01:10+00:00\",\"dateModified\":\"2021-06-13T00:03:16+00:00\",\"mainEntityOfPage\":{\"@id\":\"https:\/\/lasfuentesid.com\/index.php\/2021\/06\/13\/importancia-de-la-musica\/\"},\"wordCount\":751,\"publisher\":{\"@id\":\"https:\/\/lasfuentesid.com\/#organization\"},\"image\":{\"@id\":\"https:\/\/lasfuentesid.com\/index.php\/2021\/06\/13\/importancia-de-la-musica\/#primaryimage\"},\"thumbnailUrl\":\"https:\/\/lasfuentesid.com\/wp-content\/uploads\/2021\/06\/AF_Musica_mini.jpg\",\"articleSection\":[\"Fraternidad Juvenil\"],\"inLanguage\":\"es\"},{\"@type\":\"WebPage\",\"@id\":\"https:\/\/lasfuentesid.com\/index.php\/2021\/06\/13\/importancia-de-la-musica\/\",\"url\":\"https:\/\/lasfuentesid.com\/index.php\/2021\/06\/13\/importancia-de-la-musica\/\",\"name\":\"La importancia de la m\u00fasica - Las Fuentes ID\",\"isPartOf\":{\"@id\":\"https:\/\/lasfuentesid.com\/#website\"},\"primaryImageOfPage\":{\"@id\":\"https:\/\/lasfuentesid.com\/index.php\/2021\/06\/13\/importancia-de-la-musica\/#primaryimage\"},\"image\":{\"@id\":\"https:\/\/lasfuentesid.com\/index.php\/2021\/06\/13\/importancia-de-la-musica\/#primaryimage\"},\"thumbnailUrl\":\"https:\/\/lasfuentesid.com\/wp-content\/uploads\/2021\/06\/AF_Musica_mini.jpg\",\"datePublished\":\"2021-06-13T00:01:10+00:00\",\"dateModified\":\"2021-06-13T00:03:16+00:00\",\"description\":\"\u00bfSe ha preguntado de d\u00f3nde salieron los m\u00fasicos, cu\u00e1l es la importancia de ellos dentro de la Iglesia de Dios y que instrumentos tocan? En este art\u00edculo el \u00c1rea de M\u00fasica de la Fraternidad Juvenil responder\u00e1 estas y m\u00e1s preguntas.\",\"breadcrumb\":{\"@id\":\"https:\/\/lasfuentesid.com\/index.php\/2021\/06\/13\/importancia-de-la-musica\/#breadcrumb\"},\"inLanguage\":\"es\",\"potentialAction\":[{\"@type\":\"ReadAction\",\"target\":[\"https:\/\/lasfuentesid.com\/index.php\/2021\/06\/13\/importancia-de-la-musica\/\"]}]},{\"@type\":\"ImageObject\",\"inLanguage\":\"es\",\"@id\":\"https:\/\/lasfuentesid.com\/index.php\/2021\/06\/13\/importancia-de-la-musica\/#primaryimage\",\"url\":\"https:\/\/lasfuentesid.com\/wp-content\/uploads\/2021\/06\/AF_Musica_mini.jpg\",\"contentUrl\":\"https:\/\/lasfuentesid.com\/wp-content\/uploads\/2021\/06\/AF_Musica_mini.jpg\",\"width\":1920,\"height\":1080},{\"@type\":\"BreadcrumbList\",\"@id\":\"https:\/\/lasfuentesid.com\/index.php\/2021\/06\/13\/importancia-de-la-musica\/#breadcrumb\",\"itemListElement\":[{\"@type\":\"ListItem\",\"position\":1,\"name\":\"Portada\",\"item\":\"https:\/\/lasfuentesid.com\/\"},{\"@type\":\"ListItem\",\"position\":2,\"name\":\"La importancia de la m\u00fasica\"}]},{\"@type\":\"WebSite\",\"@id\":\"https:\/\/lasfuentesid.com\/#website\",\"url\":\"https:\/\/lasfuentesid.com\/\",\"name\":\"Iglesia de Dios Las Fuentes\",\"description\":\"Iglesia de Dios en Las Fuentes\",\"publisher\":{\"@id\":\"https:\/\/lasfuentesid.com\/#organization\"},\"potentialAction\":[{\"@type\":\"SearchAction\",\"target\":{\"@type\":\"EntryPoint\",\"urlTemplate\":\"https:\/\/lasfuentesid.com\/?s={search_term_string}\"},\"query-input\":{\"@type\":\"PropertyValueSpecification\",\"valueRequired\":true,\"valueName\":\"search_term_string\"}}],\"inLanguage\":\"es\"},{\"@type\":\"Organization\",\"@id\":\"https:\/\/lasfuentesid.com\/#organization\",\"name\":\"Iglesia de Dios en Las Fuentes\",\"url\":\"https:\/\/lasfuentesid.com\/\",\"logo\":{\"@type\":\"ImageObject\",\"inLanguage\":\"es\",\"@id\":\"https:\/\/lasfuentesid.com\/#\/schema\/logo\/image\/\",\"url\":\"\",\"contentUrl\":\"\",\"caption\":\"Iglesia de Dios en Las Fuentes\"},\"image\":{\"@id\":\"https:\/\/lasfuentesid.com\/#\/schema\/logo\/image\/\"},\"sameAs\":[\"https:\/\/www.youtube.com\/channel\/UCVMiqC-dmiK24eBW4B3_fow\"]},{\"@type\":\"Person\",\"@id\":\"https:\/\/lasfuentesid.com\/#\/schema\/person\/69beb18e54dd595d81e6f31e1be8ad31\",\"name\":\"Hna. Esmeralda Verd\u00edn\",\"url\":\"https:\/\/lasfuentesid.com\/index.php\/author\/esmeralda\/\"}]}<\/script>\n<!-- \/ Yoast SEO plugin. -->","yoast_head_json":{"title":"La importancia de la m\u00fasica - Las Fuentes ID","description":"\u00bfSe ha preguntado de d\u00f3nde salieron los m\u00fasicos, cu\u00e1l es la importancia de ellos dentro de la Iglesia de Dios y que instrumentos tocan? En este art\u00edculo el \u00c1rea de M\u00fasica de la Fraternidad Juvenil responder\u00e1 estas y m\u00e1s preguntas.","robots":{"index":"index","follow":"follow","max-snippet":"max-snippet:-1","max-image-preview":"max-image-preview:large","max-video-preview":"max-video-preview:-1"},"canonical":"https:\/\/lasfuentesid.com\/index.php\/2021\/06\/13\/importancia-de-la-musica\/","og_locale":"es_ES","og_type":"article","og_title":"La importancia de la m\u00fasica - Las Fuentes ID","og_description":"\u00bfSe ha preguntado de d\u00f3nde salieron los m\u00fasicos, cu\u00e1l es la importancia de ellos dentro de la Iglesia de Dios y que instrumentos tocan? En este art\u00edculo el \u00c1rea de M\u00fasica de la Fraternidad Juvenil responder\u00e1 estas y m\u00e1s preguntas.","og_url":"https:\/\/lasfuentesid.com\/index.php\/2021\/06\/13\/importancia-de-la-musica\/","og_site_name":"Las Fuentes ID","article_published_time":"2021-06-13T00:01:10+00:00","article_modified_time":"2021-06-13T00:03:16+00:00","og_image":[{"width":1920,"height":1080,"url":"https:\/\/lasfuentesid.com\/wp-content\/uploads\/2021\/06\/AF_Musica_mini.jpg","type":"image\/jpeg"}],"author":"Hna. Esmeralda Verd\u00edn","twitter_card":"summary_large_image","twitter_misc":{"Escrito por":"Hna. Esmeralda Verd\u00edn","Tiempo de lectura":"4 minutos"},"schema":{"@context":"https:\/\/schema.org","@graph":[{"@type":"Article","@id":"https:\/\/lasfuentesid.com\/index.php\/2021\/06\/13\/importancia-de-la-musica\/#article","isPartOf":{"@id":"https:\/\/lasfuentesid.com\/index.php\/2021\/06\/13\/importancia-de-la-musica\/"},"author":{"name":"Hna. Esmeralda Verd\u00edn","@id":"https:\/\/lasfuentesid.com\/#\/schema\/person\/69beb18e54dd595d81e6f31e1be8ad31"},"headline":"La importancia de la m\u00fasica","datePublished":"2021-06-13T00:01:10+00:00","dateModified":"2021-06-13T00:03:16+00:00","mainEntityOfPage":{"@id":"https:\/\/lasfuentesid.com\/index.php\/2021\/06\/13\/importancia-de-la-musica\/"},"wordCount":751,"publisher":{"@id":"https:\/\/lasfuentesid.com\/#organization"},"image":{"@id":"https:\/\/lasfuentesid.com\/index.php\/2021\/06\/13\/importancia-de-la-musica\/#primaryimage"},"thumbnailUrl":"https:\/\/lasfuentesid.com\/wp-content\/uploads\/2021\/06\/AF_Musica_mini.jpg","articleSection":["Fraternidad Juvenil"],"inLanguage":"es"},{"@type":"WebPage","@id":"https:\/\/lasfuentesid.com\/index.php\/2021\/06\/13\/importancia-de-la-musica\/","url":"https:\/\/lasfuentesid.com\/index.php\/2021\/06\/13\/importancia-de-la-musica\/","name":"La importancia de la m\u00fasica - Las Fuentes ID","isPartOf":{"@id":"https:\/\/lasfuentesid.com\/#website"},"primaryImageOfPage":{"@id":"https:\/\/lasfuentesid.com\/index.php\/2021\/06\/13\/importancia-de-la-musica\/#primaryimage"},"image":{"@id":"https:\/\/lasfuentesid.com\/index.php\/2021\/06\/13\/importancia-de-la-musica\/#primaryimage"},"thumbnailUrl":"https:\/\/lasfuentesid.com\/wp-content\/uploads\/2021\/06\/AF_Musica_mini.jpg","datePublished":"2021-06-13T00:01:10+00:00","dateModified":"2021-06-13T00:03:16+00:00","description":"\u00bfSe ha preguntado de d\u00f3nde salieron los m\u00fasicos, cu\u00e1l es la importancia de ellos dentro de la Iglesia de Dios y que instrumentos tocan? En este art\u00edculo el \u00c1rea de M\u00fasica de la Fraternidad Juvenil responder\u00e1 estas y m\u00e1s preguntas.","breadcrumb":{"@id":"https:\/\/lasfuentesid.com\/index.php\/2021\/06\/13\/importancia-de-la-musica\/#breadcrumb"},"inLanguage":"es","potentialAction":[{"@type":"ReadAction","target":["https:\/\/lasfuentesid.com\/index.php\/2021\/06\/13\/importancia-de-la-musica\/"]}]},{"@type":"ImageObject","inLanguage":"es","@id":"https:\/\/lasfuentesid.com\/index.php\/2021\/06\/13\/importancia-de-la-musica\/#primaryimage","url":"https:\/\/lasfuentesid.com\/wp-content\/uploads\/2021\/06\/AF_Musica_mini.jpg","contentUrl":"https:\/\/lasfuentesid.com\/wp-content\/uploads\/2021\/06\/AF_Musica_mini.jpg","width":1920,"height":1080},{"@type":"BreadcrumbList","@id":"https:\/\/lasfuentesid.com\/index.php\/2021\/06\/13\/importancia-de-la-musica\/#breadcrumb","itemListElement":[{"@type":"ListItem","position":1,"name":"Portada","item":"https:\/\/lasfuentesid.com\/"},{"@type":"ListItem","position":2,"name":"La importancia de la m\u00fasica"}]},{"@type":"WebSite","@id":"https:\/\/lasfuentesid.com\/#website","url":"https:\/\/lasfuentesid.com\/","name":"Iglesia de Dios Las Fuentes","description":"Iglesia de Dios en Las Fuentes","publisher":{"@id":"https:\/\/lasfuentesid.com\/#organization"},"potentialAction":[{"@type":"SearchAction","target":{"@type":"EntryPoint","urlTemplate":"https:\/\/lasfuentesid.com\/?s={search_term_string}"},"query-input":{"@type":"PropertyValueSpecification","valueRequired":true,"valueName":"search_term_string"}}],"inLanguage":"es"},{"@type":"Organization","@id":"https:\/\/lasfuentesid.com\/#organization","name":"Iglesia de Dios en Las Fuentes","url":"https:\/\/lasfuentesid.com\/","logo":{"@type":"ImageObject","inLanguage":"es","@id":"https:\/\/lasfuentesid.com\/#\/schema\/logo\/image\/","url":"","contentUrl":"","caption":"Iglesia de Dios en Las Fuentes"},"image":{"@id":"https:\/\/lasfuentesid.com\/#\/schema\/logo\/image\/"},"sameAs":["https:\/\/www.youtube.com\/channel\/UCVMiqC-dmiK24eBW4B3_fow"]},{"@type":"Person","@id":"https:\/\/lasfuentesid.com\/#\/schema\/person\/69beb18e54dd595d81e6f31e1be8ad31","name":"Hna. Esmeralda Verd\u00edn","url":"https:\/\/lasfuentesid.com\/index.php\/author\/esmeralda\/"}]}},"_links":{"self":[{"href":"https:\/\/lasfuentesid.com\/index.php\/wp-json\/wp\/v2\/posts\/4211","targetHints":{"allow":["GET"]}}],"collection":[{"href":"https:\/\/lasfuentesid.com\/index.php\/wp-json\/wp\/v2\/posts"}],"about":[{"href":"https:\/\/lasfuentesid.com\/index.php\/wp-json\/wp\/v2\/types\/post"}],"author":[{"embeddable":true,"href":"https:\/\/lasfuentesid.com\/index.php\/wp-json\/wp\/v2\/users\/38"}],"replies":[{"embeddable":true,"href":"https:\/\/lasfuentesid.com\/index.php\/wp-json\/wp\/v2\/comments?post=4211"}],"version-history":[{"count":7,"href":"https:\/\/lasfuentesid.com\/index.php\/wp-json\/wp\/v2\/posts\/4211\/revisions"}],"predecessor-version":[{"id":4279,"href":"https:\/\/lasfuentesid.com\/index.php\/wp-json\/wp\/v2\/posts\/4211\/revisions\/4279"}],"wp:featuredmedia":[{"embeddable":true,"href":"https:\/\/lasfuentesid.com\/index.php\/wp-json\/wp\/v2\/media\/4209"}],"wp:attachment":[{"href":"https:\/\/lasfuentesid.com\/index.php\/wp-json\/wp\/v2\/media?parent=4211"}],"wp:term":[{"taxonomy":"category","embeddable":true,"href":"https:\/\/lasfuentesid.com\/index.php\/wp-json\/wp\/v2\/categories?post=4211"},{"taxonomy":"post_tag","embeddable":true,"href":"https:\/\/lasfuentesid.com\/index.php\/wp-json\/wp\/v2\/tags?post=4211"}],"curies":[{"name":"wp","href":"https:\/\/api.w.org\/{rel}","templated":true}]}}