{"id":4109,"date":"2021-05-23T00:32:08","date_gmt":"2021-05-23T00:32:08","guid":{"rendered":"https:\/\/lasfuentesid.com\/?p=4109"},"modified":"2021-05-23T00:33:00","modified_gmt":"2021-05-23T00:33:00","slug":"infografia-de-recogimiento-israel","status":"publish","type":"post","link":"https:\/\/lasfuentesid.com\/index.php\/2021\/05\/23\/infografia-de-recogimiento-israel\/","title":{"rendered":"Infograf\u00eda de El recogimiento de Israel"},"content":{"rendered":"\n<p><br><\/p>\n\n\n\n<div class=\"wp-block-image\"><figure class=\"aligncenter size-large\"><img fetchpriority=\"high\" decoding=\"async\" width=\"410\" height=\"1024\" src=\"https:\/\/lasfuentesid.com\/wp-content\/uploads\/2021\/05\/Punto-de-Fe-No-29-410x1024.jpg\" alt=\"\" class=\"wp-image-4110\" srcset=\"https:\/\/lasfuentesid.com\/wp-content\/uploads\/2021\/05\/Punto-de-Fe-No-29-410x1024.jpg 410w, https:\/\/lasfuentesid.com\/wp-content\/uploads\/2021\/05\/Punto-de-Fe-No-29-120x300.jpg 120w, https:\/\/lasfuentesid.com\/wp-content\/uploads\/2021\/05\/Punto-de-Fe-No-29-108x270.jpg 108w, https:\/\/lasfuentesid.com\/wp-content\/uploads\/2021\/05\/Punto-de-Fe-No-29.jpg 512w\" sizes=\"(max-width: 410px) 100vw, 410px\" \/><\/figure><\/div>\n\n\n\n<p><br><\/p>\n","protected":false},"excerpt":{"rendered":"<p>Creemos que la profec\u00eda del retorno del pueblo de Israel a la tierra que Dios les dio est\u00e1 en proceso, y que es una de las se\u00f1ales de la ya pronta segunda venida de Cristo. La presente infograf\u00eda fue realizada por la Fraternidad Juvenil de la Iglesia de Dios en Las Fuentes.<\/p>\n","protected":false},"author":37,"featured_media":4112,"comment_status":"closed","ping_status":"closed","sticky":false,"template":"","format":"standard","meta":{"_monsterinsights_skip_tracking":false,"_monsterinsights_sitenote_active":false,"_monsterinsights_sitenote_note":"","_monsterinsights_sitenote_category":0,"footnotes":""},"categories":[98],"tags":[],"class_list":["post-4109","post","type-post","status-publish","format-standard","has-post-thumbnail","hentry","category-fraternidad-juvenil"],"yoast_head":"<!-- This site is optimized with the Yoast SEO plugin v25.6 - https:\/\/yoast.com\/wordpress\/plugins\/seo\/ -->\n<title>Infograf\u00eda de El recogimiento de Israel - Las Fuentes ID<\/title>\n<meta name=\"description\" content=\"Creemos que la profec\u00eda del retorno del pueblo de Israel a la tierra que Dios les dio est\u00e1 en proceso, y que es una de las se\u00f1ales de la ya pronta segunda venida de Cristo. La presente infograf\u00eda fue realizada por la Fraternidad Juvenil de la Iglesia de Dios en Las Fuentes.\" \/>\n<meta name=\"robots\" content=\"index, follow, max-snippet:-1, max-image-preview:large, max-video-preview:-1\" \/>\n<link rel=\"canonical\" href=\"https:\/\/lasfuentesid.com\/index.php\/2021\/05\/23\/infografia-de-recogimiento-israel\/\" \/>\n<meta property=\"og:locale\" content=\"es_ES\" \/>\n<meta property=\"og:type\" content=\"article\" \/>\n<meta property=\"og:title\" content=\"Infograf\u00eda de El recogimiento de Israel - Las Fuentes ID\" \/>\n<meta property=\"og:description\" content=\"Creemos que la profec\u00eda del retorno del pueblo de Israel a la tierra que Dios les dio est\u00e1 en proceso, y que es una de las se\u00f1ales de la ya pronta segunda venida de Cristo. La presente infograf\u00eda fue realizada por la Fraternidad Juvenil de la Iglesia de Dios en Las Fuentes.\" \/>\n<meta property=\"og:url\" content=\"https:\/\/lasfuentesid.com\/index.php\/2021\/05\/23\/infografia-de-recogimiento-israel\/\" \/>\n<meta property=\"og:site_name\" content=\"Las Fuentes ID\" \/>\n<meta property=\"article:published_time\" content=\"2021-05-23T00:32:08+00:00\" \/>\n<meta property=\"article:modified_time\" content=\"2021-05-23T00:33:00+00:00\" \/>\n<meta property=\"og:image\" content=\"https:\/\/lasfuentesid.com\/wp-content\/uploads\/2021\/05\/Israel_mini.jpg\" \/>\n\t<meta property=\"og:image:width\" content=\"1600\" \/>\n\t<meta property=\"og:image:height\" content=\"900\" \/>\n\t<meta property=\"og:image:type\" content=\"image\/jpeg\" \/>\n<meta name=\"author\" content=\"Hna. Jareth Arroyo\" \/>\n<meta name=\"twitter:card\" content=\"summary_large_image\" \/>\n<meta name=\"twitter:label1\" content=\"Escrito por\" \/>\n\t<meta name=\"twitter:data1\" content=\"Hna. Jareth Arroyo\" \/>\n\t<meta name=\"twitter:label2\" content=\"Tiempo de lectura\" \/>\n\t<meta name=\"twitter:data2\" content=\"1 minuto\" \/>\n<script type=\"application\/ld+json\" class=\"yoast-schema-graph\">{\"@context\":\"https:\/\/schema.org\",\"@graph\":[{\"@type\":\"Article\",\"@id\":\"https:\/\/lasfuentesid.com\/index.php\/2021\/05\/23\/infografia-de-recogimiento-israel\/#article\",\"isPartOf\":{\"@id\":\"https:\/\/lasfuentesid.com\/index.php\/2021\/05\/23\/infografia-de-recogimiento-israel\/\"},\"author\":{\"name\":\"Hna. Jareth Arroyo\",\"@id\":\"https:\/\/lasfuentesid.com\/#\/schema\/person\/6387daec54a61c4b6d8462b7e78c4bb7\"},\"headline\":\"Infograf\u00eda de El recogimiento de Israel\",\"datePublished\":\"2021-05-23T00:32:08+00:00\",\"dateModified\":\"2021-05-23T00:33:00+00:00\",\"mainEntityOfPage\":{\"@id\":\"https:\/\/lasfuentesid.com\/index.php\/2021\/05\/23\/infografia-de-recogimiento-israel\/\"},\"wordCount\":7,\"publisher\":{\"@id\":\"https:\/\/lasfuentesid.com\/#organization\"},\"image\":{\"@id\":\"https:\/\/lasfuentesid.com\/index.php\/2021\/05\/23\/infografia-de-recogimiento-israel\/#primaryimage\"},\"thumbnailUrl\":\"https:\/\/lasfuentesid.com\/wp-content\/uploads\/2021\/05\/Israel_mini.jpg\",\"articleSection\":[\"Fraternidad Juvenil\"],\"inLanguage\":\"es\"},{\"@type\":\"WebPage\",\"@id\":\"https:\/\/lasfuentesid.com\/index.php\/2021\/05\/23\/infografia-de-recogimiento-israel\/\",\"url\":\"https:\/\/lasfuentesid.com\/index.php\/2021\/05\/23\/infografia-de-recogimiento-israel\/\",\"name\":\"Infograf\u00eda de El recogimiento de Israel - Las Fuentes ID\",\"isPartOf\":{\"@id\":\"https:\/\/lasfuentesid.com\/#website\"},\"primaryImageOfPage\":{\"@id\":\"https:\/\/lasfuentesid.com\/index.php\/2021\/05\/23\/infografia-de-recogimiento-israel\/#primaryimage\"},\"image\":{\"@id\":\"https:\/\/lasfuentesid.com\/index.php\/2021\/05\/23\/infografia-de-recogimiento-israel\/#primaryimage\"},\"thumbnailUrl\":\"https:\/\/lasfuentesid.com\/wp-content\/uploads\/2021\/05\/Israel_mini.jpg\",\"datePublished\":\"2021-05-23T00:32:08+00:00\",\"dateModified\":\"2021-05-23T00:33:00+00:00\",\"description\":\"Creemos que la profec\u00eda del retorno del pueblo de Israel a la tierra que Dios les dio est\u00e1 en proceso, y que es una de las se\u00f1ales de la ya pronta segunda venida de Cristo. La presente infograf\u00eda fue realizada por la Fraternidad Juvenil de la Iglesia de Dios en Las Fuentes.\",\"breadcrumb\":{\"@id\":\"https:\/\/lasfuentesid.com\/index.php\/2021\/05\/23\/infografia-de-recogimiento-israel\/#breadcrumb\"},\"inLanguage\":\"es\",\"potentialAction\":[{\"@type\":\"ReadAction\",\"target\":[\"https:\/\/lasfuentesid.com\/index.php\/2021\/05\/23\/infografia-de-recogimiento-israel\/\"]}]},{\"@type\":\"ImageObject\",\"inLanguage\":\"es\",\"@id\":\"https:\/\/lasfuentesid.com\/index.php\/2021\/05\/23\/infografia-de-recogimiento-israel\/#primaryimage\",\"url\":\"https:\/\/lasfuentesid.com\/wp-content\/uploads\/2021\/05\/Israel_mini.jpg\",\"contentUrl\":\"https:\/\/lasfuentesid.com\/wp-content\/uploads\/2021\/05\/Israel_mini.jpg\",\"width\":1600,\"height\":900},{\"@type\":\"BreadcrumbList\",\"@id\":\"https:\/\/lasfuentesid.com\/index.php\/2021\/05\/23\/infografia-de-recogimiento-israel\/#breadcrumb\",\"itemListElement\":[{\"@type\":\"ListItem\",\"position\":1,\"name\":\"Portada\",\"item\":\"https:\/\/lasfuentesid.com\/\"},{\"@type\":\"ListItem\",\"position\":2,\"name\":\"Infograf\u00eda de El recogimiento de Israel\"}]},{\"@type\":\"WebSite\",\"@id\":\"https:\/\/lasfuentesid.com\/#website\",\"url\":\"https:\/\/lasfuentesid.com\/\",\"name\":\"Iglesia de Dios Las Fuentes\",\"description\":\"Iglesia de Dios en Las Fuentes\",\"publisher\":{\"@id\":\"https:\/\/lasfuentesid.com\/#organization\"},\"potentialAction\":[{\"@type\":\"SearchAction\",\"target\":{\"@type\":\"EntryPoint\",\"urlTemplate\":\"https:\/\/lasfuentesid.com\/?s={search_term_string}\"},\"query-input\":{\"@type\":\"PropertyValueSpecification\",\"valueRequired\":true,\"valueName\":\"search_term_string\"}}],\"inLanguage\":\"es\"},{\"@type\":\"Organization\",\"@id\":\"https:\/\/lasfuentesid.com\/#organization\",\"name\":\"Iglesia de Dios en Las Fuentes\",\"url\":\"https:\/\/lasfuentesid.com\/\",\"logo\":{\"@type\":\"ImageObject\",\"inLanguage\":\"es\",\"@id\":\"https:\/\/lasfuentesid.com\/#\/schema\/logo\/image\/\",\"url\":\"\",\"contentUrl\":\"\",\"caption\":\"Iglesia de Dios en Las Fuentes\"},\"image\":{\"@id\":\"https:\/\/lasfuentesid.com\/#\/schema\/logo\/image\/\"},\"sameAs\":[\"https:\/\/www.youtube.com\/channel\/UCVMiqC-dmiK24eBW4B3_fow\"]},{\"@type\":\"Person\",\"@id\":\"https:\/\/lasfuentesid.com\/#\/schema\/person\/6387daec54a61c4b6d8462b7e78c4bb7\",\"name\":\"Hna. Jareth Arroyo\",\"url\":\"https:\/\/lasfuentesid.com\/index.php\/author\/jareth\/\"}]}<\/script>\n<!-- \/ Yoast SEO plugin. -->","yoast_head_json":{"title":"Infograf\u00eda de El recogimiento de Israel - Las Fuentes ID","description":"Creemos que la profec\u00eda del retorno del pueblo de Israel a la tierra que Dios les dio est\u00e1 en proceso, y que es una de las se\u00f1ales de la ya pronta segunda venida de Cristo. La presente infograf\u00eda fue realizada por la Fraternidad Juvenil de la Iglesia de Dios en Las Fuentes.","robots":{"index":"index","follow":"follow","max-snippet":"max-snippet:-1","max-image-preview":"max-image-preview:large","max-video-preview":"max-video-preview:-1"},"canonical":"https:\/\/lasfuentesid.com\/index.php\/2021\/05\/23\/infografia-de-recogimiento-israel\/","og_locale":"es_ES","og_type":"article","og_title":"Infograf\u00eda de El recogimiento de Israel - Las Fuentes ID","og_description":"Creemos que la profec\u00eda del retorno del pueblo de Israel a la tierra que Dios les dio est\u00e1 en proceso, y que es una de las se\u00f1ales de la ya pronta segunda venida de Cristo. La presente infograf\u00eda fue realizada por la Fraternidad Juvenil de la Iglesia de Dios en Las Fuentes.","og_url":"https:\/\/lasfuentesid.com\/index.php\/2021\/05\/23\/infografia-de-recogimiento-israel\/","og_site_name":"Las Fuentes ID","article_published_time":"2021-05-23T00:32:08+00:00","article_modified_time":"2021-05-23T00:33:00+00:00","og_image":[{"width":1600,"height":900,"url":"https:\/\/lasfuentesid.com\/wp-content\/uploads\/2021\/05\/Israel_mini.jpg","type":"image\/jpeg"}],"author":"Hna. Jareth Arroyo","twitter_card":"summary_large_image","twitter_misc":{"Escrito por":"Hna. Jareth Arroyo","Tiempo de lectura":"1 minuto"},"schema":{"@context":"https:\/\/schema.org","@graph":[{"@type":"Article","@id":"https:\/\/lasfuentesid.com\/index.php\/2021\/05\/23\/infografia-de-recogimiento-israel\/#article","isPartOf":{"@id":"https:\/\/lasfuentesid.com\/index.php\/2021\/05\/23\/infografia-de-recogimiento-israel\/"},"author":{"name":"Hna. Jareth Arroyo","@id":"https:\/\/lasfuentesid.com\/#\/schema\/person\/6387daec54a61c4b6d8462b7e78c4bb7"},"headline":"Infograf\u00eda de El recogimiento de Israel","datePublished":"2021-05-23T00:32:08+00:00","dateModified":"2021-05-23T00:33:00+00:00","mainEntityOfPage":{"@id":"https:\/\/lasfuentesid.com\/index.php\/2021\/05\/23\/infografia-de-recogimiento-israel\/"},"wordCount":7,"publisher":{"@id":"https:\/\/lasfuentesid.com\/#organization"},"image":{"@id":"https:\/\/lasfuentesid.com\/index.php\/2021\/05\/23\/infografia-de-recogimiento-israel\/#primaryimage"},"thumbnailUrl":"https:\/\/lasfuentesid.com\/wp-content\/uploads\/2021\/05\/Israel_mini.jpg","articleSection":["Fraternidad Juvenil"],"inLanguage":"es"},{"@type":"WebPage","@id":"https:\/\/lasfuentesid.com\/index.php\/2021\/05\/23\/infografia-de-recogimiento-israel\/","url":"https:\/\/lasfuentesid.com\/index.php\/2021\/05\/23\/infografia-de-recogimiento-israel\/","name":"Infograf\u00eda de El recogimiento de Israel - Las Fuentes ID","isPartOf":{"@id":"https:\/\/lasfuentesid.com\/#website"},"primaryImageOfPage":{"@id":"https:\/\/lasfuentesid.com\/index.php\/2021\/05\/23\/infografia-de-recogimiento-israel\/#primaryimage"},"image":{"@id":"https:\/\/lasfuentesid.com\/index.php\/2021\/05\/23\/infografia-de-recogimiento-israel\/#primaryimage"},"thumbnailUrl":"https:\/\/lasfuentesid.com\/wp-content\/uploads\/2021\/05\/Israel_mini.jpg","datePublished":"2021-05-23T00:32:08+00:00","dateModified":"2021-05-23T00:33:00+00:00","description":"Creemos que la profec\u00eda del retorno del pueblo de Israel a la tierra que Dios les dio est\u00e1 en proceso, y que es una de las se\u00f1ales de la ya pronta segunda venida de Cristo. La presente infograf\u00eda fue realizada por la Fraternidad Juvenil de la Iglesia de Dios en Las Fuentes.","breadcrumb":{"@id":"https:\/\/lasfuentesid.com\/index.php\/2021\/05\/23\/infografia-de-recogimiento-israel\/#breadcrumb"},"inLanguage":"es","potentialAction":[{"@type":"ReadAction","target":["https:\/\/lasfuentesid.com\/index.php\/2021\/05\/23\/infografia-de-recogimiento-israel\/"]}]},{"@type":"ImageObject","inLanguage":"es","@id":"https:\/\/lasfuentesid.com\/index.php\/2021\/05\/23\/infografia-de-recogimiento-israel\/#primaryimage","url":"https:\/\/lasfuentesid.com\/wp-content\/uploads\/2021\/05\/Israel_mini.jpg","contentUrl":"https:\/\/lasfuentesid.com\/wp-content\/uploads\/2021\/05\/Israel_mini.jpg","width":1600,"height":900},{"@type":"BreadcrumbList","@id":"https:\/\/lasfuentesid.com\/index.php\/2021\/05\/23\/infografia-de-recogimiento-israel\/#breadcrumb","itemListElement":[{"@type":"ListItem","position":1,"name":"Portada","item":"https:\/\/lasfuentesid.com\/"},{"@type":"ListItem","position":2,"name":"Infograf\u00eda de El recogimiento de Israel"}]},{"@type":"WebSite","@id":"https:\/\/lasfuentesid.com\/#website","url":"https:\/\/lasfuentesid.com\/","name":"Iglesia de Dios Las Fuentes","description":"Iglesia de Dios en Las Fuentes","publisher":{"@id":"https:\/\/lasfuentesid.com\/#organization"},"potentialAction":[{"@type":"SearchAction","target":{"@type":"EntryPoint","urlTemplate":"https:\/\/lasfuentesid.com\/?s={search_term_string}"},"query-input":{"@type":"PropertyValueSpecification","valueRequired":true,"valueName":"search_term_string"}}],"inLanguage":"es"},{"@type":"Organization","@id":"https:\/\/lasfuentesid.com\/#organization","name":"Iglesia de Dios en Las Fuentes","url":"https:\/\/lasfuentesid.com\/","logo":{"@type":"ImageObject","inLanguage":"es","@id":"https:\/\/lasfuentesid.com\/#\/schema\/logo\/image\/","url":"","contentUrl":"","caption":"Iglesia de Dios en Las Fuentes"},"image":{"@id":"https:\/\/lasfuentesid.com\/#\/schema\/logo\/image\/"},"sameAs":["https:\/\/www.youtube.com\/channel\/UCVMiqC-dmiK24eBW4B3_fow"]},{"@type":"Person","@id":"https:\/\/lasfuentesid.com\/#\/schema\/person\/6387daec54a61c4b6d8462b7e78c4bb7","name":"Hna. Jareth Arroyo","url":"https:\/\/lasfuentesid.com\/index.php\/author\/jareth\/"}]}},"_links":{"self":[{"href":"https:\/\/lasfuentesid.com\/index.php\/wp-json\/wp\/v2\/posts\/4109","targetHints":{"allow":["GET"]}}],"collection":[{"href":"https:\/\/lasfuentesid.com\/index.php\/wp-json\/wp\/v2\/posts"}],"about":[{"href":"https:\/\/lasfuentesid.com\/index.php\/wp-json\/wp\/v2\/types\/post"}],"author":[{"embeddable":true,"href":"https:\/\/lasfuentesid.com\/index.php\/wp-json\/wp\/v2\/users\/37"}],"replies":[{"embeddable":true,"href":"https:\/\/lasfuentesid.com\/index.php\/wp-json\/wp\/v2\/comments?post=4109"}],"version-history":[{"count":3,"href":"https:\/\/lasfuentesid.com\/index.php\/wp-json\/wp\/v2\/posts\/4109\/revisions"}],"predecessor-version":[{"id":4114,"href":"https:\/\/lasfuentesid.com\/index.php\/wp-json\/wp\/v2\/posts\/4109\/revisions\/4114"}],"wp:featuredmedia":[{"embeddable":true,"href":"https:\/\/lasfuentesid.com\/index.php\/wp-json\/wp\/v2\/media\/4112"}],"wp:attachment":[{"href":"https:\/\/lasfuentesid.com\/index.php\/wp-json\/wp\/v2\/media?parent=4109"}],"wp:term":[{"taxonomy":"category","embeddable":true,"href":"https:\/\/lasfuentesid.com\/index.php\/wp-json\/wp\/v2\/categories?post=4109"},{"taxonomy":"post_tag","embeddable":true,"href":"https:\/\/lasfuentesid.com\/index.php\/wp-json\/wp\/v2\/tags?post=4109"}],"curies":[{"name":"wp","href":"https:\/\/api.w.org\/{rel}","templated":true}]}}