{"id":3877,"date":"2021-04-26T19:39:37","date_gmt":"2021-04-26T19:39:37","guid":{"rendered":"https:\/\/lasfuentesid.com\/?p=3877"},"modified":"2021-04-26T19:39:39","modified_gmt":"2021-04-26T19:39:39","slug":"presentacion-materia-evangelismo","status":"publish","type":"post","link":"https:\/\/lasfuentesid.com\/index.php\/2021\/04\/26\/presentacion-materia-evangelismo\/","title":{"rendered":"Presentaci\u00f3n de la materia de Evangelismo"},"content":{"rendered":"\n<p>Para comenzar con esta lectura, lo haremos con la siguiente pregunta, \u00bfes nuestra obligaci\u00f3n invitar a nuestros semejantes que se alleguen a la verdad? Ahora bien, examinemos el siguiente pasaje del Evangelio seg\u00fan el ap\u00f3stol Juan.<\/p>\n\n\n\n<blockquote class=\"wp-block-quote is-layout-flow wp-block-quote-is-layout-flow\"><p>\u201cNinguno puede venir a m\u00ed, si el Padre que me envi\u00f3 no le trajere; y yo le resucitar\u00e9 en el d\u00eda postrero.\u201d <\/p><cite>Juan 6:44<\/cite><\/blockquote>\n\n\n\n<p><br>\u00bfAcaso tendremos que dejar la responsabilidad de ganar almas para Cristo en las manos de Dios, nuestro Padre? Para dar contestaci\u00f3n a esta pregunta, los invito a reflexionar en las siguientes palabras de nuestro Se\u00f1or Jesucristo.<\/p>\n\n\n\n<blockquote class=\"wp-block-quote is-layout-flow wp-block-quote-is-layout-flow\"><p>\u201cHe aqu\u00ed, yo estoy a la puerta y llamo; si alguno oye mi voz y abre la puerta, entrar\u00e9 a \u00e9l, y cenar\u00e9 con \u00e9l, y \u00e9l conmigo.\u201d <\/p><cite>Apocalipsis 3:20<\/cite><\/blockquote>\n\n\n\n<p><br>Describe que Cristo llama a la puerta, y nosotros voluntariamente debemos abrirla e invitarlo a que tome lugar en nuestras vidas. No obstante, nosotros c\u00f3mo podemos advertir a los dem\u00e1s sobre la salvaci\u00f3n de sus almas, o quiz\u00e1s, \u00bfhabr\u00e1 personas que est\u00e9n predestinadas a salvarse y muchas otras m\u00e1s a perderse? <\/p>\n\n\n\n<p>Pues el mismo Jes\u00fas, antes de ascender al cielo y sentarse a la diestra de Dios, les dio la siguiente comisi\u00f3n a sus ap\u00f3stoles:<\/p>\n\n\n\n<blockquote class=\"wp-block-quote is-layout-flow wp-block-quote-is-layout-flow\"><p>\u201cId por todo el mundo y predicad el evangelio a toda criatura.\u201d <\/p><cite>Marcos 16:15<\/cite><\/blockquote>\n\n\n\n<p><br>Entonces cual ser\u00eda el prop\u00f3sito de predicar las <strong><em>Buenas Nuevas de Salvaci\u00f3n<\/em><\/strong>, si nosotros no podemos hacer nada para invitar a otros a servir a Dios, qu\u00e9 beneficio se obtendr\u00eda de predicar a quienes est\u00e1n predestinados a ser salvos.<\/p>\n\n\n\n<p>Ciertamente al compartir con nuestro pr\u00f3jimo el mensaje de que Dios nos ama, conlleva una obligaci\u00f3n no solo de ense\u00f1ar la Doctrina de nuestro Se\u00f1or Jesucristo, tambi\u00e9n requiere encaminarlo y esforzarlo para bien. <\/p>\n\n\n\n<p>Es verdad, que una predicaci\u00f3n no tendr\u00e1 resultados favorables, a menos que Dios atraiga a quienes deben ser salvos, a menos que Jes\u00fas haya hecho posible que estos puedan llegar al Padre por medio de \u00c9l, a menos que el Esp\u00edritu Santo haya obrado en ellos, otorg\u00e1ndoles la oportunidad de ser llamados Hijos de Dios.<\/p>\n\n\n\n<blockquote class=\"wp-block-quote is-layout-flow wp-block-quote-is-layout-flow\"><p>\u201cConociendo, pues, el temor del Se\u00f1or, persuadimos a los hombres; pero a Dios le es manifiesto lo que somos; y espero que tambi\u00e9n lo sea a vuestras conciencias.\u201d <\/p><cite>2 Corintios 5:11<\/cite><\/blockquote>\n\n\n\n<p><br>Si Dios hace la obra de atraer a las personas al conocimiento y de a\u00f1adir cada d\u00eda a su Iglesia quienes deben ser salvos, \u00bfpor qu\u00e9 el ap\u00f3stol Pablo tuvo que persuadirlos? <\/p>\n\n\n\n<p>Gracias a Dios que ha inspirado hombres para persuadir a los dem\u00e1s, de la necesidad que tenemos de \u00c9l y para ense\u00f1arnos a caminar en esta vida haciendo su voluntad. <\/p>\n\n\n\n<p>Por consiguiente, nosotros debemos tener un inter\u00e9s hacia nuestros semejantes, y un deseo de expresarles la necesidad que tienen de un Salvador.<\/p>\n\n\n\n<blockquote class=\"wp-block-quote is-layout-flow wp-block-quote-is-layout-flow\"><p>\u201cEstas cosas os he escrito a vosotros que cre\u00e9is en el nombre del Hijo de Dios, para que sep\u00e1is que ten\u00e9is vida eterna, y para que cre\u00e1is en el nombre del Hijo de Dios.\u201d <\/p><cite>1 Juan 5:13<\/cite><\/blockquote>\n\n\n\n<p><br><\/p>\n\n\n\n<div class=\"wp-block-image\"><figure class=\"aligncenter size-large\"><img fetchpriority=\"high\" decoding=\"async\" width=\"584\" height=\"389\" src=\"https:\/\/lasfuentesid.com\/wp-content\/uploads\/2021\/04\/Evangelismo_img1.jpg\" alt=\"\" class=\"wp-image-3881\" srcset=\"https:\/\/lasfuentesid.com\/wp-content\/uploads\/2021\/04\/Evangelismo_img1.jpg 584w, https:\/\/lasfuentesid.com\/wp-content\/uploads\/2021\/04\/Evangelismo_img1-300x200.jpg 300w, https:\/\/lasfuentesid.com\/wp-content\/uploads\/2021\/04\/Evangelismo_img1-405x270.jpg 405w\" sizes=\"(max-width: 584px) 100vw, 584px\" \/><\/figure><\/div>\n\n\n\n<p><br>El plan de estudio de la Fraternidad Juvenil contempla una materia bajo el nombre de Evangelismo, con la finalidad de inducir a los j\u00f3venes al uso de las herramientas necesarias para traer nuevas almas al conocimiento de la verdad. <\/p>\n\n\n\n<p>El instructor de esta materia es nuestro hermano Benjam\u00edn S\u00e1nchez, y a continuaci\u00f3n, se enlistan algunos de los temas presentados en esta unidad de aprendizaje:<\/p>\n\n\n\n<blockquote class=\"wp-block-quote is-layout-flow wp-block-quote-is-layout-flow\"><p>Aspectos importantes del Evangelismo.<br>Identificando a un posible prospecto para el Evangelismo.<br>\u00bfCon que temas iniciamos el Evangelismo?<br>Dificultades en el proceso del Evangelismo.<\/p><\/blockquote>\n\n\n\n<p><br>El deseo del Ministerio de la Iglesia de Dios en Las Fuentes es seguir predicando, solicitando a las personas que entreguen sus vidas a Dios, usando el pulpito y tambi\u00e9n las entradas de esta p\u00e1gina web, para llevar el mensaje del Salvador, quien nos am\u00f3 lo suficiente como para entregar su vida, para que todo aquel que cree en \u00c9l, no se pierda, sino que tenga vida eterna.<\/p>\n\n\n\n<blockquote class=\"wp-block-quote is-layout-flow wp-block-quote-is-layout-flow\"><p>\u201cMas \u00bfqu\u00e9 dice? Cerca de ti est\u00e1 la palabra, en tu boca y en tu coraz\u00f3n. Esta es la palabra de fe que predicamos: que si confesares con tu boca que Jes\u00fas es el Se\u00f1or, y creyeres en tu coraz\u00f3n que Dios le levant\u00f3 de los muertos, ser\u00e1s salvo. Porque con el coraz\u00f3n se cree para justicia, pero con la boca se confiesa para salvaci\u00f3n. Pues la Escritura dice: Todo aquel que en \u00e9l creyere, no ser\u00e1 avergonzado. Porque no hay diferencia entre jud\u00edo y griego, pues el mismo que es Se\u00f1or de todos, es rico para con todos los que le invocan; porque todo aquel que invocare el nombre del Se\u00f1or, ser\u00e1 salvo.\u201d <\/p><cite>Romanos 10:8-13<\/cite><\/blockquote>\n\n\n\n<p><br><\/p>\n\n\n\n<div class=\"wp-block-image\"><figure class=\"aligncenter size-large is-resized\"><img decoding=\"async\" data-src=\"https:\/\/lasfuentesid.com\/wp-content\/uploads\/2020\/08\/3.png\" alt=\"\" class=\"wp-image-693 lazyload\" width=\"326\" height=\"326\" data-srcset=\"https:\/\/lasfuentesid.com\/wp-content\/uploads\/2020\/08\/3.png 500w, https:\/\/lasfuentesid.com\/wp-content\/uploads\/2020\/08\/3-300x300.png 300w, https:\/\/lasfuentesid.com\/wp-content\/uploads\/2020\/08\/3-150x150.png 150w, https:\/\/lasfuentesid.com\/wp-content\/uploads\/2020\/08\/3-270x270.png 270w\" data-sizes=\"(max-width: 326px) 100vw, 326px\" src=\"data:image\/svg+xml;base64,PHN2ZyB3aWR0aD0iMSIgaGVpZ2h0PSIxIiB4bWxucz0iaHR0cDovL3d3dy53My5vcmcvMjAwMC9zdmciPjwvc3ZnPg==\" style=\"--smush-placeholder-width: 326px; --smush-placeholder-aspect-ratio: 326\/326;\" \/><\/figure><\/div>\n\n\n\n<p><br><\/p>\n","protected":false},"excerpt":{"rendered":"<p>Cristo llama a la puerta, y nosotros voluntariamente debemos abrirla e invitarlo a que tome lugar en nuestras vidas. No obstante, nosotros c\u00f3mo podemos advertir a los dem\u00e1s sobre la salvaci\u00f3n de sus almas, o quiz\u00e1s, \u00bfhabr\u00e1 personas que est\u00e9n predestinadas a salvarse y muchas otras m\u00e1s a perderse?<\/p>\n","protected":false},"author":11,"featured_media":3879,"comment_status":"closed","ping_status":"closed","sticky":false,"template":"","format":"standard","meta":{"_monsterinsights_skip_tracking":false,"_monsterinsights_sitenote_active":false,"_monsterinsights_sitenote_note":"","_monsterinsights_sitenote_category":0,"footnotes":""},"categories":[98],"tags":[],"class_list":["post-3877","post","type-post","status-publish","format-standard","has-post-thumbnail","hentry","category-fraternidad-juvenil"],"yoast_head":"<!-- This site is optimized with the Yoast SEO plugin v25.6 - https:\/\/yoast.com\/wordpress\/plugins\/seo\/ -->\n<title>Presentaci\u00f3n de la materia de Evangelismo - Las Fuentes ID<\/title>\n<meta name=\"description\" content=\"Cristo llama a la puerta, y nosotros voluntariamente debemos abrirla e invitarlo a que tome lugar en nuestras vidas. No obstante, nosotros c\u00f3mo podemos advertir a los dem\u00e1s sobre la salvaci\u00f3n de sus almas, o quiz\u00e1s, \u00bfhabr\u00e1 personas que est\u00e9n predestinadas a salvarse y muchas otras m\u00e1s a perderse?\" \/>\n<meta name=\"robots\" content=\"index, follow, max-snippet:-1, max-image-preview:large, max-video-preview:-1\" \/>\n<link rel=\"canonical\" href=\"https:\/\/lasfuentesid.com\/index.php\/2021\/04\/26\/presentacion-materia-evangelismo\/\" \/>\n<meta property=\"og:locale\" content=\"es_ES\" \/>\n<meta property=\"og:type\" content=\"article\" \/>\n<meta property=\"og:title\" content=\"Presentaci\u00f3n de la materia de Evangelismo - Las Fuentes ID\" \/>\n<meta property=\"og:description\" content=\"Cristo llama a la puerta, y nosotros voluntariamente debemos abrirla e invitarlo a que tome lugar en nuestras vidas. No obstante, nosotros c\u00f3mo podemos advertir a los dem\u00e1s sobre la salvaci\u00f3n de sus almas, o quiz\u00e1s, \u00bfhabr\u00e1 personas que est\u00e9n predestinadas a salvarse y muchas otras m\u00e1s a perderse?\" \/>\n<meta property=\"og:url\" content=\"https:\/\/lasfuentesid.com\/index.php\/2021\/04\/26\/presentacion-materia-evangelismo\/\" \/>\n<meta property=\"og:site_name\" content=\"Las Fuentes ID\" \/>\n<meta property=\"article:published_time\" content=\"2021-04-26T19:39:37+00:00\" \/>\n<meta property=\"article:modified_time\" content=\"2021-04-26T19:39:39+00:00\" \/>\n<meta property=\"og:image\" content=\"https:\/\/lasfuentesid.com\/wp-content\/uploads\/2021\/04\/Evangelismo_mini.jpg\" \/>\n\t<meta property=\"og:image:width\" content=\"840\" \/>\n\t<meta property=\"og:image:height\" content=\"500\" \/>\n\t<meta property=\"og:image:type\" content=\"image\/jpeg\" \/>\n<meta name=\"author\" content=\"Hno. Efra\u00edn Lira\" \/>\n<meta name=\"twitter:card\" content=\"summary_large_image\" \/>\n<meta name=\"twitter:label1\" content=\"Escrito por\" \/>\n\t<meta name=\"twitter:data1\" content=\"Hno. Efra\u00edn Lira\" \/>\n\t<meta name=\"twitter:label2\" content=\"Tiempo de lectura\" \/>\n\t<meta name=\"twitter:data2\" content=\"4 minutos\" \/>\n<script type=\"application\/ld+json\" class=\"yoast-schema-graph\">{\"@context\":\"https:\/\/schema.org\",\"@graph\":[{\"@type\":\"Article\",\"@id\":\"https:\/\/lasfuentesid.com\/index.php\/2021\/04\/26\/presentacion-materia-evangelismo\/#article\",\"isPartOf\":{\"@id\":\"https:\/\/lasfuentesid.com\/index.php\/2021\/04\/26\/presentacion-materia-evangelismo\/\"},\"author\":{\"name\":\"Hno. Efra\u00edn Lira\",\"@id\":\"https:\/\/lasfuentesid.com\/#\/schema\/person\/21b28c53818cffa72b0e27d989f0bca9\"},\"headline\":\"Presentaci\u00f3n de la materia de Evangelismo\",\"datePublished\":\"2021-04-26T19:39:37+00:00\",\"dateModified\":\"2021-04-26T19:39:39+00:00\",\"mainEntityOfPage\":{\"@id\":\"https:\/\/lasfuentesid.com\/index.php\/2021\/04\/26\/presentacion-materia-evangelismo\/\"},\"wordCount\":823,\"publisher\":{\"@id\":\"https:\/\/lasfuentesid.com\/#organization\"},\"image\":{\"@id\":\"https:\/\/lasfuentesid.com\/index.php\/2021\/04\/26\/presentacion-materia-evangelismo\/#primaryimage\"},\"thumbnailUrl\":\"https:\/\/lasfuentesid.com\/wp-content\/uploads\/2021\/04\/Evangelismo_mini.jpg\",\"articleSection\":[\"Fraternidad Juvenil\"],\"inLanguage\":\"es\"},{\"@type\":\"WebPage\",\"@id\":\"https:\/\/lasfuentesid.com\/index.php\/2021\/04\/26\/presentacion-materia-evangelismo\/\",\"url\":\"https:\/\/lasfuentesid.com\/index.php\/2021\/04\/26\/presentacion-materia-evangelismo\/\",\"name\":\"Presentaci\u00f3n de la materia de Evangelismo - Las Fuentes ID\",\"isPartOf\":{\"@id\":\"https:\/\/lasfuentesid.com\/#website\"},\"primaryImageOfPage\":{\"@id\":\"https:\/\/lasfuentesid.com\/index.php\/2021\/04\/26\/presentacion-materia-evangelismo\/#primaryimage\"},\"image\":{\"@id\":\"https:\/\/lasfuentesid.com\/index.php\/2021\/04\/26\/presentacion-materia-evangelismo\/#primaryimage\"},\"thumbnailUrl\":\"https:\/\/lasfuentesid.com\/wp-content\/uploads\/2021\/04\/Evangelismo_mini.jpg\",\"datePublished\":\"2021-04-26T19:39:37+00:00\",\"dateModified\":\"2021-04-26T19:39:39+00:00\",\"description\":\"Cristo llama a la puerta, y nosotros voluntariamente debemos abrirla e invitarlo a que tome lugar en nuestras vidas. No obstante, nosotros c\u00f3mo podemos advertir a los dem\u00e1s sobre la salvaci\u00f3n de sus almas, o quiz\u00e1s, \u00bfhabr\u00e1 personas que est\u00e9n predestinadas a salvarse y muchas otras m\u00e1s a perderse?\",\"breadcrumb\":{\"@id\":\"https:\/\/lasfuentesid.com\/index.php\/2021\/04\/26\/presentacion-materia-evangelismo\/#breadcrumb\"},\"inLanguage\":\"es\",\"potentialAction\":[{\"@type\":\"ReadAction\",\"target\":[\"https:\/\/lasfuentesid.com\/index.php\/2021\/04\/26\/presentacion-materia-evangelismo\/\"]}]},{\"@type\":\"ImageObject\",\"inLanguage\":\"es\",\"@id\":\"https:\/\/lasfuentesid.com\/index.php\/2021\/04\/26\/presentacion-materia-evangelismo\/#primaryimage\",\"url\":\"https:\/\/lasfuentesid.com\/wp-content\/uploads\/2021\/04\/Evangelismo_mini.jpg\",\"contentUrl\":\"https:\/\/lasfuentesid.com\/wp-content\/uploads\/2021\/04\/Evangelismo_mini.jpg\",\"width\":840,\"height\":500},{\"@type\":\"BreadcrumbList\",\"@id\":\"https:\/\/lasfuentesid.com\/index.php\/2021\/04\/26\/presentacion-materia-evangelismo\/#breadcrumb\",\"itemListElement\":[{\"@type\":\"ListItem\",\"position\":1,\"name\":\"Portada\",\"item\":\"https:\/\/lasfuentesid.com\/\"},{\"@type\":\"ListItem\",\"position\":2,\"name\":\"Presentaci\u00f3n de la materia de Evangelismo\"}]},{\"@type\":\"WebSite\",\"@id\":\"https:\/\/lasfuentesid.com\/#website\",\"url\":\"https:\/\/lasfuentesid.com\/\",\"name\":\"Iglesia de Dios Las Fuentes\",\"description\":\"Iglesia de Dios en Las Fuentes\",\"publisher\":{\"@id\":\"https:\/\/lasfuentesid.com\/#organization\"},\"potentialAction\":[{\"@type\":\"SearchAction\",\"target\":{\"@type\":\"EntryPoint\",\"urlTemplate\":\"https:\/\/lasfuentesid.com\/?s={search_term_string}\"},\"query-input\":{\"@type\":\"PropertyValueSpecification\",\"valueRequired\":true,\"valueName\":\"search_term_string\"}}],\"inLanguage\":\"es\"},{\"@type\":\"Organization\",\"@id\":\"https:\/\/lasfuentesid.com\/#organization\",\"name\":\"Iglesia de Dios en Las Fuentes\",\"url\":\"https:\/\/lasfuentesid.com\/\",\"logo\":{\"@type\":\"ImageObject\",\"inLanguage\":\"es\",\"@id\":\"https:\/\/lasfuentesid.com\/#\/schema\/logo\/image\/\",\"url\":\"\",\"contentUrl\":\"\",\"caption\":\"Iglesia de Dios en Las Fuentes\"},\"image\":{\"@id\":\"https:\/\/lasfuentesid.com\/#\/schema\/logo\/image\/\"},\"sameAs\":[\"https:\/\/www.youtube.com\/channel\/UCVMiqC-dmiK24eBW4B3_fow\"]},{\"@type\":\"Person\",\"@id\":\"https:\/\/lasfuentesid.com\/#\/schema\/person\/21b28c53818cffa72b0e27d989f0bca9\",\"name\":\"Hno. Efra\u00edn Lira\",\"url\":\"https:\/\/lasfuentesid.com\/index.php\/author\/efrain\/\"}]}<\/script>\n<!-- \/ Yoast SEO plugin. -->","yoast_head_json":{"title":"Presentaci\u00f3n de la materia de Evangelismo - Las Fuentes ID","description":"Cristo llama a la puerta, y nosotros voluntariamente debemos abrirla e invitarlo a que tome lugar en nuestras vidas. No obstante, nosotros c\u00f3mo podemos advertir a los dem\u00e1s sobre la salvaci\u00f3n de sus almas, o quiz\u00e1s, \u00bfhabr\u00e1 personas que est\u00e9n predestinadas a salvarse y muchas otras m\u00e1s a perderse?","robots":{"index":"index","follow":"follow","max-snippet":"max-snippet:-1","max-image-preview":"max-image-preview:large","max-video-preview":"max-video-preview:-1"},"canonical":"https:\/\/lasfuentesid.com\/index.php\/2021\/04\/26\/presentacion-materia-evangelismo\/","og_locale":"es_ES","og_type":"article","og_title":"Presentaci\u00f3n de la materia de Evangelismo - Las Fuentes ID","og_description":"Cristo llama a la puerta, y nosotros voluntariamente debemos abrirla e invitarlo a que tome lugar en nuestras vidas. No obstante, nosotros c\u00f3mo podemos advertir a los dem\u00e1s sobre la salvaci\u00f3n de sus almas, o quiz\u00e1s, \u00bfhabr\u00e1 personas que est\u00e9n predestinadas a salvarse y muchas otras m\u00e1s a perderse?","og_url":"https:\/\/lasfuentesid.com\/index.php\/2021\/04\/26\/presentacion-materia-evangelismo\/","og_site_name":"Las Fuentes ID","article_published_time":"2021-04-26T19:39:37+00:00","article_modified_time":"2021-04-26T19:39:39+00:00","og_image":[{"width":840,"height":500,"url":"https:\/\/lasfuentesid.com\/wp-content\/uploads\/2021\/04\/Evangelismo_mini.jpg","type":"image\/jpeg"}],"author":"Hno. Efra\u00edn Lira","twitter_card":"summary_large_image","twitter_misc":{"Escrito por":"Hno. Efra\u00edn Lira","Tiempo de lectura":"4 minutos"},"schema":{"@context":"https:\/\/schema.org","@graph":[{"@type":"Article","@id":"https:\/\/lasfuentesid.com\/index.php\/2021\/04\/26\/presentacion-materia-evangelismo\/#article","isPartOf":{"@id":"https:\/\/lasfuentesid.com\/index.php\/2021\/04\/26\/presentacion-materia-evangelismo\/"},"author":{"name":"Hno. Efra\u00edn Lira","@id":"https:\/\/lasfuentesid.com\/#\/schema\/person\/21b28c53818cffa72b0e27d989f0bca9"},"headline":"Presentaci\u00f3n de la materia de Evangelismo","datePublished":"2021-04-26T19:39:37+00:00","dateModified":"2021-04-26T19:39:39+00:00","mainEntityOfPage":{"@id":"https:\/\/lasfuentesid.com\/index.php\/2021\/04\/26\/presentacion-materia-evangelismo\/"},"wordCount":823,"publisher":{"@id":"https:\/\/lasfuentesid.com\/#organization"},"image":{"@id":"https:\/\/lasfuentesid.com\/index.php\/2021\/04\/26\/presentacion-materia-evangelismo\/#primaryimage"},"thumbnailUrl":"https:\/\/lasfuentesid.com\/wp-content\/uploads\/2021\/04\/Evangelismo_mini.jpg","articleSection":["Fraternidad Juvenil"],"inLanguage":"es"},{"@type":"WebPage","@id":"https:\/\/lasfuentesid.com\/index.php\/2021\/04\/26\/presentacion-materia-evangelismo\/","url":"https:\/\/lasfuentesid.com\/index.php\/2021\/04\/26\/presentacion-materia-evangelismo\/","name":"Presentaci\u00f3n de la materia de Evangelismo - Las Fuentes ID","isPartOf":{"@id":"https:\/\/lasfuentesid.com\/#website"},"primaryImageOfPage":{"@id":"https:\/\/lasfuentesid.com\/index.php\/2021\/04\/26\/presentacion-materia-evangelismo\/#primaryimage"},"image":{"@id":"https:\/\/lasfuentesid.com\/index.php\/2021\/04\/26\/presentacion-materia-evangelismo\/#primaryimage"},"thumbnailUrl":"https:\/\/lasfuentesid.com\/wp-content\/uploads\/2021\/04\/Evangelismo_mini.jpg","datePublished":"2021-04-26T19:39:37+00:00","dateModified":"2021-04-26T19:39:39+00:00","description":"Cristo llama a la puerta, y nosotros voluntariamente debemos abrirla e invitarlo a que tome lugar en nuestras vidas. No obstante, nosotros c\u00f3mo podemos advertir a los dem\u00e1s sobre la salvaci\u00f3n de sus almas, o quiz\u00e1s, \u00bfhabr\u00e1 personas que est\u00e9n predestinadas a salvarse y muchas otras m\u00e1s a perderse?","breadcrumb":{"@id":"https:\/\/lasfuentesid.com\/index.php\/2021\/04\/26\/presentacion-materia-evangelismo\/#breadcrumb"},"inLanguage":"es","potentialAction":[{"@type":"ReadAction","target":["https:\/\/lasfuentesid.com\/index.php\/2021\/04\/26\/presentacion-materia-evangelismo\/"]}]},{"@type":"ImageObject","inLanguage":"es","@id":"https:\/\/lasfuentesid.com\/index.php\/2021\/04\/26\/presentacion-materia-evangelismo\/#primaryimage","url":"https:\/\/lasfuentesid.com\/wp-content\/uploads\/2021\/04\/Evangelismo_mini.jpg","contentUrl":"https:\/\/lasfuentesid.com\/wp-content\/uploads\/2021\/04\/Evangelismo_mini.jpg","width":840,"height":500},{"@type":"BreadcrumbList","@id":"https:\/\/lasfuentesid.com\/index.php\/2021\/04\/26\/presentacion-materia-evangelismo\/#breadcrumb","itemListElement":[{"@type":"ListItem","position":1,"name":"Portada","item":"https:\/\/lasfuentesid.com\/"},{"@type":"ListItem","position":2,"name":"Presentaci\u00f3n de la materia de Evangelismo"}]},{"@type":"WebSite","@id":"https:\/\/lasfuentesid.com\/#website","url":"https:\/\/lasfuentesid.com\/","name":"Iglesia de Dios Las Fuentes","description":"Iglesia de Dios en Las Fuentes","publisher":{"@id":"https:\/\/lasfuentesid.com\/#organization"},"potentialAction":[{"@type":"SearchAction","target":{"@type":"EntryPoint","urlTemplate":"https:\/\/lasfuentesid.com\/?s={search_term_string}"},"query-input":{"@type":"PropertyValueSpecification","valueRequired":true,"valueName":"search_term_string"}}],"inLanguage":"es"},{"@type":"Organization","@id":"https:\/\/lasfuentesid.com\/#organization","name":"Iglesia de Dios en Las Fuentes","url":"https:\/\/lasfuentesid.com\/","logo":{"@type":"ImageObject","inLanguage":"es","@id":"https:\/\/lasfuentesid.com\/#\/schema\/logo\/image\/","url":"","contentUrl":"","caption":"Iglesia de Dios en Las Fuentes"},"image":{"@id":"https:\/\/lasfuentesid.com\/#\/schema\/logo\/image\/"},"sameAs":["https:\/\/www.youtube.com\/channel\/UCVMiqC-dmiK24eBW4B3_fow"]},{"@type":"Person","@id":"https:\/\/lasfuentesid.com\/#\/schema\/person\/21b28c53818cffa72b0e27d989f0bca9","name":"Hno. Efra\u00edn Lira","url":"https:\/\/lasfuentesid.com\/index.php\/author\/efrain\/"}]}},"_links":{"self":[{"href":"https:\/\/lasfuentesid.com\/index.php\/wp-json\/wp\/v2\/posts\/3877","targetHints":{"allow":["GET"]}}],"collection":[{"href":"https:\/\/lasfuentesid.com\/index.php\/wp-json\/wp\/v2\/posts"}],"about":[{"href":"https:\/\/lasfuentesid.com\/index.php\/wp-json\/wp\/v2\/types\/post"}],"author":[{"embeddable":true,"href":"https:\/\/lasfuentesid.com\/index.php\/wp-json\/wp\/v2\/users\/11"}],"replies":[{"embeddable":true,"href":"https:\/\/lasfuentesid.com\/index.php\/wp-json\/wp\/v2\/comments?post=3877"}],"version-history":[{"count":6,"href":"https:\/\/lasfuentesid.com\/index.php\/wp-json\/wp\/v2\/posts\/3877\/revisions"}],"predecessor-version":[{"id":3930,"href":"https:\/\/lasfuentesid.com\/index.php\/wp-json\/wp\/v2\/posts\/3877\/revisions\/3930"}],"wp:featuredmedia":[{"embeddable":true,"href":"https:\/\/lasfuentesid.com\/index.php\/wp-json\/wp\/v2\/media\/3879"}],"wp:attachment":[{"href":"https:\/\/lasfuentesid.com\/index.php\/wp-json\/wp\/v2\/media?parent=3877"}],"wp:term":[{"taxonomy":"category","embeddable":true,"href":"https:\/\/lasfuentesid.com\/index.php\/wp-json\/wp\/v2\/categories?post=3877"},{"taxonomy":"post_tag","embeddable":true,"href":"https:\/\/lasfuentesid.com\/index.php\/wp-json\/wp\/v2\/tags?post=3877"}],"curies":[{"name":"wp","href":"https:\/\/api.w.org\/{rel}","templated":true}]}}