{"id":3866,"date":"2021-04-19T04:45:41","date_gmt":"2021-04-19T04:45:41","guid":{"rendered":"https:\/\/lasfuentesid.com\/?p=3866"},"modified":"2021-06-19T22:29:16","modified_gmt":"2021-06-19T22:29:16","slug":"ficha-biblica-noe","status":"publish","type":"post","link":"https:\/\/lasfuentesid.com\/index.php\/2021\/04\/19\/ficha-biblica-noe\/","title":{"rendered":"Ficha B\u00edblica del personaje de No\u00e9"},"content":{"rendered":"\n<p>La Fraternidad Infantil de la Iglesia de Dios en Las Fuentes, participa en las actividades propuestas por el Comit\u00e9 Regional Infantil de la Regi\u00f3n 3 &#8211; Oriente del Estado de M\u00e9xico. El personaje b\u00edblico a estudiar en este mes fue No\u00e9.<\/p>\n\n\n\n<p>Es importante mostrar a los miembros de la Fraternidad Infantil, alternativas desde el punto de vista de la Palabra de nuestro Dios, para que ellos puedan elegir caracter\u00edsticas espirituales de los personajes b\u00edblicos, y las adopten en el desarrollo de su identidad, como miembros de la Iglesia de Dios.<\/p>\n\n\n\n<blockquote class=\"wp-block-quote is-layout-flow wp-block-quote-is-layout-flow\"><p>\u201cY que, desde la ni\u00f1ez, has sabido las Sagradas Escrituras, las cuales te pueden hacer sabio para salud por la fe que es en Cristo Jes\u00fas.\u201d <\/p><cite>2 Timoteo 3:15<\/cite><\/blockquote>\n\n\n\n<p><br>Por eso, ellos deben analizar y conocer las caracter\u00edsticas principales de algunos personajes de la Biblia (Varones y Varonas) que les ayuden a ellos en el correcto desarrollo de su personalidad. Por esa raz\u00f3n, se estar\u00e1 estudiando con base en el relato b\u00edblico un personaje cada mes, de la siguiente manera.<\/p>\n\n\n\n<figure class=\"wp-block-table\"><table class=\"has-fixed-layout\"><tbody><tr><td>Primera semana<\/td><td>Se investigar\u00e1 algunos antecedentes del personaje.<\/td><\/tr><tr><td>Segunda semana<\/td><td>Se analizar\u00e1n sus caracter\u00edsticas f\u00edsicas y espirituales.<\/td><\/tr><tr><td>Tercera semana<\/td><td>Se anotar\u00e1n los hechos m\u00e1s relevantes de la vida del personaje.<\/td><\/tr><tr><td>Cuarta semana<\/td><td>Se mostrar\u00e1 el aprendizaje del personaje en un cuaderno virtual, donde se llevar\u00e1 un seguimiento del desempe\u00f1o individual de cada hermanito y hermanita.<\/td><\/tr><\/tbody><\/table><\/figure>\n\n\n\n<p><br>Este mes nos corresponde estudiar el personaje de No\u00e9, quien construyo un arca enorme para salvar a su familia y a los animales, y as\u00ed como No\u00e9 fue fiel a Dios, nosotros podemos ense\u00f1arles a nuestros hermanitos como podemos ser fieles a Dios.<br><br><\/p>\n\n\n\n<div class=\"wp-block-image\"><figure class=\"aligncenter size-large\"><img fetchpriority=\"high\" decoding=\"async\" width=\"1024\" height=\"724\" src=\"https:\/\/lasfuentesid.com\/wp-content\/uploads\/2021\/04\/FIC_Noe_img1-1024x724.jpg\" alt=\"\" class=\"wp-image-3870\" srcset=\"https:\/\/lasfuentesid.com\/wp-content\/uploads\/2021\/04\/FIC_Noe_img1-1024x724.jpg 1024w, https:\/\/lasfuentesid.com\/wp-content\/uploads\/2021\/04\/FIC_Noe_img1-300x212.jpg 300w, https:\/\/lasfuentesid.com\/wp-content\/uploads\/2021\/04\/FIC_Noe_img1-768x543.jpg 768w, https:\/\/lasfuentesid.com\/wp-content\/uploads\/2021\/04\/FIC_Noe_img1-1536x1087.jpg 1536w, https:\/\/lasfuentesid.com\/wp-content\/uploads\/2021\/04\/FIC_Noe_img1-382x270.jpg 382w, https:\/\/lasfuentesid.com\/wp-content\/uploads\/2021\/04\/FIC_Noe_img1-1320x934.jpg 1320w, https:\/\/lasfuentesid.com\/wp-content\/uploads\/2021\/04\/FIC_Noe_img1.jpg 1600w\" sizes=\"(max-width: 1024px) 100vw, 1024px\" \/><\/figure><\/div>\n\n\n\n<h2 class=\"has-text-align-center wp-block-heading\">Antecedentes del personaje<\/h2>\n\n\n\n<p>El padre de No\u00e9 fue Lamec, y ten\u00eda 182 a\u00f1os cuando naci\u00f3 No\u00e9, lo nombr\u00f3 as\u00ed y dijo:<\/p>\n\n\n\n<blockquote class=\"wp-block-quote is-layout-flow wp-block-quote-is-layout-flow\"><p>\u201cEste nos aliviar\u00e1 de nuestras obras y del trabajo de nuestras manos, a causa de la tierra que Jehov\u00e1 maldijo.\u201d <\/p><cite>G\u00e9nesis 5:29<\/cite><\/blockquote>\n\n\n\n<p><br>El padre de No\u00e9 vivi\u00f3 777 a\u00f1os y muri\u00f3, entonces la gente se empez\u00f3 a multiplicar en la faz de la tierra y con ella su maldad.<\/p>\n\n\n\n<blockquote class=\"wp-block-quote is-layout-flow wp-block-quote-is-layout-flow\"><p>\u201cY vio Jehov\u00e1 que la malicia de los hombres era mucha en la tierra, y que todo designio de los pensamientos del coraz\u00f3n de ellos era de continuo solamente al mal.&#8221; <\/p><cite>G\u00e9nesis 6:5<\/cite><\/blockquote>\n\n\n\n<p><br>Y por esa raz\u00f3n, Dios decidi\u00f3 destruir a toda la humanidad y a los animales de la faz de la tierra.<br><br><\/p>\n\n\n\n<div class=\"wp-block-image\"><figure class=\"aligncenter size-large\"><img decoding=\"async\" width=\"1000\" height=\"1000\" data-src=\"https:\/\/lasfuentesid.com\/wp-content\/uploads\/2021\/04\/FIC_Noe_img2.jpg\" alt=\"\" class=\"wp-image-3871 lazyload\" data-srcset=\"https:\/\/lasfuentesid.com\/wp-content\/uploads\/2021\/04\/FIC_Noe_img2.jpg 1000w, https:\/\/lasfuentesid.com\/wp-content\/uploads\/2021\/04\/FIC_Noe_img2-300x300.jpg 300w, https:\/\/lasfuentesid.com\/wp-content\/uploads\/2021\/04\/FIC_Noe_img2-150x150.jpg 150w, https:\/\/lasfuentesid.com\/wp-content\/uploads\/2021\/04\/FIC_Noe_img2-768x768.jpg 768w, https:\/\/lasfuentesid.com\/wp-content\/uploads\/2021\/04\/FIC_Noe_img2-270x270.jpg 270w, https:\/\/lasfuentesid.com\/wp-content\/uploads\/2021\/04\/FIC_Noe_img2-120x120.jpg 120w, https:\/\/lasfuentesid.com\/wp-content\/uploads\/2021\/04\/FIC_Noe_img2-560x560.jpg 560w\" data-sizes=\"(max-width: 1000px) 100vw, 1000px\" src=\"data:image\/svg+xml;base64,PHN2ZyB3aWR0aD0iMSIgaGVpZ2h0PSIxIiB4bWxucz0iaHR0cDovL3d3dy53My5vcmcvMjAwMC9zdmciPjwvc3ZnPg==\" style=\"--smush-placeholder-width: 1000px; --smush-placeholder-aspect-ratio: 1000\/1000;\" \/><\/figure><\/div>\n\n\n\n<h2 class=\"has-text-align-center wp-block-heading\">Caracter\u00edsticas f\u00edsicas y espirituales<\/h2>\n\n\n\n<p>No\u00e9 fue un var\u00f3n justo y perfecto, camino con Dios, el hall\u00f3 gracia ante Dios. Tuvo 3 hijos llamados Sem, Cham y Japhet. Dios le dijo que hiciera un arca de madera de gopher, con ciertas caracter\u00edsticas, debido a que se aproximaba un diluvio.<\/p>\n\n\n\n<blockquote class=\"wp-block-quote is-layout-flow wp-block-quote-is-layout-flow\"><p>\u201cHe aqu\u00ed que yo traigo un diluvio de aguas sobre la tierra, para destruir toda carne en que haya esp\u00edritu de vida debajo del cielo; todo lo que hay en la tierra morir\u00e1.\u201d <\/p><cite>G\u00e9nesis 6:17<\/cite><\/blockquote>\n\n\n\n<p><br><\/p>\n\n\n\n<div class=\"wp-block-image\"><figure class=\"aligncenter size-large\"><img decoding=\"async\" width=\"1024\" height=\"682\" data-src=\"https:\/\/lasfuentesid.com\/wp-content\/uploads\/2021\/04\/FIC_Noe_img3-1024x682.jpg\" alt=\"\" class=\"wp-image-3872 lazyload\" data-srcset=\"https:\/\/lasfuentesid.com\/wp-content\/uploads\/2021\/04\/FIC_Noe_img3-1024x682.jpg 1024w, https:\/\/lasfuentesid.com\/wp-content\/uploads\/2021\/04\/FIC_Noe_img3-300x200.jpg 300w, https:\/\/lasfuentesid.com\/wp-content\/uploads\/2021\/04\/FIC_Noe_img3-768x511.jpg 768w, https:\/\/lasfuentesid.com\/wp-content\/uploads\/2021\/04\/FIC_Noe_img3-406x270.jpg 406w, https:\/\/lasfuentesid.com\/wp-content\/uploads\/2021\/04\/FIC_Noe_img3.jpg 1280w\" data-sizes=\"(max-width: 1024px) 100vw, 1024px\" src=\"data:image\/svg+xml;base64,PHN2ZyB3aWR0aD0iMSIgaGVpZ2h0PSIxIiB4bWxucz0iaHR0cDovL3d3dy53My5vcmcvMjAwMC9zdmciPjwvc3ZnPg==\" style=\"--smush-placeholder-width: 1024px; --smush-placeholder-aspect-ratio: 1024\/682;\" \/><\/figure><\/div>\n\n\n\n<h2 class=\"has-text-align-center wp-block-heading\">Hechos relevantes<\/h2>\n\n\n\n<p>No\u00e9 ten\u00eda 600 a\u00f1os, cuando fue el diluvio sobre la tierra.<\/p>\n\n\n\n<blockquote class=\"wp-block-quote is-layout-flow wp-block-quote-is-layout-flow\"><p>\u201cY vino No\u00e9 y sus hijos, y su mujer y las mujeres de sus hijos con \u00e9l al arca, por las aguas del diluvio.\u201d <\/p><cite>G\u00e9nesis 7:7<\/cite><\/blockquote>\n\n\n\n<p><br>No\u00e9 y su familia se salvaron, as\u00ed como los animales que entraron tambi\u00e9n al arca. Despu\u00e9s de haber llovido durante 40 d\u00edas y 40 noches, Dios hizo pasar un viento sobre la tierra y disminuyeron las aguas y el arca reposo en los montes de Armenia. No\u00e9 ten\u00eda 601 a\u00f1os, cuando sali\u00f3 \u00e9l y su familia del arca, as\u00ed como todos los animales que hab\u00edan entrado tambi\u00e9n. Ya fuera del arca, No\u00e9 edifico un altar a Dios y ofreci\u00f3 holocausto en el altar.<\/p>\n\n\n\n<blockquote class=\"wp-block-quote is-layout-flow wp-block-quote-is-layout-flow\"><p>\u201cY percibi\u00f3 Jehov\u00e1 olor de suavidad y dijo Jehov\u00e1 en su coraz\u00f3n: No tornar\u00e9 mas a maldecir la tierra por causa del hombre; porque el intento del coraz\u00f3n del hombre es malo desde su juventud: ni volver\u00e9 mas a destruir todo viviente, como he hecho.\u201d <\/p><cite>G\u00e9nesis 8:21<\/cite><\/blockquote>\n\n\n\n<p><br>Dios hizo un pacto con No\u00e9<\/p>\n\n\n\n<blockquote class=\"wp-block-quote is-layout-flow wp-block-quote-is-layout-flow\"><p>\u201cMi arco pondr\u00e9 en las nubes, el cual ser\u00e1 por se\u00f1al de convenio entre m\u00ed y la tierra.\u201d <\/p><cite>Genesis 9:13<\/cite><\/blockquote>\n\n\n\n<p><br><\/p>\n\n\n\n<div class=\"wp-block-image\"><figure class=\"aligncenter size-large\"><img decoding=\"async\" width=\"605\" height=\"318\" data-src=\"https:\/\/lasfuentesid.com\/wp-content\/uploads\/2021\/04\/NinioLeyendoBiblia.jpg\" alt=\"\" class=\"wp-image-3873 lazyload\" data-srcset=\"https:\/\/lasfuentesid.com\/wp-content\/uploads\/2021\/04\/NinioLeyendoBiblia.jpg 605w, https:\/\/lasfuentesid.com\/wp-content\/uploads\/2021\/04\/NinioLeyendoBiblia-300x158.jpg 300w, https:\/\/lasfuentesid.com\/wp-content\/uploads\/2021\/04\/NinioLeyendoBiblia-514x270.jpg 514w\" data-sizes=\"(max-width: 605px) 100vw, 605px\" src=\"data:image\/svg+xml;base64,PHN2ZyB3aWR0aD0iMSIgaGVpZ2h0PSIxIiB4bWxucz0iaHR0cDovL3d3dy53My5vcmcvMjAwMC9zdmciPjwvc3ZnPg==\" style=\"--smush-placeholder-width: 605px; --smush-placeholder-aspect-ratio: 605\/318;\" \/><\/figure><\/div>\n\n\n\n<h2 class=\"has-text-align-center wp-block-heading\">Lecciones aprendidas<\/h2>\n\n\n\n<p>A continuaci\u00f3n, se a\u00f1aden los comentarios de los Padres de nuestros hermanitos, sobre qu\u00e9 podemos aprender del personaje de No\u00e9, y sobre qu\u00e9 les pareci\u00f3 las actividades realizadas en el mes.<\/p>\n\n\n\n<blockquote class=\"wp-block-quote is-layout-flow wp-block-quote-is-layout-flow\"><p>Las actividades me gustaron mucho y son muy did\u00e1cticas. La ense\u00f1anza de No\u00e9 en los ni\u00f1os, deja el saber que, ser obediente a Dios, siempre te ayudar\u00e1.<\/p><\/blockquote>\n\n\n\n<blockquote class=\"wp-block-quote is-layout-flow wp-block-quote-is-layout-flow\"><p>La p\u00e1gina me pareci\u00f3 muy bien, porque los ni\u00f1os siguen aprendiendo m\u00e1s de la Biblia de una forma din\u00e1mica. No\u00e9 fue un hombre que confi\u00f3 en Dios, fue justo, camin\u00f3 con Dios y hall\u00f3 gracia ante los ojos de Jehov\u00e1, no dudando de hacer el arca como Dios le dijo.<\/p><\/blockquote>\n\n\n\n<blockquote class=\"wp-block-quote is-layout-flow wp-block-quote-is-layout-flow\"><p>Muy bien las actividades; hechas para poner en pr\u00e1ctica lo aprendido en las citas b\u00edblicas y que a la vez se lleve el registro del aprovechamiento de las lecciones. No\u00e9, fue un hombre de fe y obediente con Dios; no dudo en hacer la orden que Dios le dio, por eso, \u00e9l hall\u00f3 gracia ante Dios. Esa es la ense\u00f1anza que nos deja este personaje b\u00edblico.<\/p><\/blockquote>\n\n\n\n<p><br><\/p>\n\n\n\n<div class=\"wp-block-image\"><figure class=\"aligncenter size-large is-resized\"><img decoding=\"async\" data-src=\"https:\/\/lasfuentesid.com\/wp-content\/uploads\/2020\/08\/3.png\" alt=\"\" class=\"wp-image-693 lazyload\" width=\"313\" height=\"313\" data-srcset=\"https:\/\/lasfuentesid.com\/wp-content\/uploads\/2020\/08\/3.png 500w, https:\/\/lasfuentesid.com\/wp-content\/uploads\/2020\/08\/3-300x300.png 300w, https:\/\/lasfuentesid.com\/wp-content\/uploads\/2020\/08\/3-150x150.png 150w, https:\/\/lasfuentesid.com\/wp-content\/uploads\/2020\/08\/3-270x270.png 270w\" data-sizes=\"(max-width: 313px) 100vw, 313px\" src=\"data:image\/svg+xml;base64,PHN2ZyB3aWR0aD0iMSIgaGVpZ2h0PSIxIiB4bWxucz0iaHR0cDovL3d3dy53My5vcmcvMjAwMC9zdmciPjwvc3ZnPg==\" style=\"--smush-placeholder-width: 313px; --smush-placeholder-aspect-ratio: 313\/313;\" \/><\/figure><\/div>\n\n\n\n<p><br><\/p>\n","protected":false},"excerpt":{"rendered":"<p>La Fraternidad Infantil de la Iglesia de Dios en Las Fuentes, participa en las actividades propuestas por el Comit\u00e9 Regional Infantil de la Regi\u00f3n 3 &#8211; Oriente del Estado de M\u00e9xico. El personaje b\u00edblico a estudiar en este mes fue No\u00e9.<\/p>\n","protected":false},"author":20,"featured_media":4298,"comment_status":"closed","ping_status":"closed","sticky":false,"template":"","format":"standard","meta":{"_monsterinsights_skip_tracking":false,"_monsterinsights_sitenote_active":false,"_monsterinsights_sitenote_note":"","_monsterinsights_sitenote_category":0,"footnotes":""},"categories":[99],"tags":[],"class_list":["post-3866","post","type-post","status-publish","format-standard","has-post-thumbnail","hentry","category-fraternidad-infantil"],"yoast_head":"<!-- This site is optimized with the Yoast SEO plugin v25.6 - https:\/\/yoast.com\/wordpress\/plugins\/seo\/ -->\n<title>Ficha B\u00edblica del personaje de No\u00e9 - Las Fuentes ID<\/title>\n<meta name=\"description\" content=\"La Fraternidad Infantil de la Iglesia de Dios en Las Fuentes, participa en las actividades propuestas por el Comit\u00e9 Regional Infantil de la Regi\u00f3n 3 - Oriente del Estado de M\u00e9xico. El personaje b\u00edblico a estudiar en este mes fue No\u00e9.\" \/>\n<meta name=\"robots\" content=\"index, follow, max-snippet:-1, max-image-preview:large, max-video-preview:-1\" \/>\n<link rel=\"canonical\" href=\"https:\/\/lasfuentesid.com\/index.php\/2021\/04\/19\/ficha-biblica-noe\/\" \/>\n<meta property=\"og:locale\" content=\"es_ES\" \/>\n<meta property=\"og:type\" content=\"article\" \/>\n<meta property=\"og:title\" content=\"Ficha B\u00edblica del personaje de No\u00e9 - Las Fuentes ID\" \/>\n<meta property=\"og:description\" content=\"La Fraternidad Infantil de la Iglesia de Dios en Las Fuentes, participa en las actividades propuestas por el Comit\u00e9 Regional Infantil de la Regi\u00f3n 3 - Oriente del Estado de M\u00e9xico. El personaje b\u00edblico a estudiar en este mes fue No\u00e9.\" \/>\n<meta property=\"og:url\" content=\"https:\/\/lasfuentesid.com\/index.php\/2021\/04\/19\/ficha-biblica-noe\/\" \/>\n<meta property=\"og:site_name\" content=\"Las Fuentes ID\" \/>\n<meta property=\"article:published_time\" content=\"2021-04-19T04:45:41+00:00\" \/>\n<meta property=\"article:modified_time\" content=\"2021-06-19T22:29:16+00:00\" \/>\n<meta property=\"og:image\" content=\"https:\/\/lasfuentesid.com\/wp-content\/uploads\/2021\/04\/Noe_mini.jpg\" \/>\n\t<meta property=\"og:image:width\" content=\"1200\" \/>\n\t<meta property=\"og:image:height\" content=\"600\" \/>\n\t<meta property=\"og:image:type\" content=\"image\/jpeg\" \/>\n<meta name=\"author\" content=\"Hna. Gloria P\u00e9rez\" \/>\n<meta name=\"twitter:card\" content=\"summary_large_image\" \/>\n<meta name=\"twitter:label1\" content=\"Escrito por\" \/>\n\t<meta name=\"twitter:data1\" content=\"Hna. Gloria P\u00e9rez\" \/>\n\t<meta name=\"twitter:label2\" content=\"Tiempo de lectura\" \/>\n\t<meta name=\"twitter:data2\" content=\"5 minutos\" \/>\n<script type=\"application\/ld+json\" class=\"yoast-schema-graph\">{\"@context\":\"https:\/\/schema.org\",\"@graph\":[{\"@type\":\"Article\",\"@id\":\"https:\/\/lasfuentesid.com\/index.php\/2021\/04\/19\/ficha-biblica-noe\/#article\",\"isPartOf\":{\"@id\":\"https:\/\/lasfuentesid.com\/index.php\/2021\/04\/19\/ficha-biblica-noe\/\"},\"author\":{\"name\":\"Hna. Gloria P\u00e9rez\",\"@id\":\"https:\/\/lasfuentesid.com\/#\/schema\/person\/95e9c97d118fb682e45acc00e8d3be7f\"},\"headline\":\"Ficha B\u00edblica del personaje de No\u00e9\",\"datePublished\":\"2021-04-19T04:45:41+00:00\",\"dateModified\":\"2021-06-19T22:29:16+00:00\",\"mainEntityOfPage\":{\"@id\":\"https:\/\/lasfuentesid.com\/index.php\/2021\/04\/19\/ficha-biblica-noe\/\"},\"wordCount\":894,\"publisher\":{\"@id\":\"https:\/\/lasfuentesid.com\/#organization\"},\"image\":{\"@id\":\"https:\/\/lasfuentesid.com\/index.php\/2021\/04\/19\/ficha-biblica-noe\/#primaryimage\"},\"thumbnailUrl\":\"https:\/\/lasfuentesid.com\/wp-content\/uploads\/2021\/04\/Noe_mini.jpg\",\"articleSection\":[\"Fraternidad Infantil\"],\"inLanguage\":\"es\"},{\"@type\":\"WebPage\",\"@id\":\"https:\/\/lasfuentesid.com\/index.php\/2021\/04\/19\/ficha-biblica-noe\/\",\"url\":\"https:\/\/lasfuentesid.com\/index.php\/2021\/04\/19\/ficha-biblica-noe\/\",\"name\":\"Ficha B\u00edblica del personaje de No\u00e9 - Las Fuentes ID\",\"isPartOf\":{\"@id\":\"https:\/\/lasfuentesid.com\/#website\"},\"primaryImageOfPage\":{\"@id\":\"https:\/\/lasfuentesid.com\/index.php\/2021\/04\/19\/ficha-biblica-noe\/#primaryimage\"},\"image\":{\"@id\":\"https:\/\/lasfuentesid.com\/index.php\/2021\/04\/19\/ficha-biblica-noe\/#primaryimage\"},\"thumbnailUrl\":\"https:\/\/lasfuentesid.com\/wp-content\/uploads\/2021\/04\/Noe_mini.jpg\",\"datePublished\":\"2021-04-19T04:45:41+00:00\",\"dateModified\":\"2021-06-19T22:29:16+00:00\",\"description\":\"La Fraternidad Infantil de la Iglesia de Dios en Las Fuentes, participa en las actividades propuestas por el Comit\u00e9 Regional Infantil de la Regi\u00f3n 3 - Oriente del Estado de M\u00e9xico. El personaje b\u00edblico a estudiar en este mes fue No\u00e9.\",\"breadcrumb\":{\"@id\":\"https:\/\/lasfuentesid.com\/index.php\/2021\/04\/19\/ficha-biblica-noe\/#breadcrumb\"},\"inLanguage\":\"es\",\"potentialAction\":[{\"@type\":\"ReadAction\",\"target\":[\"https:\/\/lasfuentesid.com\/index.php\/2021\/04\/19\/ficha-biblica-noe\/\"]}]},{\"@type\":\"ImageObject\",\"inLanguage\":\"es\",\"@id\":\"https:\/\/lasfuentesid.com\/index.php\/2021\/04\/19\/ficha-biblica-noe\/#primaryimage\",\"url\":\"https:\/\/lasfuentesid.com\/wp-content\/uploads\/2021\/04\/Noe_mini.jpg\",\"contentUrl\":\"https:\/\/lasfuentesid.com\/wp-content\/uploads\/2021\/04\/Noe_mini.jpg\",\"width\":1200,\"height\":600},{\"@type\":\"BreadcrumbList\",\"@id\":\"https:\/\/lasfuentesid.com\/index.php\/2021\/04\/19\/ficha-biblica-noe\/#breadcrumb\",\"itemListElement\":[{\"@type\":\"ListItem\",\"position\":1,\"name\":\"Portada\",\"item\":\"https:\/\/lasfuentesid.com\/\"},{\"@type\":\"ListItem\",\"position\":2,\"name\":\"Ficha B\u00edblica del personaje de No\u00e9\"}]},{\"@type\":\"WebSite\",\"@id\":\"https:\/\/lasfuentesid.com\/#website\",\"url\":\"https:\/\/lasfuentesid.com\/\",\"name\":\"Iglesia de Dios Las Fuentes\",\"description\":\"Iglesia de Dios en Las Fuentes\",\"publisher\":{\"@id\":\"https:\/\/lasfuentesid.com\/#organization\"},\"potentialAction\":[{\"@type\":\"SearchAction\",\"target\":{\"@type\":\"EntryPoint\",\"urlTemplate\":\"https:\/\/lasfuentesid.com\/?s={search_term_string}\"},\"query-input\":{\"@type\":\"PropertyValueSpecification\",\"valueRequired\":true,\"valueName\":\"search_term_string\"}}],\"inLanguage\":\"es\"},{\"@type\":\"Organization\",\"@id\":\"https:\/\/lasfuentesid.com\/#organization\",\"name\":\"Iglesia de Dios en Las Fuentes\",\"url\":\"https:\/\/lasfuentesid.com\/\",\"logo\":{\"@type\":\"ImageObject\",\"inLanguage\":\"es\",\"@id\":\"https:\/\/lasfuentesid.com\/#\/schema\/logo\/image\/\",\"url\":\"\",\"contentUrl\":\"\",\"caption\":\"Iglesia de Dios en Las Fuentes\"},\"image\":{\"@id\":\"https:\/\/lasfuentesid.com\/#\/schema\/logo\/image\/\"},\"sameAs\":[\"https:\/\/www.youtube.com\/channel\/UCVMiqC-dmiK24eBW4B3_fow\"]},{\"@type\":\"Person\",\"@id\":\"https:\/\/lasfuentesid.com\/#\/schema\/person\/95e9c97d118fb682e45acc00e8d3be7f\",\"name\":\"Hna. Gloria P\u00e9rez\",\"url\":\"https:\/\/lasfuentesid.com\/index.php\/author\/gloria\/\"}]}<\/script>\n<!-- \/ Yoast SEO plugin. -->","yoast_head_json":{"title":"Ficha B\u00edblica del personaje de No\u00e9 - Las Fuentes ID","description":"La Fraternidad Infantil de la Iglesia de Dios en Las Fuentes, participa en las actividades propuestas por el Comit\u00e9 Regional Infantil de la Regi\u00f3n 3 - Oriente del Estado de M\u00e9xico. El personaje b\u00edblico a estudiar en este mes fue No\u00e9.","robots":{"index":"index","follow":"follow","max-snippet":"max-snippet:-1","max-image-preview":"max-image-preview:large","max-video-preview":"max-video-preview:-1"},"canonical":"https:\/\/lasfuentesid.com\/index.php\/2021\/04\/19\/ficha-biblica-noe\/","og_locale":"es_ES","og_type":"article","og_title":"Ficha B\u00edblica del personaje de No\u00e9 - Las Fuentes ID","og_description":"La Fraternidad Infantil de la Iglesia de Dios en Las Fuentes, participa en las actividades propuestas por el Comit\u00e9 Regional Infantil de la Regi\u00f3n 3 - Oriente del Estado de M\u00e9xico. El personaje b\u00edblico a estudiar en este mes fue No\u00e9.","og_url":"https:\/\/lasfuentesid.com\/index.php\/2021\/04\/19\/ficha-biblica-noe\/","og_site_name":"Las Fuentes ID","article_published_time":"2021-04-19T04:45:41+00:00","article_modified_time":"2021-06-19T22:29:16+00:00","og_image":[{"width":1200,"height":600,"url":"https:\/\/lasfuentesid.com\/wp-content\/uploads\/2021\/04\/Noe_mini.jpg","type":"image\/jpeg"}],"author":"Hna. Gloria P\u00e9rez","twitter_card":"summary_large_image","twitter_misc":{"Escrito por":"Hna. Gloria P\u00e9rez","Tiempo de lectura":"5 minutos"},"schema":{"@context":"https:\/\/schema.org","@graph":[{"@type":"Article","@id":"https:\/\/lasfuentesid.com\/index.php\/2021\/04\/19\/ficha-biblica-noe\/#article","isPartOf":{"@id":"https:\/\/lasfuentesid.com\/index.php\/2021\/04\/19\/ficha-biblica-noe\/"},"author":{"name":"Hna. Gloria P\u00e9rez","@id":"https:\/\/lasfuentesid.com\/#\/schema\/person\/95e9c97d118fb682e45acc00e8d3be7f"},"headline":"Ficha B\u00edblica del personaje de No\u00e9","datePublished":"2021-04-19T04:45:41+00:00","dateModified":"2021-06-19T22:29:16+00:00","mainEntityOfPage":{"@id":"https:\/\/lasfuentesid.com\/index.php\/2021\/04\/19\/ficha-biblica-noe\/"},"wordCount":894,"publisher":{"@id":"https:\/\/lasfuentesid.com\/#organization"},"image":{"@id":"https:\/\/lasfuentesid.com\/index.php\/2021\/04\/19\/ficha-biblica-noe\/#primaryimage"},"thumbnailUrl":"https:\/\/lasfuentesid.com\/wp-content\/uploads\/2021\/04\/Noe_mini.jpg","articleSection":["Fraternidad Infantil"],"inLanguage":"es"},{"@type":"WebPage","@id":"https:\/\/lasfuentesid.com\/index.php\/2021\/04\/19\/ficha-biblica-noe\/","url":"https:\/\/lasfuentesid.com\/index.php\/2021\/04\/19\/ficha-biblica-noe\/","name":"Ficha B\u00edblica del personaje de No\u00e9 - Las Fuentes ID","isPartOf":{"@id":"https:\/\/lasfuentesid.com\/#website"},"primaryImageOfPage":{"@id":"https:\/\/lasfuentesid.com\/index.php\/2021\/04\/19\/ficha-biblica-noe\/#primaryimage"},"image":{"@id":"https:\/\/lasfuentesid.com\/index.php\/2021\/04\/19\/ficha-biblica-noe\/#primaryimage"},"thumbnailUrl":"https:\/\/lasfuentesid.com\/wp-content\/uploads\/2021\/04\/Noe_mini.jpg","datePublished":"2021-04-19T04:45:41+00:00","dateModified":"2021-06-19T22:29:16+00:00","description":"La Fraternidad Infantil de la Iglesia de Dios en Las Fuentes, participa en las actividades propuestas por el Comit\u00e9 Regional Infantil de la Regi\u00f3n 3 - Oriente del Estado de M\u00e9xico. El personaje b\u00edblico a estudiar en este mes fue No\u00e9.","breadcrumb":{"@id":"https:\/\/lasfuentesid.com\/index.php\/2021\/04\/19\/ficha-biblica-noe\/#breadcrumb"},"inLanguage":"es","potentialAction":[{"@type":"ReadAction","target":["https:\/\/lasfuentesid.com\/index.php\/2021\/04\/19\/ficha-biblica-noe\/"]}]},{"@type":"ImageObject","inLanguage":"es","@id":"https:\/\/lasfuentesid.com\/index.php\/2021\/04\/19\/ficha-biblica-noe\/#primaryimage","url":"https:\/\/lasfuentesid.com\/wp-content\/uploads\/2021\/04\/Noe_mini.jpg","contentUrl":"https:\/\/lasfuentesid.com\/wp-content\/uploads\/2021\/04\/Noe_mini.jpg","width":1200,"height":600},{"@type":"BreadcrumbList","@id":"https:\/\/lasfuentesid.com\/index.php\/2021\/04\/19\/ficha-biblica-noe\/#breadcrumb","itemListElement":[{"@type":"ListItem","position":1,"name":"Portada","item":"https:\/\/lasfuentesid.com\/"},{"@type":"ListItem","position":2,"name":"Ficha B\u00edblica del personaje de No\u00e9"}]},{"@type":"WebSite","@id":"https:\/\/lasfuentesid.com\/#website","url":"https:\/\/lasfuentesid.com\/","name":"Iglesia de Dios Las Fuentes","description":"Iglesia de Dios en Las Fuentes","publisher":{"@id":"https:\/\/lasfuentesid.com\/#organization"},"potentialAction":[{"@type":"SearchAction","target":{"@type":"EntryPoint","urlTemplate":"https:\/\/lasfuentesid.com\/?s={search_term_string}"},"query-input":{"@type":"PropertyValueSpecification","valueRequired":true,"valueName":"search_term_string"}}],"inLanguage":"es"},{"@type":"Organization","@id":"https:\/\/lasfuentesid.com\/#organization","name":"Iglesia de Dios en Las Fuentes","url":"https:\/\/lasfuentesid.com\/","logo":{"@type":"ImageObject","inLanguage":"es","@id":"https:\/\/lasfuentesid.com\/#\/schema\/logo\/image\/","url":"","contentUrl":"","caption":"Iglesia de Dios en Las Fuentes"},"image":{"@id":"https:\/\/lasfuentesid.com\/#\/schema\/logo\/image\/"},"sameAs":["https:\/\/www.youtube.com\/channel\/UCVMiqC-dmiK24eBW4B3_fow"]},{"@type":"Person","@id":"https:\/\/lasfuentesid.com\/#\/schema\/person\/95e9c97d118fb682e45acc00e8d3be7f","name":"Hna. Gloria P\u00e9rez","url":"https:\/\/lasfuentesid.com\/index.php\/author\/gloria\/"}]}},"_links":{"self":[{"href":"https:\/\/lasfuentesid.com\/index.php\/wp-json\/wp\/v2\/posts\/3866","targetHints":{"allow":["GET"]}}],"collection":[{"href":"https:\/\/lasfuentesid.com\/index.php\/wp-json\/wp\/v2\/posts"}],"about":[{"href":"https:\/\/lasfuentesid.com\/index.php\/wp-json\/wp\/v2\/types\/post"}],"author":[{"embeddable":true,"href":"https:\/\/lasfuentesid.com\/index.php\/wp-json\/wp\/v2\/users\/20"}],"replies":[{"embeddable":true,"href":"https:\/\/lasfuentesid.com\/index.php\/wp-json\/wp\/v2\/comments?post=3866"}],"version-history":[{"count":5,"href":"https:\/\/lasfuentesid.com\/index.php\/wp-json\/wp\/v2\/posts\/3866\/revisions"}],"predecessor-version":[{"id":3942,"href":"https:\/\/lasfuentesid.com\/index.php\/wp-json\/wp\/v2\/posts\/3866\/revisions\/3942"}],"wp:featuredmedia":[{"embeddable":true,"href":"https:\/\/lasfuentesid.com\/index.php\/wp-json\/wp\/v2\/media\/4298"}],"wp:attachment":[{"href":"https:\/\/lasfuentesid.com\/index.php\/wp-json\/wp\/v2\/media?parent=3866"}],"wp:term":[{"taxonomy":"category","embeddable":true,"href":"https:\/\/lasfuentesid.com\/index.php\/wp-json\/wp\/v2\/categories?post=3866"},{"taxonomy":"post_tag","embeddable":true,"href":"https:\/\/lasfuentesid.com\/index.php\/wp-json\/wp\/v2\/tags?post=3866"}],"curies":[{"name":"wp","href":"https:\/\/api.w.org\/{rel}","templated":true}]}}