{"id":3252,"date":"2020-07-25T23:24:00","date_gmt":"2020-07-25T23:24:00","guid":{"rendered":"https:\/\/lasfuentesid.com\/?p=3252"},"modified":"2023-03-27T01:39:57","modified_gmt":"2023-03-27T01:39:57","slug":"persecucion-en-el-tiempo","status":"publish","type":"post","link":"https:\/\/lasfuentesid.com\/index.php\/2020\/07\/25\/persecucion-en-el-tiempo\/","title":{"rendered":"La persecuci\u00f3n en el tiempo de nuestro Se\u00f1or Jesucristo"},"content":{"rendered":"\t\t<div data-elementor-type=\"wp-post\" data-elementor-id=\"3252\" class=\"elementor elementor-3252\">\n\t\t\t\t\t\t<section class=\"elementor-section elementor-top-section elementor-element elementor-element-7614493 elementor-section-boxed elementor-section-height-default elementor-section-height-default\" data-id=\"7614493\" data-element_type=\"section\">\n\t\t\t\t\t\t<div class=\"elementor-container elementor-column-gap-default\">\n\t\t\t\t\t<div class=\"elementor-column elementor-col-100 elementor-top-column elementor-element elementor-element-7b0af65\" data-id=\"7b0af65\" data-element_type=\"column\">\n\t\t\t<div class=\"elementor-widget-wrap elementor-element-populated\">\n\t\t\t\t\t\t<div class=\"elementor-element elementor-element-ace5371 elementor-widget elementor-widget-spacer\" data-id=\"ace5371\" data-element_type=\"widget\" data-widget_type=\"spacer.default\">\n\t\t\t\t<div class=\"elementor-widget-container\">\n\t\t\t\t\t\t\t<div class=\"elementor-spacer\">\n\t\t\t<div class=\"elementor-spacer-inner\"><\/div>\n\t\t<\/div>\n\t\t\t\t\t\t<\/div>\n\t\t\t\t<\/div>\n\t\t\t\t\t<\/div>\n\t\t<\/div>\n\t\t\t\t\t<\/div>\n\t\t<\/section>\n\t\t\t\t<section class=\"elementor-section elementor-top-section elementor-element elementor-element-b2826d9 elementor-section-boxed elementor-section-height-default elementor-section-height-default\" data-id=\"b2826d9\" data-element_type=\"section\">\n\t\t\t\t\t\t<div class=\"elementor-container elementor-column-gap-default\">\n\t\t\t\t\t<div class=\"elementor-column elementor-col-100 elementor-top-column elementor-element elementor-element-01da243\" data-id=\"01da243\" data-element_type=\"column\">\n\t\t\t<div class=\"elementor-widget-wrap elementor-element-populated\">\n\t\t\t\t\t\t<div class=\"elementor-element elementor-element-a16a5e2 elementor-widget elementor-widget-video\" data-id=\"a16a5e2\" data-element_type=\"widget\" data-settings=\"{&quot;youtube_url&quot;:&quot;https:\\\/\\\/youtu.be\\\/S8XBIsziooc&quot;,&quot;video_type&quot;:&quot;youtube&quot;,&quot;controls&quot;:&quot;yes&quot;}\" data-widget_type=\"video.default\">\n\t\t\t\t<div class=\"elementor-widget-container\">\n\t\t\t\t\t\t\t<div class=\"elementor-wrapper elementor-open-inline\">\n\t\t\t<div class=\"elementor-video\"><\/div>\t\t<\/div>\n\t\t\t\t\t\t<\/div>\n\t\t\t\t<\/div>\n\t\t\t\t\t<\/div>\n\t\t<\/div>\n\t\t\t\t\t<\/div>\n\t\t<\/section>\n\t\t\t\t<section class=\"elementor-section elementor-top-section elementor-element elementor-element-d87b44f elementor-section-boxed elementor-section-height-default elementor-section-height-default\" data-id=\"d87b44f\" data-element_type=\"section\">\n\t\t\t\t\t\t<div class=\"elementor-container elementor-column-gap-default\">\n\t\t\t\t\t<div class=\"elementor-column elementor-col-100 elementor-top-column elementor-element elementor-element-325cf49\" data-id=\"325cf49\" data-element_type=\"column\">\n\t\t\t<div class=\"elementor-widget-wrap elementor-element-populated\">\n\t\t\t\t\t\t<div class=\"elementor-element elementor-element-23fcb99 elementor-widget elementor-widget-spacer\" data-id=\"23fcb99\" data-element_type=\"widget\" data-widget_type=\"spacer.default\">\n\t\t\t\t<div class=\"elementor-widget-container\">\n\t\t\t\t\t\t\t<div class=\"elementor-spacer\">\n\t\t\t<div class=\"elementor-spacer-inner\"><\/div>\n\t\t<\/div>\n\t\t\t\t\t\t<\/div>\n\t\t\t\t<\/div>\n\t\t\t\t\t<\/div>\n\t\t<\/div>\n\t\t\t\t\t<\/div>\n\t\t<\/section>\n\t\t\t\t<\/div>\n\t\t","protected":false},"excerpt":{"rendered":"<p>En el tiempo de nuestro Se\u00f1or Jesucristo cada milagro que \u00e9l hac\u00eda , sanar paral\u00edticos, curar ciegos y restaurar al conjo, siempre lo persegu\u00edan, pero el jamas el prop\u00f3sito que \u00e9l ten\u00eda, cuando el Apostol Pablo persigui\u00f3 a la iglesia, los pon\u00eda en la c\u00e1rcel o los mataba, aunque sabemos que el se convierte \u00e9l tambi\u00e9n pasa por lo mismo de ser perseguido, y en nuestros d\u00edas tendremos que sufrir la misma situaci\u00f3n por eso hay que fortalecer  nuestro esp\u00edritu en la palabra de Dios para cuando vengan los tiempos peligrosos y las pruebas se acerquen nuestra fe no decaiga.<\/p>\n","protected":false},"author":23,"featured_media":3254,"comment_status":"closed","ping_status":"closed","sticky":false,"template":"","format":"video","meta":{"_monsterinsights_skip_tracking":false,"_monsterinsights_sitenote_active":false,"_monsterinsights_sitenote_note":"","_monsterinsights_sitenote_category":0,"footnotes":""},"categories":[1099],"tags":[],"class_list":["post-3252","post","type-post","status-publish","format-video","has-post-thumbnail","hentry","category-videos","post_format-post-format-video"],"yoast_head":"<!-- This site is optimized with the Yoast SEO plugin v25.6 - https:\/\/yoast.com\/wordpress\/plugins\/seo\/ -->\n<title>La persecuci\u00f3n en el tiempo de nuestro Se\u00f1or Jesucristo - Las Fuentes ID<\/title>\n<meta name=\"description\" content=\"En el tiempo de nuestro Se\u00f1or Jesucristo cada milagro que \u00e9l hac\u00eda , sanar paral\u00edticos, curar ciegos y restaurar al conjo, siempre lo persegu\u00edan, pero el jamas el prop\u00f3sito que \u00e9l ten\u00eda, cuando el Apostol Pablo persigui\u00f3 a la iglesia, los pon\u00eda en la c\u00e1rcel o los mataba, aunque sabemos que el se convierte \u00e9l tambi\u00e9n pasa por lo mismo de ser perseguido, y en nuestros d\u00edas tendremos que sufrir la misma situaci\u00f3n por eso hay que fortalecer nuestro esp\u00edritu en la palabra de Dios para cuando vengan los tiempos peligrosos y las pruebas se acerquen nuestra fe no decaiga.\" \/>\n<meta name=\"robots\" content=\"index, follow, max-snippet:-1, max-image-preview:large, max-video-preview:-1\" \/>\n<link rel=\"canonical\" href=\"https:\/\/lasfuentesid.com\/index.php\/2020\/07\/25\/persecucion-en-el-tiempo\/\" \/>\n<meta property=\"og:locale\" content=\"es_ES\" \/>\n<meta property=\"og:type\" content=\"article\" \/>\n<meta property=\"og:title\" content=\"La persecuci\u00f3n en el tiempo de nuestro Se\u00f1or Jesucristo - Las Fuentes ID\" \/>\n<meta property=\"og:description\" content=\"En el tiempo de nuestro Se\u00f1or Jesucristo cada milagro que \u00e9l hac\u00eda , sanar paral\u00edticos, curar ciegos y restaurar al conjo, siempre lo persegu\u00edan, pero el jamas el prop\u00f3sito que \u00e9l ten\u00eda, cuando el Apostol Pablo persigui\u00f3 a la iglesia, los pon\u00eda en la c\u00e1rcel o los mataba, aunque sabemos que el se convierte \u00e9l tambi\u00e9n pasa por lo mismo de ser perseguido, y en nuestros d\u00edas tendremos que sufrir la misma situaci\u00f3n por eso hay que fortalecer nuestro esp\u00edritu en la palabra de Dios para cuando vengan los tiempos peligrosos y las pruebas se acerquen nuestra fe no decaiga.\" \/>\n<meta property=\"og:url\" content=\"https:\/\/lasfuentesid.com\/index.php\/2020\/07\/25\/persecucion-en-el-tiempo\/\" \/>\n<meta property=\"og:site_name\" content=\"Las Fuentes ID\" \/>\n<meta property=\"article:published_time\" content=\"2020-07-25T23:24:00+00:00\" \/>\n<meta property=\"article:modified_time\" content=\"2023-03-27T01:39:57+00:00\" \/>\n<meta property=\"og:image\" content=\"https:\/\/lasfuentesid.com\/wp-content\/uploads\/2020\/07\/La-persecucion_mini.jpg\" \/>\n\t<meta property=\"og:image:width\" content=\"1280\" \/>\n\t<meta property=\"og:image:height\" content=\"720\" \/>\n\t<meta property=\"og:image:type\" content=\"image\/jpeg\" \/>\n<meta name=\"author\" content=\"Min. Espiridion Estrada\" \/>\n<meta name=\"twitter:card\" content=\"summary_large_image\" \/>\n<meta name=\"twitter:label1\" content=\"Escrito por\" \/>\n\t<meta name=\"twitter:data1\" content=\"Min. Espiridion Estrada\" \/>\n\t<meta name=\"twitter:label2\" content=\"Tiempo de lectura\" \/>\n\t<meta name=\"twitter:data2\" content=\"1 minuto\" \/>\n<script type=\"application\/ld+json\" class=\"yoast-schema-graph\">{\"@context\":\"https:\/\/schema.org\",\"@graph\":[{\"@type\":\"Article\",\"@id\":\"https:\/\/lasfuentesid.com\/index.php\/2020\/07\/25\/persecucion-en-el-tiempo\/#article\",\"isPartOf\":{\"@id\":\"https:\/\/lasfuentesid.com\/index.php\/2020\/07\/25\/persecucion-en-el-tiempo\/\"},\"author\":{\"name\":\"Min. Espiridion Estrada\",\"@id\":\"https:\/\/lasfuentesid.com\/#\/schema\/person\/9b3d4fe1f965fd7211ae5d81d5f338e5\"},\"headline\":\"La persecuci\u00f3n en el tiempo de nuestro Se\u00f1or Jesucristo\",\"datePublished\":\"2020-07-25T23:24:00+00:00\",\"dateModified\":\"2023-03-27T01:39:57+00:00\",\"mainEntityOfPage\":{\"@id\":\"https:\/\/lasfuentesid.com\/index.php\/2020\/07\/25\/persecucion-en-el-tiempo\/\"},\"wordCount\":16,\"publisher\":{\"@id\":\"https:\/\/lasfuentesid.com\/#organization\"},\"image\":{\"@id\":\"https:\/\/lasfuentesid.com\/index.php\/2020\/07\/25\/persecucion-en-el-tiempo\/#primaryimage\"},\"thumbnailUrl\":\"https:\/\/lasfuentesid.com\/wp-content\/uploads\/2020\/07\/La-persecucion_mini.jpg\",\"articleSection\":[\"V\u00eddeos\"],\"inLanguage\":\"es\"},{\"@type\":\"WebPage\",\"@id\":\"https:\/\/lasfuentesid.com\/index.php\/2020\/07\/25\/persecucion-en-el-tiempo\/\",\"url\":\"https:\/\/lasfuentesid.com\/index.php\/2020\/07\/25\/persecucion-en-el-tiempo\/\",\"name\":\"La persecuci\u00f3n en el tiempo de nuestro Se\u00f1or Jesucristo - Las Fuentes ID\",\"isPartOf\":{\"@id\":\"https:\/\/lasfuentesid.com\/#website\"},\"primaryImageOfPage\":{\"@id\":\"https:\/\/lasfuentesid.com\/index.php\/2020\/07\/25\/persecucion-en-el-tiempo\/#primaryimage\"},\"image\":{\"@id\":\"https:\/\/lasfuentesid.com\/index.php\/2020\/07\/25\/persecucion-en-el-tiempo\/#primaryimage\"},\"thumbnailUrl\":\"https:\/\/lasfuentesid.com\/wp-content\/uploads\/2020\/07\/La-persecucion_mini.jpg\",\"datePublished\":\"2020-07-25T23:24:00+00:00\",\"dateModified\":\"2023-03-27T01:39:57+00:00\",\"description\":\"En el tiempo de nuestro Se\u00f1or Jesucristo cada milagro que \u00e9l hac\u00eda , sanar paral\u00edticos, curar ciegos y restaurar al conjo, siempre lo persegu\u00edan, pero el jamas el prop\u00f3sito que \u00e9l ten\u00eda, cuando el Apostol Pablo persigui\u00f3 a la iglesia, los pon\u00eda en la c\u00e1rcel o los mataba, aunque sabemos que el se convierte \u00e9l tambi\u00e9n pasa por lo mismo de ser perseguido, y en nuestros d\u00edas tendremos que sufrir la misma situaci\u00f3n por eso hay que fortalecer nuestro esp\u00edritu en la palabra de Dios para cuando vengan los tiempos peligrosos y las pruebas se acerquen nuestra fe no decaiga.\",\"breadcrumb\":{\"@id\":\"https:\/\/lasfuentesid.com\/index.php\/2020\/07\/25\/persecucion-en-el-tiempo\/#breadcrumb\"},\"inLanguage\":\"es\",\"potentialAction\":[{\"@type\":\"ReadAction\",\"target\":[\"https:\/\/lasfuentesid.com\/index.php\/2020\/07\/25\/persecucion-en-el-tiempo\/\"]}]},{\"@type\":\"ImageObject\",\"inLanguage\":\"es\",\"@id\":\"https:\/\/lasfuentesid.com\/index.php\/2020\/07\/25\/persecucion-en-el-tiempo\/#primaryimage\",\"url\":\"https:\/\/lasfuentesid.com\/wp-content\/uploads\/2020\/07\/La-persecucion_mini.jpg\",\"contentUrl\":\"https:\/\/lasfuentesid.com\/wp-content\/uploads\/2020\/07\/La-persecucion_mini.jpg\",\"width\":1280,\"height\":720},{\"@type\":\"BreadcrumbList\",\"@id\":\"https:\/\/lasfuentesid.com\/index.php\/2020\/07\/25\/persecucion-en-el-tiempo\/#breadcrumb\",\"itemListElement\":[{\"@type\":\"ListItem\",\"position\":1,\"name\":\"Portada\",\"item\":\"https:\/\/lasfuentesid.com\/\"},{\"@type\":\"ListItem\",\"position\":2,\"name\":\"La persecuci\u00f3n en el tiempo de nuestro Se\u00f1or Jesucristo\"}]},{\"@type\":\"WebSite\",\"@id\":\"https:\/\/lasfuentesid.com\/#website\",\"url\":\"https:\/\/lasfuentesid.com\/\",\"name\":\"Iglesia de Dios Las Fuentes\",\"description\":\"Iglesia de Dios en Las Fuentes\",\"publisher\":{\"@id\":\"https:\/\/lasfuentesid.com\/#organization\"},\"potentialAction\":[{\"@type\":\"SearchAction\",\"target\":{\"@type\":\"EntryPoint\",\"urlTemplate\":\"https:\/\/lasfuentesid.com\/?s={search_term_string}\"},\"query-input\":{\"@type\":\"PropertyValueSpecification\",\"valueRequired\":true,\"valueName\":\"search_term_string\"}}],\"inLanguage\":\"es\"},{\"@type\":\"Organization\",\"@id\":\"https:\/\/lasfuentesid.com\/#organization\",\"name\":\"Iglesia de Dios en Las Fuentes\",\"url\":\"https:\/\/lasfuentesid.com\/\",\"logo\":{\"@type\":\"ImageObject\",\"inLanguage\":\"es\",\"@id\":\"https:\/\/lasfuentesid.com\/#\/schema\/logo\/image\/\",\"url\":\"\",\"contentUrl\":\"\",\"caption\":\"Iglesia de Dios en Las Fuentes\"},\"image\":{\"@id\":\"https:\/\/lasfuentesid.com\/#\/schema\/logo\/image\/\"},\"sameAs\":[\"https:\/\/www.youtube.com\/channel\/UCVMiqC-dmiK24eBW4B3_fow\"]},{\"@type\":\"Person\",\"@id\":\"https:\/\/lasfuentesid.com\/#\/schema\/person\/9b3d4fe1f965fd7211ae5d81d5f338e5\",\"name\":\"Min. Espiridion Estrada\",\"url\":\"https:\/\/lasfuentesid.com\/index.php\/author\/espiridion\/\"}]}<\/script>\n<!-- \/ Yoast SEO plugin. -->","yoast_head_json":{"title":"La persecuci\u00f3n en el tiempo de nuestro Se\u00f1or Jesucristo - Las Fuentes ID","description":"En el tiempo de nuestro Se\u00f1or Jesucristo cada milagro que \u00e9l hac\u00eda , sanar paral\u00edticos, curar ciegos y restaurar al conjo, siempre lo persegu\u00edan, pero el jamas el prop\u00f3sito que \u00e9l ten\u00eda, cuando el Apostol Pablo persigui\u00f3 a la iglesia, los pon\u00eda en la c\u00e1rcel o los mataba, aunque sabemos que el se convierte \u00e9l tambi\u00e9n pasa por lo mismo de ser perseguido, y en nuestros d\u00edas tendremos que sufrir la misma situaci\u00f3n por eso hay que fortalecer nuestro esp\u00edritu en la palabra de Dios para cuando vengan los tiempos peligrosos y las pruebas se acerquen nuestra fe no decaiga.","robots":{"index":"index","follow":"follow","max-snippet":"max-snippet:-1","max-image-preview":"max-image-preview:large","max-video-preview":"max-video-preview:-1"},"canonical":"https:\/\/lasfuentesid.com\/index.php\/2020\/07\/25\/persecucion-en-el-tiempo\/","og_locale":"es_ES","og_type":"article","og_title":"La persecuci\u00f3n en el tiempo de nuestro Se\u00f1or Jesucristo - Las Fuentes ID","og_description":"En el tiempo de nuestro Se\u00f1or Jesucristo cada milagro que \u00e9l hac\u00eda , sanar paral\u00edticos, curar ciegos y restaurar al conjo, siempre lo persegu\u00edan, pero el jamas el prop\u00f3sito que \u00e9l ten\u00eda, cuando el Apostol Pablo persigui\u00f3 a la iglesia, los pon\u00eda en la c\u00e1rcel o los mataba, aunque sabemos que el se convierte \u00e9l tambi\u00e9n pasa por lo mismo de ser perseguido, y en nuestros d\u00edas tendremos que sufrir la misma situaci\u00f3n por eso hay que fortalecer nuestro esp\u00edritu en la palabra de Dios para cuando vengan los tiempos peligrosos y las pruebas se acerquen nuestra fe no decaiga.","og_url":"https:\/\/lasfuentesid.com\/index.php\/2020\/07\/25\/persecucion-en-el-tiempo\/","og_site_name":"Las Fuentes ID","article_published_time":"2020-07-25T23:24:00+00:00","article_modified_time":"2023-03-27T01:39:57+00:00","og_image":[{"width":1280,"height":720,"url":"https:\/\/lasfuentesid.com\/wp-content\/uploads\/2020\/07\/La-persecucion_mini.jpg","type":"image\/jpeg"}],"author":"Min. Espiridion Estrada","twitter_card":"summary_large_image","twitter_misc":{"Escrito por":"Min. Espiridion Estrada","Tiempo de lectura":"1 minuto"},"schema":{"@context":"https:\/\/schema.org","@graph":[{"@type":"Article","@id":"https:\/\/lasfuentesid.com\/index.php\/2020\/07\/25\/persecucion-en-el-tiempo\/#article","isPartOf":{"@id":"https:\/\/lasfuentesid.com\/index.php\/2020\/07\/25\/persecucion-en-el-tiempo\/"},"author":{"name":"Min. Espiridion Estrada","@id":"https:\/\/lasfuentesid.com\/#\/schema\/person\/9b3d4fe1f965fd7211ae5d81d5f338e5"},"headline":"La persecuci\u00f3n en el tiempo de nuestro Se\u00f1or Jesucristo","datePublished":"2020-07-25T23:24:00+00:00","dateModified":"2023-03-27T01:39:57+00:00","mainEntityOfPage":{"@id":"https:\/\/lasfuentesid.com\/index.php\/2020\/07\/25\/persecucion-en-el-tiempo\/"},"wordCount":16,"publisher":{"@id":"https:\/\/lasfuentesid.com\/#organization"},"image":{"@id":"https:\/\/lasfuentesid.com\/index.php\/2020\/07\/25\/persecucion-en-el-tiempo\/#primaryimage"},"thumbnailUrl":"https:\/\/lasfuentesid.com\/wp-content\/uploads\/2020\/07\/La-persecucion_mini.jpg","articleSection":["V\u00eddeos"],"inLanguage":"es"},{"@type":"WebPage","@id":"https:\/\/lasfuentesid.com\/index.php\/2020\/07\/25\/persecucion-en-el-tiempo\/","url":"https:\/\/lasfuentesid.com\/index.php\/2020\/07\/25\/persecucion-en-el-tiempo\/","name":"La persecuci\u00f3n en el tiempo de nuestro Se\u00f1or Jesucristo - Las Fuentes ID","isPartOf":{"@id":"https:\/\/lasfuentesid.com\/#website"},"primaryImageOfPage":{"@id":"https:\/\/lasfuentesid.com\/index.php\/2020\/07\/25\/persecucion-en-el-tiempo\/#primaryimage"},"image":{"@id":"https:\/\/lasfuentesid.com\/index.php\/2020\/07\/25\/persecucion-en-el-tiempo\/#primaryimage"},"thumbnailUrl":"https:\/\/lasfuentesid.com\/wp-content\/uploads\/2020\/07\/La-persecucion_mini.jpg","datePublished":"2020-07-25T23:24:00+00:00","dateModified":"2023-03-27T01:39:57+00:00","description":"En el tiempo de nuestro Se\u00f1or Jesucristo cada milagro que \u00e9l hac\u00eda , sanar paral\u00edticos, curar ciegos y restaurar al conjo, siempre lo persegu\u00edan, pero el jamas el prop\u00f3sito que \u00e9l ten\u00eda, cuando el Apostol Pablo persigui\u00f3 a la iglesia, los pon\u00eda en la c\u00e1rcel o los mataba, aunque sabemos que el se convierte \u00e9l tambi\u00e9n pasa por lo mismo de ser perseguido, y en nuestros d\u00edas tendremos que sufrir la misma situaci\u00f3n por eso hay que fortalecer nuestro esp\u00edritu en la palabra de Dios para cuando vengan los tiempos peligrosos y las pruebas se acerquen nuestra fe no decaiga.","breadcrumb":{"@id":"https:\/\/lasfuentesid.com\/index.php\/2020\/07\/25\/persecucion-en-el-tiempo\/#breadcrumb"},"inLanguage":"es","potentialAction":[{"@type":"ReadAction","target":["https:\/\/lasfuentesid.com\/index.php\/2020\/07\/25\/persecucion-en-el-tiempo\/"]}]},{"@type":"ImageObject","inLanguage":"es","@id":"https:\/\/lasfuentesid.com\/index.php\/2020\/07\/25\/persecucion-en-el-tiempo\/#primaryimage","url":"https:\/\/lasfuentesid.com\/wp-content\/uploads\/2020\/07\/La-persecucion_mini.jpg","contentUrl":"https:\/\/lasfuentesid.com\/wp-content\/uploads\/2020\/07\/La-persecucion_mini.jpg","width":1280,"height":720},{"@type":"BreadcrumbList","@id":"https:\/\/lasfuentesid.com\/index.php\/2020\/07\/25\/persecucion-en-el-tiempo\/#breadcrumb","itemListElement":[{"@type":"ListItem","position":1,"name":"Portada","item":"https:\/\/lasfuentesid.com\/"},{"@type":"ListItem","position":2,"name":"La persecuci\u00f3n en el tiempo de nuestro Se\u00f1or Jesucristo"}]},{"@type":"WebSite","@id":"https:\/\/lasfuentesid.com\/#website","url":"https:\/\/lasfuentesid.com\/","name":"Iglesia de Dios Las Fuentes","description":"Iglesia de Dios en Las Fuentes","publisher":{"@id":"https:\/\/lasfuentesid.com\/#organization"},"potentialAction":[{"@type":"SearchAction","target":{"@type":"EntryPoint","urlTemplate":"https:\/\/lasfuentesid.com\/?s={search_term_string}"},"query-input":{"@type":"PropertyValueSpecification","valueRequired":true,"valueName":"search_term_string"}}],"inLanguage":"es"},{"@type":"Organization","@id":"https:\/\/lasfuentesid.com\/#organization","name":"Iglesia de Dios en Las Fuentes","url":"https:\/\/lasfuentesid.com\/","logo":{"@type":"ImageObject","inLanguage":"es","@id":"https:\/\/lasfuentesid.com\/#\/schema\/logo\/image\/","url":"","contentUrl":"","caption":"Iglesia de Dios en Las Fuentes"},"image":{"@id":"https:\/\/lasfuentesid.com\/#\/schema\/logo\/image\/"},"sameAs":["https:\/\/www.youtube.com\/channel\/UCVMiqC-dmiK24eBW4B3_fow"]},{"@type":"Person","@id":"https:\/\/lasfuentesid.com\/#\/schema\/person\/9b3d4fe1f965fd7211ae5d81d5f338e5","name":"Min. Espiridion Estrada","url":"https:\/\/lasfuentesid.com\/index.php\/author\/espiridion\/"}]}},"_links":{"self":[{"href":"https:\/\/lasfuentesid.com\/index.php\/wp-json\/wp\/v2\/posts\/3252","targetHints":{"allow":["GET"]}}],"collection":[{"href":"https:\/\/lasfuentesid.com\/index.php\/wp-json\/wp\/v2\/posts"}],"about":[{"href":"https:\/\/lasfuentesid.com\/index.php\/wp-json\/wp\/v2\/types\/post"}],"author":[{"embeddable":true,"href":"https:\/\/lasfuentesid.com\/index.php\/wp-json\/wp\/v2\/users\/23"}],"replies":[{"embeddable":true,"href":"https:\/\/lasfuentesid.com\/index.php\/wp-json\/wp\/v2\/comments?post=3252"}],"version-history":[{"count":6,"href":"https:\/\/lasfuentesid.com\/index.php\/wp-json\/wp\/v2\/posts\/3252\/revisions"}],"predecessor-version":[{"id":3260,"href":"https:\/\/lasfuentesid.com\/index.php\/wp-json\/wp\/v2\/posts\/3252\/revisions\/3260"}],"wp:featuredmedia":[{"embeddable":true,"href":"https:\/\/lasfuentesid.com\/index.php\/wp-json\/wp\/v2\/media\/3254"}],"wp:attachment":[{"href":"https:\/\/lasfuentesid.com\/index.php\/wp-json\/wp\/v2\/media?parent=3252"}],"wp:term":[{"taxonomy":"category","embeddable":true,"href":"https:\/\/lasfuentesid.com\/index.php\/wp-json\/wp\/v2\/categories?post=3252"},{"taxonomy":"post_tag","embeddable":true,"href":"https:\/\/lasfuentesid.com\/index.php\/wp-json\/wp\/v2\/tags?post=3252"}],"curies":[{"name":"wp","href":"https:\/\/api.w.org\/{rel}","templated":true}]}}